{"id":103250,"date":"2019-12-01T18:33:00","date_gmt":"2019-12-01T21:33:00","guid":{"rendered":"http:\/\/www.hoymercedes.com.ar\/principal\/?p=103250"},"modified":"2019-12-01T17:36:44","modified_gmt":"2019-12-01T20:36:44","slug":"se-vivio-una-gran-fiesta-del-rio","status":"publish","type":"post","link":"https:\/\/www.hoymercedes.com.ar\/principal\/2019\/12\/01\/se-vivio-una-gran-fiesta-del-rio\/","title":{"rendered":"Se vivi\u00f3 una gran \u00abFiesta del R\u00edo\u00bb"},"content":{"rendered":"\n<p>La jornada del domingo fue una\nfiesta en el Parque Municipal y el cauce del R\u00edo Luj\u00e1n. S.O.S H\u00e1bitat con el\napoyo de la Comuna impulsaron una valiosa jornada de concientizaci\u00f3n sobre la\nimportancia del cauce del R\u00edo y el cuidado ambiental. Tambi\u00e9n hubo un gran\nencuentro familiar con m\u00fasica en vivo y el disfrute de nuestro hermoso parque\nmunicipal. Se inaugur\u00f3, adem\u00e1s, un muelle efectuado \u00edntegramente en los\ntalleres del corral\u00f3n. <\/p>\n\n\n\n<figure class=\"wp-block-image size-large\"><img loading=\"lazy\" decoding=\"async\" width=\"1280\" height=\"853\" data-attachment-id=\"103251\" data-permalink=\"https:\/\/www.hoymercedes.com.ar\/principal\/2019\/12\/01\/se-vivio-una-gran-fiesta-del-rio\/7-15\/#main\" data-orig-file=\"https:\/\/www.hoymercedes.com.ar\/principal\/wp-content\/uploads\/2019\/12\/7.jpeg\" data-orig-size=\"1280,853\" data-comments-opened=\"0\" data-image-meta=\"{&quot;aperture&quot;:&quot;0&quot;,&quot;credit&quot;:&quot;&quot;,&quot;camera&quot;:&quot;&quot;,&quot;caption&quot;:&quot;&quot;,&quot;created_timestamp&quot;:&quot;0&quot;,&quot;copyright&quot;:&quot;&quot;,&quot;focal_length&quot;:&quot;0&quot;,&quot;iso&quot;:&quot;0&quot;,&quot;shutter_speed&quot;:&quot;0&quot;,&quot;title&quot;:&quot;&quot;,&quot;orientation&quot;:&quot;0&quot;}\" data-image-title=\"7\" data-image-description=\"\" data-image-caption=\"\" data-large-file=\"https:\/\/www.hoymercedes.com.ar\/principal\/wp-content\/uploads\/2019\/12\/7.jpeg\" src=\"https:\/\/www.hoymercedes.com.ar\/principal\/wp-content\/uploads\/2019\/12\/7.jpeg\" alt=\"\" class=\"wp-image-103251\"\/><figcaption>Juegos y entretenimientos <\/figcaption><\/figure>\n\n\n\n<p>Natalia Solari, desde S.O.S\nH\u00e1bitat, cont\u00f3 que \u201ctodos los a\u00f1os vivismos una gran emoci\u00f3n ver tantas\nembarcaciones y vecinos, porque no s\u00f3lo son los ciudadanos de Mercedes que\ntienen embarcaciones, sino tambi\u00e9n con gente de Capital, de Navarro, Suipacha\u201d\ncont\u00f3 y destac\u00f3 que \u201ces un orgullo para nosotros poder seguir haciendo esta\nfiesta siempre con el apoyo de la municipalidad que nos da un aporte para que\npodamos realizar esta fiesta y organizarla de esta manera como se vivi\u00f3, con un\nclima estupendo, con los remeros disfrutando y las familias esper\u00e1ndolos para\ndisfrutar los espect\u00e1culos y artistas\u201d afirm\u00f3<\/p>\n\n\n\n<figure class=\"wp-block-image size-large\"><img loading=\"lazy\" decoding=\"async\" width=\"1920\" height=\"1080\" data-attachment-id=\"103252\" data-permalink=\"https:\/\/www.hoymercedes.com.ar\/principal\/2019\/12\/01\/se-vivio-una-gran-fiesta-del-rio\/rioe\/#main\" data-orig-file=\"https:\/\/www.hoymercedes.com.ar\/principal\/wp-content\/uploads\/2019\/12\/RioE.jpg\" data-orig-size=\"1920,1080\" data-comments-opened=\"0\" data-image-meta=\"{&quot;aperture&quot;:&quot;0&quot;,&quot;credit&quot;:&quot;&quot;,&quot;camera&quot;:&quot;&quot;,&quot;caption&quot;:&quot;&quot;,&quot;created_timestamp&quot;:&quot;0&quot;,&quot;copyright&quot;:&quot;&quot;,&quot;focal_length&quot;:&quot;0&quot;,&quot;iso&quot;:&quot;0&quot;,&quot;shutter_speed&quot;:&quot;0&quot;,&quot;title&quot;:&quot;&quot;,&quot;orientation&quot;:&quot;0&quot;}\" data-image-title=\"RioE\" data-image-description=\"\" data-image-caption=\"\" data-large-file=\"https:\/\/www.hoymercedes.com.ar\/principal\/wp-content\/uploads\/2019\/12\/RioE.jpg\" src=\"https:\/\/www.hoymercedes.com.ar\/principal\/wp-content\/uploads\/2019\/12\/RioE.jpg\" alt=\"\" class=\"wp-image-103252\"\/><figcaption>Navegaci\u00f3n y nuevo muelle<\/figcaption><\/figure>\n\n\n\n<p>Solari tambi\u00e9n alert\u00f3 sobre la\nnecesidad de tomar consciencia por parte de los vecinos y cuidar el R\u00edo, porque\nse encontr\u00f3 basura en distintos tramos del recorrido por su cauce, pero que es\npropia de la falta de consciencia de los vecinos y es un \u201ctrabajo que venimos\nhaciendo hace 9 a\u00f1os desde la Asociaci\u00f3n, es un curso de agua que est\u00e1 y tiene\nvida\u201d.<\/p>\n\n\n\n<p>El muelle \u201cest\u00e1 hermoso\u201d afirm\u00f3 y\ndestac\u00f3 que \u201cfue muy \u00fatil para las embarcaciones, fue un gran trabajo\u201d de los\nempleados municipales. <\/p>\n\n\n\n<figure class=\"wp-block-image size-large\"><img loading=\"lazy\" decoding=\"async\" width=\"1280\" height=\"536\" data-attachment-id=\"103253\" data-permalink=\"https:\/\/www.hoymercedes.com.ar\/principal\/2019\/12\/01\/se-vivio-una-gran-fiesta-del-rio\/fiestadelrio-2\/#main\" data-orig-file=\"https:\/\/www.hoymercedes.com.ar\/principal\/wp-content\/uploads\/2019\/12\/FiestaDelRio.jpeg\" data-orig-size=\"1280,536\" data-comments-opened=\"0\" data-image-meta=\"{&quot;aperture&quot;:&quot;0&quot;,&quot;credit&quot;:&quot;&quot;,&quot;camera&quot;:&quot;&quot;,&quot;caption&quot;:&quot;&quot;,&quot;created_timestamp&quot;:&quot;0&quot;,&quot;copyright&quot;:&quot;&quot;,&quot;focal_length&quot;:&quot;0&quot;,&quot;iso&quot;:&quot;0&quot;,&quot;shutter_speed&quot;:&quot;0&quot;,&quot;title&quot;:&quot;&quot;,&quot;orientation&quot;:&quot;0&quot;}\" data-image-title=\"FiestaDelRio\" data-image-description=\"\" data-image-caption=\"\" data-large-file=\"https:\/\/www.hoymercedes.com.ar\/principal\/wp-content\/uploads\/2019\/12\/FiestaDelRio.jpeg\" src=\"https:\/\/www.hoymercedes.com.ar\/principal\/wp-content\/uploads\/2019\/12\/FiestaDelRio.jpeg\" alt=\"\" class=\"wp-image-103253\"\/><figcaption>Promoviendo el cuidado del ambiente<\/figcaption><\/figure>\n\n\n\n<p>Vale recordar que en el Parque\nMunicipal esta semana se instal\u00f3 un muelle realizado \u00edntegramente por trabajadores\nmunicipales en los talleres del corral\u00f3n y es una nueva obra que embellece y\njerarquiza nuestro querido predio. <\/p>\n\n\n\n<p>Por su parte, Mart\u00edn Boragno\nremarc\u00f3 que \u201clas actividades que se est\u00e1n organizando nos invitan a redescubrir\nel parque. Pas\u00f3 con los cerveceros, con la tradici\u00f3n, food tracks y este\nparticularmente que adem\u00e1s de la toma de consciencia ambiental se logr\u00f3 un espacio\npara las familias\u201d y rescat\u00f3 la importancia \u201cdel muelle realizado por los\ntrabajadores, es algo muy bueno que enriquece a todos\u201d <\/p>\n\n\n\n<figure class=\"wp-block-image size-large\"><img loading=\"lazy\" decoding=\"async\" width=\"1280\" height=\"853\" data-attachment-id=\"103254\" data-permalink=\"https:\/\/www.hoymercedes.com.ar\/principal\/2019\/12\/01\/se-vivio-una-gran-fiesta-del-rio\/5-12\/#main\" data-orig-file=\"https:\/\/www.hoymercedes.com.ar\/principal\/wp-content\/uploads\/2019\/12\/5.jpeg\" data-orig-size=\"1280,853\" data-comments-opened=\"0\" data-image-meta=\"{&quot;aperture&quot;:&quot;0&quot;,&quot;credit&quot;:&quot;&quot;,&quot;camera&quot;:&quot;&quot;,&quot;caption&quot;:&quot;&quot;,&quot;created_timestamp&quot;:&quot;0&quot;,&quot;copyright&quot;:&quot;&quot;,&quot;focal_length&quot;:&quot;0&quot;,&quot;iso&quot;:&quot;0&quot;,&quot;shutter_speed&quot;:&quot;0&quot;,&quot;title&quot;:&quot;&quot;,&quot;orientation&quot;:&quot;0&quot;}\" data-image-title=\"5\" data-image-description=\"\" data-image-caption=\"\" data-large-file=\"https:\/\/www.hoymercedes.com.ar\/principal\/wp-content\/uploads\/2019\/12\/5.jpeg\" src=\"https:\/\/www.hoymercedes.com.ar\/principal\/wp-content\/uploads\/2019\/12\/5.jpeg\" alt=\"\" class=\"wp-image-103254\"\/><figcaption>Gran cantidad de vecinos presentes<\/figcaption><\/figure>\n\n\n\n<p>Mat\u00e1is Dematei, quien adem\u00e1s fue parte\ndel recorrido, cont\u00f3 que \u201ces algo hermoso. C\u00f3mo el r\u00edo va cambiando por los\ndistintos lugares que se transita y a la vez la mano del hombre siempre\nactuando de manera nociva sobre el R\u00edo y es algo que debemos seguir trabajando\ny concientizando por eso est\u00e1n importante este tipo de actividades junto a\nAmigos del R\u00edo y S.O.S H\u00e1bitat\u201d afirm\u00f3 y recalc\u00f3 que \u201cel parque para nosotros\nes un emblema. Por eso estamos muy felices de la iniciativa de Juani de\njerarquizarlo cada vez m\u00e1s, recuperando el espacio p\u00fablico porque es el lugar\nde encuentro de la familia\u201d afirm\u00f3 entre otros conceptos. <\/p>\n\n\n\n<figure class=\"wp-block-image size-large\"><img loading=\"lazy\" decoding=\"async\" width=\"1280\" height=\"853\" data-attachment-id=\"103255\" data-permalink=\"https:\/\/www.hoymercedes.com.ar\/principal\/2019\/12\/01\/se-vivio-una-gran-fiesta-del-rio\/13-3\/#main\" data-orig-file=\"https:\/\/www.hoymercedes.com.ar\/principal\/wp-content\/uploads\/2019\/12\/13.jpeg\" data-orig-size=\"1280,853\" data-comments-opened=\"0\" data-image-meta=\"{&quot;aperture&quot;:&quot;0&quot;,&quot;credit&quot;:&quot;&quot;,&quot;camera&quot;:&quot;&quot;,&quot;caption&quot;:&quot;&quot;,&quot;created_timestamp&quot;:&quot;0&quot;,&quot;copyright&quot;:&quot;&quot;,&quot;focal_length&quot;:&quot;0&quot;,&quot;iso&quot;:&quot;0&quot;,&quot;shutter_speed&quot;:&quot;0&quot;,&quot;title&quot;:&quot;&quot;,&quot;orientation&quot;:&quot;0&quot;}\" data-image-title=\"13\" data-image-description=\"\" data-image-caption=\"\" data-large-file=\"https:\/\/www.hoymercedes.com.ar\/principal\/wp-content\/uploads\/2019\/12\/13.jpeg\" src=\"https:\/\/www.hoymercedes.com.ar\/principal\/wp-content\/uploads\/2019\/12\/13.jpeg\" alt=\"\" class=\"wp-image-103255\"\/><figcaption>Familias presentes <\/figcaption><\/figure>\n\n\n\n<p>Hubo un escenario donde se\ngeneraron distintas propuestas artistas. Estuvieron brindando su talento Familia\nde Payasos, Arturo Bustos Berrondo, Puta Tierra, La Ra\u00edz, Tren Misterioso, El\nBagual, Orquesta T\u00edpica de la UNLu, Botija Mujica y La Cuerda del Candombe\nfueron parte de los espect\u00e1culos que gran cantidad de vecinos<\/p>\n","protected":false},"excerpt":{"rendered":"<p>La jornada del domingo fue una fiesta en el Parque Municipal y el cauce del R\u00edo Luj\u00e1n. S.O.S H\u00e1bitat con &#8230; <a title=\"Se vivi\u00f3 una gran \u00abFiesta del R\u00edo\u00bb\" class=\"read-more\" href=\"https:\/\/www.hoymercedes.com.ar\/principal\/2019\/12\/01\/se-vivio-una-gran-fiesta-del-rio\/\" aria-label=\"Leer m\u00e1s sobre Se vivi\u00f3 una gran \u00abFiesta del R\u00edo\u00bb\">Leer m\u00e1s<\/a><\/p>\n","protected":false},"author":1,"featured_media":103253,"comment_status":"closed","ping_status":"open","sticky":false,"template":"","format":"standard","meta":{"_monsterinsights_skip_tracking":false,"_monsterinsights_sitenote_active":false,"_monsterinsights_sitenote_note":"","_monsterinsights_sitenote_category":0,"jetpack_post_was_ever_published":false,"_jetpack_newsletter_access":"","_jetpack_dont_email_post_to_subs":false,"_jetpack_newsletter_tier_id":0,"_jetpack_memberships_contains_paywalled_content":false,"_jetpack_memberships_contains_paid_content":false,"footnotes":"","jetpack_publicize_message":"","jetpack_publicize_feature_enabled":true,"jetpack_social_post_already_shared":true,"jetpack_social_options":{"image_generator_settings":{"template":"highway","default_image_id":0,"font":"","enabled":false},"version":2},"_wpas_customize_per_network":false},"categories":[8],"tags":[15976,681],"class_list":["post-103250","post","type-post","status-publish","format-standard","has-post-thumbnail","hentry","category-sociedad","tag-fiesta-del-rio-lujan","tag-s-o-s-habitat","generate-columns","tablet-grid-50","mobile-grid-100","grid-parent","grid-50"],"jetpack_publicize_connections":[],"jetpack_featured_media_url":"https:\/\/www.hoymercedes.com.ar\/principal\/wp-content\/uploads\/2019\/12\/FiestaDelRio.jpeg","wps_subtitle":"Cuidado ambiental ","jetpack_sharing_enabled":true,"_links":{"self":[{"href":"https:\/\/www.hoymercedes.com.ar\/principal\/wp-json\/wp\/v2\/posts\/103250","targetHints":{"allow":["GET"]}}],"collection":[{"href":"https:\/\/www.hoymercedes.com.ar\/principal\/wp-json\/wp\/v2\/posts"}],"about":[{"href":"https:\/\/www.hoymercedes.com.ar\/principal\/wp-json\/wp\/v2\/types\/post"}],"author":[{"embeddable":true,"href":"https:\/\/www.hoymercedes.com.ar\/principal\/wp-json\/wp\/v2\/users\/1"}],"replies":[{"embeddable":true,"href":"https:\/\/www.hoymercedes.com.ar\/principal\/wp-json\/wp\/v2\/comments?post=103250"}],"version-history":[{"count":0,"href":"https:\/\/www.hoymercedes.com.ar\/principal\/wp-json\/wp\/v2\/posts\/103250\/revisions"}],"wp:featuredmedia":[{"embeddable":true,"href":"https:\/\/www.hoymercedes.com.ar\/principal\/wp-json\/wp\/v2\/media\/103253"}],"wp:attachment":[{"href":"https:\/\/www.hoymercedes.com.ar\/principal\/wp-json\/wp\/v2\/media?parent=103250"}],"wp:term":[{"taxonomy":"category","embeddable":true,"href":"https:\/\/www.hoymercedes.com.ar\/principal\/wp-json\/wp\/v2\/categories?post=103250"},{"taxonomy":"post_tag","embeddable":true,"href":"https:\/\/www.hoymercedes.com.ar\/principal\/wp-json\/wp\/v2\/tags?post=103250"}],"curies":[{"name":"wp","href":"https:\/\/api.w.org\/{rel}","templated":true}]}}