{"id":103312,"date":"2019-12-02T20:29:21","date_gmt":"2019-12-02T23:29:21","guid":{"rendered":"http:\/\/www.hoymercedes.com.ar\/principal\/?p=103312"},"modified":"2019-12-02T20:29:26","modified_gmt":"2019-12-02T23:29:26","slug":"se-entregaron-los-premios-de-la-ahdo","status":"publish","type":"post","link":"https:\/\/www.hoymercedes.com.ar\/principal\/2019\/12\/02\/se-entregaron-los-premios-de-la-ahdo\/","title":{"rendered":"Se entregaron los premios de la AHDO"},"content":{"rendered":"\n<p>El S\u00e1bado 30 de Noviembre, en el predio del Campo H\u00edpico La Candela de Chivilcoy, se realiz\u00f3 la premiaci\u00f3n a los jinetes y amazonas que resultaron ganadores, tras 8 fechas realizadas en el transcurso de este a\u00f1o. <\/p>\n\n\n\n<figure class=\"wp-block-image size-large\"><img loading=\"lazy\" decoding=\"async\" width=\"1032\" height=\"774\" data-attachment-id=\"103313\" data-permalink=\"https:\/\/www.hoymercedes.com.ar\/principal\/2019\/12\/02\/se-entregaron-los-premios-de-la-ahdo\/whatsapp-image-2019-12-01-at-09-27-26\/#main\" data-orig-file=\"https:\/\/www.hoymercedes.com.ar\/principal\/wp-content\/uploads\/2019\/12\/WhatsApp-Image-2019-12-01-at-09.27.26.jpeg\" data-orig-size=\"1032,774\" data-comments-opened=\"0\" data-image-meta=\"{&quot;aperture&quot;:&quot;0&quot;,&quot;credit&quot;:&quot;&quot;,&quot;camera&quot;:&quot;&quot;,&quot;caption&quot;:&quot;&quot;,&quot;created_timestamp&quot;:&quot;0&quot;,&quot;copyright&quot;:&quot;&quot;,&quot;focal_length&quot;:&quot;0&quot;,&quot;iso&quot;:&quot;0&quot;,&quot;shutter_speed&quot;:&quot;0&quot;,&quot;title&quot;:&quot;&quot;,&quot;orientation&quot;:&quot;0&quot;}\" data-image-title=\"WhatsApp-Image-2019-12-01-at-09.27.26\" data-image-description=\"\" data-image-caption=\"\" data-large-file=\"https:\/\/www.hoymercedes.com.ar\/principal\/wp-content\/uploads\/2019\/12\/WhatsApp-Image-2019-12-01-at-09.27.26.jpeg\" src=\"https:\/\/www.hoymercedes.com.ar\/principal\/wp-content\/uploads\/2019\/12\/WhatsApp-Image-2019-12-01-at-09.27.26.jpeg\" alt=\"\" class=\"wp-image-103313\"\/><\/figure>\n\n\n\n<p>En un ambiente amistoso, de respeto, compa\u00f1erismo y de sana competencia, participaron activamente jinetes y amazonas del: Club H\u00edpico Luj\u00e1n, Club el Fog\u00f3n de Chivilcoy, Equus Fidei, El Encuentro de Vagues, Haras el Milenium, Campo H\u00edpico La Candela y de nuestra ciudad el Centro Ecuestre y de Equinoterapia Mar\u00eda Silvina.<\/p>\n\n\n\n<p>El Centro Ecuestre Mar\u00eda Silvina result\u00f3 Club Subcampe\u00f3n tras obtener los siguientes resultados:<br> \u2022 Campeonato 30 cm<br> Campe\u00f3n: Luisina Martinelli<br> Tercer Puesto: Manuela Campos<br> Cuarto Puesto: Clementina Renaldo<br> \u2022 Campeonato 40 cm<br> Subcampeona: F\u00e1tima Averame<br> \u2022 Campeonato 50 cm<br> Cuarto Puesto: F\u00e1tima Averame<br> \u2022 Campeonato 70 cm<br> Campe\u00f3n: Joaquina Dellafontana.<br> \u2022 Campeonato 80 cm<br> Campe\u00f3n: Joaquina Dellafontana.<br> Subcampe\u00f3n: Mar\u00eda Paz Rey Pruzzo<br> Tercer Puesto: Catalina Revello.<br> \u2022 Campeonato 90 cm<br> Campe\u00f3n: Joaquina Dellafontana<br> Subcampe\u00f3n: Mar\u00eda Bel\u00e9n Rey Pruzzo<br> \u2022 Campeonato 1 metro<br> Campe\u00f3n: Mar\u00eda Bel\u00e9n Rey Pruzzo.<\/p>\n\n\n\n<p>Desde la instituci\u00f3n, queremos agradecer a las familias de Mar\u00eda Silvina, que sin ellas, esto no seria posible, y al instructor Lucas Rey, por su incansable trabajo y dedicaci\u00f3n, para que sus alumnos sigan creciendo en este hermoso deporte.<\/p>\n","protected":false},"excerpt":{"rendered":"<p>El S\u00e1bado 30 de Noviembre, en el predio del Campo H\u00edpico La Candela de Chivilcoy, se realiz\u00f3 la premiaci\u00f3n a &#8230; <a title=\"Se entregaron los premios de la AHDO\" class=\"read-more\" href=\"https:\/\/www.hoymercedes.com.ar\/principal\/2019\/12\/02\/se-entregaron-los-premios-de-la-ahdo\/\" aria-label=\"Leer m\u00e1s sobre Se entregaron los premios de la AHDO\">Leer m\u00e1s<\/a><\/p>\n","protected":false},"author":1,"featured_media":103313,"comment_status":"closed","ping_status":"open","sticky":false,"template":"","format":"standard","meta":{"_monsterinsights_skip_tracking":false,"_monsterinsights_sitenote_active":false,"_monsterinsights_sitenote_note":"","_monsterinsights_sitenote_category":0,"jetpack_post_was_ever_published":false,"_jetpack_newsletter_access":"","_jetpack_dont_email_post_to_subs":false,"_jetpack_newsletter_tier_id":0,"_jetpack_memberships_contains_paywalled_content":false,"_jetpack_memberships_contains_paid_content":false,"footnotes":"","jetpack_publicize_message":"","jetpack_publicize_feature_enabled":true,"jetpack_social_post_already_shared":true,"jetpack_social_options":{"image_generator_settings":{"template":"highway","default_image_id":0,"font":"","enabled":false},"version":2},"_wpas_customize_per_network":false},"categories":[21],"tags":[],"class_list":["post-103312","post","type-post","status-publish","format-standard","has-post-thumbnail","hentry","category-deportes","generate-columns","tablet-grid-50","mobile-grid-100","grid-parent","grid-50"],"jetpack_publicize_connections":[],"jetpack_featured_media_url":"https:\/\/www.hoymercedes.com.ar\/principal\/wp-content\/uploads\/2019\/12\/WhatsApp-Image-2019-12-01-at-09.27.26.jpeg","wps_subtitle":"Equitaci\u00f3n","jetpack_sharing_enabled":true,"_links":{"self":[{"href":"https:\/\/www.hoymercedes.com.ar\/principal\/wp-json\/wp\/v2\/posts\/103312","targetHints":{"allow":["GET"]}}],"collection":[{"href":"https:\/\/www.hoymercedes.com.ar\/principal\/wp-json\/wp\/v2\/posts"}],"about":[{"href":"https:\/\/www.hoymercedes.com.ar\/principal\/wp-json\/wp\/v2\/types\/post"}],"author":[{"embeddable":true,"href":"https:\/\/www.hoymercedes.com.ar\/principal\/wp-json\/wp\/v2\/users\/1"}],"replies":[{"embeddable":true,"href":"https:\/\/www.hoymercedes.com.ar\/principal\/wp-json\/wp\/v2\/comments?post=103312"}],"version-history":[{"count":0,"href":"https:\/\/www.hoymercedes.com.ar\/principal\/wp-json\/wp\/v2\/posts\/103312\/revisions"}],"wp:featuredmedia":[{"embeddable":true,"href":"https:\/\/www.hoymercedes.com.ar\/principal\/wp-json\/wp\/v2\/media\/103313"}],"wp:attachment":[{"href":"https:\/\/www.hoymercedes.com.ar\/principal\/wp-json\/wp\/v2\/media?parent=103312"}],"wp:term":[{"taxonomy":"category","embeddable":true,"href":"https:\/\/www.hoymercedes.com.ar\/principal\/wp-json\/wp\/v2\/categories?post=103312"},{"taxonomy":"post_tag","embeddable":true,"href":"https:\/\/www.hoymercedes.com.ar\/principal\/wp-json\/wp\/v2\/tags?post=103312"}],"curies":[{"name":"wp","href":"https:\/\/api.w.org\/{rel}","templated":true}]}}