{"id":103316,"date":"2019-12-02T20:38:10","date_gmt":"2019-12-02T23:38:10","guid":{"rendered":"http:\/\/www.hoymercedes.com.ar\/principal\/?p=103316"},"modified":"2019-12-02T20:38:12","modified_gmt":"2019-12-02T23:38:12","slug":"entrega-de-premios-federacion-portena-de-patin","status":"publish","type":"post","link":"https:\/\/www.hoymercedes.com.ar\/principal\/2019\/12\/02\/entrega-de-premios-federacion-portena-de-patin\/","title":{"rendered":"Entrega de premios \u00abFederaci\u00f3n Porte\u00f1a de Pat\u00edn\u00bb"},"content":{"rendered":"\n<p>El 30 de noviembre se realiz\u00f3 la entrega de premios de Federaci\u00f3n Porte\u00f1a de Pat\u00edn. Dicha premiaci\u00f3n tuvo lugar en el Club F\u00e1tima ubicado en la ciudad de Lomas del Mirador, partido de La Matanza, donde la  Escuela de Pat\u00edn de Candela y Sof\u00eda Bruschi obtuvo excelentes resultados.<\/p>\n\n\n\n<figure class=\"wp-block-image size-large\"><img loading=\"lazy\" decoding=\"async\" width=\"1280\" height=\"960\" data-attachment-id=\"103317\" data-permalink=\"https:\/\/www.hoymercedes.com.ar\/principal\/2019\/12\/02\/entrega-de-premios-federacion-portena-de-patin\/78774142_2496625020609694_5236293968299294720_n\/#main\" data-orig-file=\"https:\/\/www.hoymercedes.com.ar\/principal\/wp-content\/uploads\/2019\/12\/78774142_2496625020609694_5236293968299294720_n.jpg\" data-orig-size=\"1280,960\" data-comments-opened=\"0\" data-image-meta=\"{&quot;aperture&quot;:&quot;0&quot;,&quot;credit&quot;:&quot;&quot;,&quot;camera&quot;:&quot;&quot;,&quot;caption&quot;:&quot;&quot;,&quot;created_timestamp&quot;:&quot;0&quot;,&quot;copyright&quot;:&quot;&quot;,&quot;focal_length&quot;:&quot;0&quot;,&quot;iso&quot;:&quot;0&quot;,&quot;shutter_speed&quot;:&quot;0&quot;,&quot;title&quot;:&quot;&quot;,&quot;orientation&quot;:&quot;0&quot;}\" data-image-title=\"78774142_2496625020609694_5236293968299294720_n\" data-image-description=\"\" data-image-caption=\"\" data-large-file=\"https:\/\/www.hoymercedes.com.ar\/principal\/wp-content\/uploads\/2019\/12\/78774142_2496625020609694_5236293968299294720_n.jpg\" src=\"https:\/\/www.hoymercedes.com.ar\/principal\/wp-content\/uploads\/2019\/12\/78774142_2496625020609694_5236293968299294720_n.jpg\" alt=\"\" class=\"wp-image-103317\"\/><\/figure>\n\n\n\n<p>Los resultados fueron los siguientes: <\/p>\n\n\n\n<p>Martina Palacios Campeona metropolitana  <\/p>\n\n\n\n<p>Lola Ram\u00edrez Campeona metropolitana  <\/p>\n\n\n\n<p>Ailen Morales Subcampeona metropolitana  <\/p>\n\n\n\n<p>Milagros Cobucho subcampeona metropolitana  <\/p>\n\n\n\n<p>Justina Bruschi Subcampeona metropolitana  <\/p>\n\n\n\n<p>Camila Giraudo 3er puesto metropolitano  <\/p>\n\n\n\n<p>Agustina Araya 3er puesto metropolitano  <\/p>\n\n\n\n<p>Sof\u00eda Barrag\u00e1n 4to puesto metropolitano <\/p>\n\n\n\n<p>Jazmin Ramos 5to puesto metropolitano   <\/p>\n\n\n\n<p>Tambi\u00e9n tuvieron una excelente participaci\u00f3n Valentina Lara,Paula Mart\u00ednez y M\u00eda Lacoste. Sus t\u00e9cnicas felicitan a todo el plantel de competencia por el excelente trabajo realizado durante todo el a\u00f1o. <\/p>\n","protected":false},"excerpt":{"rendered":"<p>El 30 de noviembre se realiz\u00f3 la entrega de premios de Federaci\u00f3n Porte\u00f1a de Pat\u00edn. Dicha premiaci\u00f3n tuvo lugar en &#8230; <a title=\"Entrega de premios \u00abFederaci\u00f3n Porte\u00f1a de Pat\u00edn\u00bb\" class=\"read-more\" href=\"https:\/\/www.hoymercedes.com.ar\/principal\/2019\/12\/02\/entrega-de-premios-federacion-portena-de-patin\/\" aria-label=\"Leer m\u00e1s sobre Entrega de premios \u00abFederaci\u00f3n Porte\u00f1a de Pat\u00edn\u00bb\">Leer m\u00e1s<\/a><\/p>\n","protected":false},"author":1,"featured_media":103317,"comment_status":"closed","ping_status":"open","sticky":false,"template":"","format":"standard","meta":{"_monsterinsights_skip_tracking":false,"_monsterinsights_sitenote_active":false,"_monsterinsights_sitenote_note":"","_monsterinsights_sitenote_category":0,"jetpack_post_was_ever_published":false,"_jetpack_newsletter_access":"","_jetpack_dont_email_post_to_subs":false,"_jetpack_newsletter_tier_id":0,"_jetpack_memberships_contains_paywalled_content":false,"_jetpack_memberships_contains_paid_content":false,"footnotes":"","jetpack_publicize_message":"","jetpack_publicize_feature_enabled":true,"jetpack_social_post_already_shared":true,"jetpack_social_options":{"image_generator_settings":{"template":"highway","default_image_id":0,"font":"","enabled":false},"version":2},"_wpas_customize_per_network":false},"categories":[21],"tags":[9183],"class_list":["post-103316","post","type-post","status-publish","format-standard","has-post-thumbnail","hentry","category-deportes","tag-patin-artistico","generate-columns","tablet-grid-50","mobile-grid-100","grid-parent","grid-50"],"jetpack_publicize_connections":[],"jetpack_featured_media_url":"https:\/\/www.hoymercedes.com.ar\/principal\/wp-content\/uploads\/2019\/12\/78774142_2496625020609694_5236293968299294720_n.jpg","wps_subtitle":"Pat\u00edn","jetpack_sharing_enabled":true,"_links":{"self":[{"href":"https:\/\/www.hoymercedes.com.ar\/principal\/wp-json\/wp\/v2\/posts\/103316","targetHints":{"allow":["GET"]}}],"collection":[{"href":"https:\/\/www.hoymercedes.com.ar\/principal\/wp-json\/wp\/v2\/posts"}],"about":[{"href":"https:\/\/www.hoymercedes.com.ar\/principal\/wp-json\/wp\/v2\/types\/post"}],"author":[{"embeddable":true,"href":"https:\/\/www.hoymercedes.com.ar\/principal\/wp-json\/wp\/v2\/users\/1"}],"replies":[{"embeddable":true,"href":"https:\/\/www.hoymercedes.com.ar\/principal\/wp-json\/wp\/v2\/comments?post=103316"}],"version-history":[{"count":0,"href":"https:\/\/www.hoymercedes.com.ar\/principal\/wp-json\/wp\/v2\/posts\/103316\/revisions"}],"wp:featuredmedia":[{"embeddable":true,"href":"https:\/\/www.hoymercedes.com.ar\/principal\/wp-json\/wp\/v2\/media\/103317"}],"wp:attachment":[{"href":"https:\/\/www.hoymercedes.com.ar\/principal\/wp-json\/wp\/v2\/media?parent=103316"}],"wp:term":[{"taxonomy":"category","embeddable":true,"href":"https:\/\/www.hoymercedes.com.ar\/principal\/wp-json\/wp\/v2\/categories?post=103316"},{"taxonomy":"post_tag","embeddable":true,"href":"https:\/\/www.hoymercedes.com.ar\/principal\/wp-json\/wp\/v2\/tags?post=103316"}],"curies":[{"name":"wp","href":"https:\/\/api.w.org\/{rel}","templated":true}]}}