{"id":103320,"date":"2019-12-03T19:59:53","date_gmt":"2019-12-03T22:59:53","guid":{"rendered":"http:\/\/www.hoymercedes.com.ar\/principal\/?p=103320"},"modified":"2019-12-03T19:57:30","modified_gmt":"2019-12-03T22:57:30","slug":"en-del-progreso-se-jugo-la-cuarta-fecha-del-torneo-y-tambien-un-certamen-rapido","status":"publish","type":"post","link":"https:\/\/www.hoymercedes.com.ar\/principal\/2019\/12\/03\/en-del-progreso-se-jugo-la-cuarta-fecha-del-torneo-y-tambien-un-certamen-rapido\/","title":{"rendered":"En Del Progreso se jug\u00f3 la cuarta fecha del torneo y tambi\u00e9n un certamen r\u00e1pido"},"content":{"rendered":"\n<p>El viernes por la noche se jug\u00f3 la cuarta fecha del segundo torneo del a\u00f1o del Club Del Progreso, que lo tiene a Alejandro Altieri como l\u00edder junto a Guillermo Poch. Adem\u00e1s, se aprovech\u00f3 el fin de semana para jugar un torneo rel\u00e1mpago que cont\u00f3 con 17 competidores de Mercedes, Chivilcoy, San Andr\u00e9s de Giles, Tres de Febrero y Gowland, que termin\u00f3 ganando el local Eduardo Pietrafesa.<\/p>\n\n\n\n<figure class=\"wp-block-image size-large\"><img loading=\"lazy\" decoding=\"async\" width=\"1280\" height=\"583\" data-attachment-id=\"103359\" data-permalink=\"https:\/\/www.hoymercedes.com.ar\/principal\/2019\/12\/03\/en-del-progreso-se-jugo-la-cuarta-fecha-del-torneo-y-tambien-un-certamen-rapido\/78169462_441506609845293_7950644970736582656_n-1\/#main\" data-orig-file=\"https:\/\/www.hoymercedes.com.ar\/principal\/wp-content\/uploads\/2019\/12\/78169462_441506609845293_7950644970736582656_n-1.jpg\" data-orig-size=\"1280,583\" data-comments-opened=\"0\" data-image-meta=\"{&quot;aperture&quot;:&quot;0&quot;,&quot;credit&quot;:&quot;&quot;,&quot;camera&quot;:&quot;&quot;,&quot;caption&quot;:&quot;&quot;,&quot;created_timestamp&quot;:&quot;0&quot;,&quot;copyright&quot;:&quot;&quot;,&quot;focal_length&quot;:&quot;0&quot;,&quot;iso&quot;:&quot;0&quot;,&quot;shutter_speed&quot;:&quot;0&quot;,&quot;title&quot;:&quot;&quot;,&quot;orientation&quot;:&quot;0&quot;}\" data-image-title=\"78169462_441506609845293_7950644970736582656_n-1\" data-image-description=\"\" data-image-caption=\"\" data-large-file=\"https:\/\/www.hoymercedes.com.ar\/principal\/wp-content\/uploads\/2019\/12\/78169462_441506609845293_7950644970736582656_n-1.jpg\" src=\"https:\/\/www.hoymercedes.com.ar\/principal\/wp-content\/uploads\/2019\/12\/78169462_441506609845293_7950644970736582656_n-1.jpg\" alt=\"\" class=\"wp-image-103359\"\/><\/figure>\n\n\n\n<figure class=\"wp-block-image size-large\"><img loading=\"lazy\" decoding=\"async\" width=\"1175\" height=\"443\" data-attachment-id=\"103360\" data-permalink=\"https:\/\/www.hoymercedes.com.ar\/principal\/2019\/12\/03\/en-del-progreso-se-jugo-la-cuarta-fecha-del-torneo-y-tambien-un-certamen-rapido\/78562312_492242384991319_4604133258307829760_n\/#main\" data-orig-file=\"https:\/\/www.hoymercedes.com.ar\/principal\/wp-content\/uploads\/2019\/12\/78562312_492242384991319_4604133258307829760_n.jpg\" data-orig-size=\"1175,443\" data-comments-opened=\"0\" data-image-meta=\"{&quot;aperture&quot;:&quot;0&quot;,&quot;credit&quot;:&quot;&quot;,&quot;camera&quot;:&quot;&quot;,&quot;caption&quot;:&quot;&quot;,&quot;created_timestamp&quot;:&quot;0&quot;,&quot;copyright&quot;:&quot;&quot;,&quot;focal_length&quot;:&quot;0&quot;,&quot;iso&quot;:&quot;0&quot;,&quot;shutter_speed&quot;:&quot;0&quot;,&quot;title&quot;:&quot;&quot;,&quot;orientation&quot;:&quot;0&quot;}\" data-image-title=\"78562312_492242384991319_4604133258307829760_n\" data-image-description=\"\" data-image-caption=\"\" data-large-file=\"https:\/\/www.hoymercedes.com.ar\/principal\/wp-content\/uploads\/2019\/12\/78562312_492242384991319_4604133258307829760_n.jpg\" src=\"https:\/\/www.hoymercedes.com.ar\/principal\/wp-content\/uploads\/2019\/12\/78562312_492242384991319_4604133258307829760_n.jpg\" alt=\"\" class=\"wp-image-103360\"\/><\/figure>\n\n\n\n<figure class=\"wp-block-image size-large\"><img loading=\"lazy\" decoding=\"async\" width=\"1280\" height=\"729\" data-attachment-id=\"103361\" data-permalink=\"https:\/\/www.hoymercedes.com.ar\/principal\/2019\/12\/03\/en-del-progreso-se-jugo-la-cuarta-fecha-del-torneo-y-tambien-un-certamen-rapido\/78321937_641757076360647_1772654404604788736_n\/#main\" data-orig-file=\"https:\/\/www.hoymercedes.com.ar\/principal\/wp-content\/uploads\/2019\/12\/78321937_641757076360647_1772654404604788736_n.jpg\" data-orig-size=\"1280,729\" data-comments-opened=\"0\" data-image-meta=\"{&quot;aperture&quot;:&quot;0&quot;,&quot;credit&quot;:&quot;&quot;,&quot;camera&quot;:&quot;&quot;,&quot;caption&quot;:&quot;&quot;,&quot;created_timestamp&quot;:&quot;0&quot;,&quot;copyright&quot;:&quot;&quot;,&quot;focal_length&quot;:&quot;0&quot;,&quot;iso&quot;:&quot;0&quot;,&quot;shutter_speed&quot;:&quot;0&quot;,&quot;title&quot;:&quot;&quot;,&quot;orientation&quot;:&quot;0&quot;}\" data-image-title=\"78321937_641757076360647_1772654404604788736_n\" data-image-description=\"\" data-image-caption=\"\" data-large-file=\"https:\/\/www.hoymercedes.com.ar\/principal\/wp-content\/uploads\/2019\/12\/78321937_641757076360647_1772654404604788736_n.jpg\" src=\"https:\/\/www.hoymercedes.com.ar\/principal\/wp-content\/uploads\/2019\/12\/78321937_641757076360647_1772654404604788736_n.jpg\" alt=\"\" class=\"wp-image-103361\"\/><\/figure>\n\n\n\n<figure class=\"wp-block-gallery columns-3 is-cropped wp-block-gallery-1 is-layout-flex wp-block-gallery-is-layout-flex\"><ul class=\"blocks-gallery-grid\"><li class=\"blocks-gallery-item\"><figure><img loading=\"lazy\" decoding=\"async\" width=\"1280\" height=\"960\" data-attachment-id=\"103362\" data-permalink=\"https:\/\/www.hoymercedes.com.ar\/principal\/2019\/12\/03\/en-del-progreso-se-jugo-la-cuarta-fecha-del-torneo-y-tambien-un-certamen-rapido\/78639273_1910715995740843_7794475437253459968_n\/#main\" data-orig-file=\"https:\/\/www.hoymercedes.com.ar\/principal\/wp-content\/uploads\/2019\/12\/78639273_1910715995740843_7794475437253459968_n.jpg\" data-orig-size=\"1280,960\" data-comments-opened=\"0\" data-image-meta=\"{&quot;aperture&quot;:&quot;0&quot;,&quot;credit&quot;:&quot;&quot;,&quot;camera&quot;:&quot;&quot;,&quot;caption&quot;:&quot;&quot;,&quot;created_timestamp&quot;:&quot;0&quot;,&quot;copyright&quot;:&quot;&quot;,&quot;focal_length&quot;:&quot;0&quot;,&quot;iso&quot;:&quot;0&quot;,&quot;shutter_speed&quot;:&quot;0&quot;,&quot;title&quot;:&quot;&quot;,&quot;orientation&quot;:&quot;0&quot;}\" data-image-title=\"78639273_1910715995740843_7794475437253459968_n\" data-image-description=\"\" data-image-caption=\"\" data-large-file=\"https:\/\/www.hoymercedes.com.ar\/principal\/wp-content\/uploads\/2019\/12\/78639273_1910715995740843_7794475437253459968_n.jpg\" src=\"https:\/\/www.hoymercedes.com.ar\/principal\/wp-content\/uploads\/2019\/12\/78639273_1910715995740843_7794475437253459968_n.jpg\" alt=\"\" data-id=\"103362\" data-link=\"https:\/\/www.hoymercedes.com.ar\/principal\/?attachment_id=103362\" class=\"wp-image-103362\"\/><\/figure><\/li><li class=\"blocks-gallery-item\"><figure><img loading=\"lazy\" decoding=\"async\" width=\"1280\" height=\"960\" data-attachment-id=\"103363\" data-permalink=\"https:\/\/www.hoymercedes.com.ar\/principal\/2019\/12\/03\/en-del-progreso-se-jugo-la-cuarta-fecha-del-torneo-y-tambien-un-certamen-rapido\/78672874_440545403282548_1776311814070468608_n\/#main\" data-orig-file=\"https:\/\/www.hoymercedes.com.ar\/principal\/wp-content\/uploads\/2019\/12\/78672874_440545403282548_1776311814070468608_n.jpg\" data-orig-size=\"1280,960\" data-comments-opened=\"0\" data-image-meta=\"{&quot;aperture&quot;:&quot;0&quot;,&quot;credit&quot;:&quot;&quot;,&quot;camera&quot;:&quot;&quot;,&quot;caption&quot;:&quot;&quot;,&quot;created_timestamp&quot;:&quot;0&quot;,&quot;copyright&quot;:&quot;&quot;,&quot;focal_length&quot;:&quot;0&quot;,&quot;iso&quot;:&quot;0&quot;,&quot;shutter_speed&quot;:&quot;0&quot;,&quot;title&quot;:&quot;&quot;,&quot;orientation&quot;:&quot;0&quot;}\" data-image-title=\"78672874_440545403282548_1776311814070468608_n\" data-image-description=\"\" data-image-caption=\"\" data-large-file=\"https:\/\/www.hoymercedes.com.ar\/principal\/wp-content\/uploads\/2019\/12\/78672874_440545403282548_1776311814070468608_n.jpg\" src=\"https:\/\/www.hoymercedes.com.ar\/principal\/wp-content\/uploads\/2019\/12\/78672874_440545403282548_1776311814070468608_n.jpg\" alt=\"\" data-id=\"103363\" data-link=\"https:\/\/www.hoymercedes.com.ar\/principal\/?attachment_id=103363\" class=\"wp-image-103363\"\/><\/figure><\/li><li class=\"blocks-gallery-item\"><figure><img loading=\"lazy\" decoding=\"async\" width=\"1280\" height=\"960\" data-attachment-id=\"103364\" data-permalink=\"https:\/\/www.hoymercedes.com.ar\/principal\/2019\/12\/03\/en-del-progreso-se-jugo-la-cuarta-fecha-del-torneo-y-tambien-un-certamen-rapido\/77188020_477074772903886_2120057236683227136_n\/#main\" data-orig-file=\"https:\/\/www.hoymercedes.com.ar\/principal\/wp-content\/uploads\/2019\/12\/77188020_477074772903886_2120057236683227136_n.jpg\" data-orig-size=\"1280,960\" data-comments-opened=\"0\" data-image-meta=\"{&quot;aperture&quot;:&quot;0&quot;,&quot;credit&quot;:&quot;&quot;,&quot;camera&quot;:&quot;&quot;,&quot;caption&quot;:&quot;&quot;,&quot;created_timestamp&quot;:&quot;0&quot;,&quot;copyright&quot;:&quot;&quot;,&quot;focal_length&quot;:&quot;0&quot;,&quot;iso&quot;:&quot;0&quot;,&quot;shutter_speed&quot;:&quot;0&quot;,&quot;title&quot;:&quot;&quot;,&quot;orientation&quot;:&quot;0&quot;}\" data-image-title=\"77188020_477074772903886_2120057236683227136_n\" data-image-description=\"\" data-image-caption=\"\" data-large-file=\"https:\/\/www.hoymercedes.com.ar\/principal\/wp-content\/uploads\/2019\/12\/77188020_477074772903886_2120057236683227136_n.jpg\" src=\"https:\/\/www.hoymercedes.com.ar\/principal\/wp-content\/uploads\/2019\/12\/77188020_477074772903886_2120057236683227136_n.jpg\" alt=\"\" data-id=\"103364\" data-link=\"https:\/\/www.hoymercedes.com.ar\/principal\/?attachment_id=103364\" class=\"wp-image-103364\"\/><\/figure><\/li><li class=\"blocks-gallery-item\"><figure><img loading=\"lazy\" decoding=\"async\" width=\"1280\" height=\"960\" data-attachment-id=\"103365\" data-permalink=\"https:\/\/www.hoymercedes.com.ar\/principal\/2019\/12\/03\/en-del-progreso-se-jugo-la-cuarta-fecha-del-torneo-y-tambien-un-certamen-rapido\/78678189_485967528686210_3202121964273532928_n\/#main\" data-orig-file=\"https:\/\/www.hoymercedes.com.ar\/principal\/wp-content\/uploads\/2019\/12\/78678189_485967528686210_3202121964273532928_n.jpg\" data-orig-size=\"1280,960\" data-comments-opened=\"0\" data-image-meta=\"{&quot;aperture&quot;:&quot;0&quot;,&quot;credit&quot;:&quot;&quot;,&quot;camera&quot;:&quot;&quot;,&quot;caption&quot;:&quot;&quot;,&quot;created_timestamp&quot;:&quot;0&quot;,&quot;copyright&quot;:&quot;&quot;,&quot;focal_length&quot;:&quot;0&quot;,&quot;iso&quot;:&quot;0&quot;,&quot;shutter_speed&quot;:&quot;0&quot;,&quot;title&quot;:&quot;&quot;,&quot;orientation&quot;:&quot;0&quot;}\" data-image-title=\"78678189_485967528686210_3202121964273532928_n\" data-image-description=\"\" data-image-caption=\"\" data-large-file=\"https:\/\/www.hoymercedes.com.ar\/principal\/wp-content\/uploads\/2019\/12\/78678189_485967528686210_3202121964273532928_n.jpg\" src=\"https:\/\/www.hoymercedes.com.ar\/principal\/wp-content\/uploads\/2019\/12\/78678189_485967528686210_3202121964273532928_n.jpg\" alt=\"\" data-id=\"103365\" data-link=\"https:\/\/www.hoymercedes.com.ar\/principal\/?attachment_id=103365\" class=\"wp-image-103365\"\/><\/figure><\/li><li class=\"blocks-gallery-item\"><figure><img loading=\"lazy\" decoding=\"async\" width=\"1280\" height=\"960\" data-attachment-id=\"103366\" data-permalink=\"https:\/\/www.hoymercedes.com.ar\/principal\/2019\/12\/03\/en-del-progreso-se-jugo-la-cuarta-fecha-del-torneo-y-tambien-un-certamen-rapido\/70220171_449420509055528_8112858858940006400_n\/#main\" data-orig-file=\"https:\/\/www.hoymercedes.com.ar\/principal\/wp-content\/uploads\/2019\/12\/70220171_449420509055528_8112858858940006400_n.jpg\" data-orig-size=\"1280,960\" data-comments-opened=\"0\" data-image-meta=\"{&quot;aperture&quot;:&quot;0&quot;,&quot;credit&quot;:&quot;&quot;,&quot;camera&quot;:&quot;&quot;,&quot;caption&quot;:&quot;&quot;,&quot;created_timestamp&quot;:&quot;0&quot;,&quot;copyright&quot;:&quot;&quot;,&quot;focal_length&quot;:&quot;0&quot;,&quot;iso&quot;:&quot;0&quot;,&quot;shutter_speed&quot;:&quot;0&quot;,&quot;title&quot;:&quot;&quot;,&quot;orientation&quot;:&quot;0&quot;}\" data-image-title=\"70220171_449420509055528_8112858858940006400_n\" data-image-description=\"\" data-image-caption=\"\" data-large-file=\"https:\/\/www.hoymercedes.com.ar\/principal\/wp-content\/uploads\/2019\/12\/70220171_449420509055528_8112858858940006400_n.jpg\" src=\"https:\/\/www.hoymercedes.com.ar\/principal\/wp-content\/uploads\/2019\/12\/70220171_449420509055528_8112858858940006400_n.jpg\" alt=\"\" data-id=\"103366\" data-link=\"https:\/\/www.hoymercedes.com.ar\/principal\/?attachment_id=103366\" class=\"wp-image-103366\"\/><\/figure><\/li><\/ul><\/figure>\n\n\n\n<figure class=\"wp-block-image size-large\"><img loading=\"lazy\" decoding=\"async\" width=\"1280\" height=\"802\" data-attachment-id=\"103367\" data-permalink=\"https:\/\/www.hoymercedes.com.ar\/principal\/2019\/12\/03\/en-del-progreso-se-jugo-la-cuarta-fecha-del-torneo-y-tambien-un-certamen-rapido\/77179434_499038744084204_8308706490009518080_n\/#main\" data-orig-file=\"https:\/\/www.hoymercedes.com.ar\/principal\/wp-content\/uploads\/2019\/12\/77179434_499038744084204_8308706490009518080_n.jpg\" data-orig-size=\"1280,802\" data-comments-opened=\"0\" data-image-meta=\"{&quot;aperture&quot;:&quot;0&quot;,&quot;credit&quot;:&quot;&quot;,&quot;camera&quot;:&quot;&quot;,&quot;caption&quot;:&quot;&quot;,&quot;created_timestamp&quot;:&quot;0&quot;,&quot;copyright&quot;:&quot;&quot;,&quot;focal_length&quot;:&quot;0&quot;,&quot;iso&quot;:&quot;0&quot;,&quot;shutter_speed&quot;:&quot;0&quot;,&quot;title&quot;:&quot;&quot;,&quot;orientation&quot;:&quot;0&quot;}\" data-image-title=\"77179434_499038744084204_8308706490009518080_n\" data-image-description=\"\" data-image-caption=\"\" data-large-file=\"https:\/\/www.hoymercedes.com.ar\/principal\/wp-content\/uploads\/2019\/12\/77179434_499038744084204_8308706490009518080_n.jpg\" src=\"https:\/\/www.hoymercedes.com.ar\/principal\/wp-content\/uploads\/2019\/12\/77179434_499038744084204_8308706490009518080_n.jpg\" alt=\"\" class=\"wp-image-103367\"\/><\/figure>\n","protected":false},"excerpt":{"rendered":"<p>El viernes por la noche se jug\u00f3 la cuarta fecha del segundo torneo del a\u00f1o del Club Del Progreso, que &#8230; <a title=\"En Del Progreso se jug\u00f3 la cuarta fecha del torneo y tambi\u00e9n un certamen r\u00e1pido\" class=\"read-more\" href=\"https:\/\/www.hoymercedes.com.ar\/principal\/2019\/12\/03\/en-del-progreso-se-jugo-la-cuarta-fecha-del-torneo-y-tambien-un-certamen-rapido\/\" aria-label=\"Leer m\u00e1s sobre En Del Progreso se jug\u00f3 la cuarta fecha del torneo y tambi\u00e9n un certamen r\u00e1pido\">Leer m\u00e1s<\/a><\/p>\n","protected":false},"author":1,"featured_media":103366,"comment_status":"closed","ping_status":"open","sticky":false,"template":"","format":"standard","meta":{"_monsterinsights_skip_tracking":false,"_monsterinsights_sitenote_active":false,"_monsterinsights_sitenote_note":"","_monsterinsights_sitenote_category":0,"jetpack_post_was_ever_published":false,"_jetpack_newsletter_access":"","_jetpack_dont_email_post_to_subs":false,"_jetpack_newsletter_tier_id":0,"_jetpack_memberships_contains_paywalled_content":false,"_jetpack_memberships_contains_paid_content":false,"footnotes":"","jetpack_publicize_message":"","jetpack_publicize_feature_enabled":true,"jetpack_social_post_already_shared":true,"jetpack_social_options":{"image_generator_settings":{"template":"highway","default_image_id":0,"font":"","enabled":false},"version":2},"_wpas_customize_per_network":false},"categories":[21],"tags":[9871],"class_list":["post-103320","post","type-post","status-publish","format-standard","has-post-thumbnail","hentry","category-deportes","tag-ajedrez","generate-columns","tablet-grid-50","mobile-grid-100","grid-parent","grid-50"],"jetpack_publicize_connections":[],"jetpack_featured_media_url":"https:\/\/www.hoymercedes.com.ar\/principal\/wp-content\/uploads\/2019\/12\/70220171_449420509055528_8112858858940006400_n.jpg","wps_subtitle":"","jetpack_sharing_enabled":true,"jetpack-related-posts":[{"id":69766,"url":"https:\/\/www.hoymercedes.com.ar\/principal\/2017\/11\/17\/muchas-tablas-en-una-nueva-fecha-en-del-progreso\/","url_meta":{"origin":103320,"position":0},"title":"Muchas tablas en una nueva fecha en Del Progreso","author":"hoymercedes","date":"17 noviembre, 2017","format":false,"excerpt":"Se jug\u00f3 la cuarta fecha del torneo de ajedrez Primavera Verano en el Club Del Progreso y en el enfrentamiento entre l\u00edderes hubo tablas, al igual que otros dos encuentros que finalizaron de la misma manera, mientras que los ganadores fueron Facundo Mazzocchi, Carlos Haigis, Daniel Picardi y Lin Ming\u2026","rel":"","context":"En \u00abDeportes\u00bb","block_context":{"text":"Deportes","link":"https:\/\/www.hoymercedes.com.ar\/principal\/category\/deportes\/"},"img":{"alt_text":"","src":"https:\/\/i0.wp.com\/www.hoymercedes.com.ar\/principal\/wp-content\/uploads\/2017\/11\/23555384_1675041562540540_562312281_o.jpg?resize=350%2C200&ssl=1","width":350,"height":200,"srcset":"https:\/\/i0.wp.com\/www.hoymercedes.com.ar\/principal\/wp-content\/uploads\/2017\/11\/23555384_1675041562540540_562312281_o.jpg?resize=350%2C200&ssl=1 1x, https:\/\/i0.wp.com\/www.hoymercedes.com.ar\/principal\/wp-content\/uploads\/2017\/11\/23555384_1675041562540540_562312281_o.jpg?resize=525%2C300&ssl=1 1.5x, https:\/\/i0.wp.com\/www.hoymercedes.com.ar\/principal\/wp-content\/uploads\/2017\/11\/23555384_1675041562540540_562312281_o.jpg?resize=700%2C400&ssl=1 2x, https:\/\/i0.wp.com\/www.hoymercedes.com.ar\/principal\/wp-content\/uploads\/2017\/11\/23555384_1675041562540540_562312281_o.jpg?resize=1050%2C600&ssl=1 3x"},"classes":[]},{"id":104118,"url":"https:\/\/www.hoymercedes.com.ar\/principal\/2019\/12\/16\/alejandro-altieri-se-corono-campeon-del-torneo-cierre-de-ano\/","url_meta":{"origin":103320,"position":1},"title":"Alejandro Altieri se coron\u00f3 campe\u00f3n del torneo Cierre de A\u00f1o","author":"hoymercedes","date":"16 diciembre, 2019","format":false,"excerpt":"En Club Del Progreso se jug\u00f3 la sexta y \u00faltima fecha del torneo Cierre de A\u00f1o, el segundo de la temporada 2019 de esta instituci\u00f3n. En un final muy re\u00f1ido, con tres jugadores peleando el t\u00edtulo, fue Alejandro Altieri quien se termin\u00f3 consagrando luego de vencer a Facundo Mazzocchi. Guillermo\u2026","rel":"","context":"En \u00abDeportes\u00bb","block_context":{"text":"Deportes","link":"https:\/\/www.hoymercedes.com.ar\/principal\/category\/deportes\/"},"img":{"alt_text":"","src":"https:\/\/i0.wp.com\/www.hoymercedes.com.ar\/principal\/wp-content\/uploads\/2019\/12\/79774276_863173574097962_8821213448403681280_n.jpg?resize=350%2C200&ssl=1","width":350,"height":200,"srcset":"https:\/\/i0.wp.com\/www.hoymercedes.com.ar\/principal\/wp-content\/uploads\/2019\/12\/79774276_863173574097962_8821213448403681280_n.jpg?resize=350%2C200&ssl=1 1x, https:\/\/i0.wp.com\/www.hoymercedes.com.ar\/principal\/wp-content\/uploads\/2019\/12\/79774276_863173574097962_8821213448403681280_n.jpg?resize=525%2C300&ssl=1 1.5x, https:\/\/i0.wp.com\/www.hoymercedes.com.ar\/principal\/wp-content\/uploads\/2019\/12\/79774276_863173574097962_8821213448403681280_n.jpg?resize=700%2C400&ssl=1 2x, https:\/\/i0.wp.com\/www.hoymercedes.com.ar\/principal\/wp-content\/uploads\/2019\/12\/79774276_863173574097962_8821213448403681280_n.jpg?resize=1050%2C600&ssl=1 3x"},"classes":[]},{"id":68969,"url":"https:\/\/www.hoymercedes.com.ar\/principal\/2017\/10\/31\/se-jugo-la-segunda-fecha-del-torneo-de-ajedrez-primavera-verano\/","url_meta":{"origin":103320,"position":2},"title":"Se jug\u00f3 la segunda fecha del torneo de Ajedrez Primavera &#8211; Verano","author":"hoymercedes","date":"31 octubre, 2017","format":false,"excerpt":"La segunda ronda del torneo de Ajedrez Primavera - Verano del Club del Progreso se disput\u00f3 este viernes por la noche, con victorias de Mart\u00edn Gioscio, Ariel Quijano, Francisco Viola, entre otros partidos que se llevaron a cabo. Facundo Mazzocchi 0 - 1 Mart\u00edn Gioscio Ariel Quijano 1 - 0\u2026","rel":"","context":"En \u00abDeportes\u00bb","block_context":{"text":"Deportes","link":"https:\/\/www.hoymercedes.com.ar\/principal\/category\/deportes\/"},"img":{"alt_text":"","src":"https:\/\/i0.wp.com\/www.hoymercedes.com.ar\/principal\/wp-content\/uploads\/2017\/10\/22883488_1662084300502933_380940602_n.jpg?resize=350%2C200&ssl=1","width":350,"height":200},"classes":[]},{"id":194871,"url":"https:\/\/www.hoymercedes.com.ar\/principal\/2026\/04\/20\/en-el-femenino-de-la-liga-el-fronton-acecha-al-campeon-pabellon\/","url_meta":{"origin":103320,"position":3},"title":"En el Femenino de la Liga, El Front\u00f3n acecha al campe\u00f3n Pabell\u00f3n","author":"hoymercedes","date":"20 abril, 2026","format":false,"excerpt":"Se jug\u00f3 la cuarta fecha del torneo de Primera Divisi\u00f3n del F\u00fatbol Femenino de la Liga Mercedina y El Front\u00f3n de San Andr\u00e9s de Giles quiere volver a ser protagonista de un torneo que lo tuvo como campe\u00f3n en varias oportunidades. Derrot\u00f3 a Palometas y sigue con puntaje ideal y\u2026","rel":"","context":"En \u00abDeportes\u00bb","block_context":{"text":"Deportes","link":"https:\/\/www.hoymercedes.com.ar\/principal\/category\/deportes\/"},"img":{"alt_text":"","src":"https:\/\/i0.wp.com\/www.hoymercedes.com.ar\/principal\/wp-content\/uploads\/2026\/04\/11-2.png?resize=350%2C200&ssl=1","width":350,"height":200,"srcset":"https:\/\/i0.wp.com\/www.hoymercedes.com.ar\/principal\/wp-content\/uploads\/2026\/04\/11-2.png?resize=350%2C200&ssl=1 1x, https:\/\/i0.wp.com\/www.hoymercedes.com.ar\/principal\/wp-content\/uploads\/2026\/04\/11-2.png?resize=525%2C300&ssl=1 1.5x, https:\/\/i0.wp.com\/www.hoymercedes.com.ar\/principal\/wp-content\/uploads\/2026\/04\/11-2.png?resize=700%2C400&ssl=1 2x, https:\/\/i0.wp.com\/www.hoymercedes.com.ar\/principal\/wp-content\/uploads\/2026\/04\/11-2.png?resize=1050%2C600&ssl=1 3x"},"classes":[]},{"id":162234,"url":"https:\/\/www.hoymercedes.com.ar\/principal\/2023\/05\/15\/ajedrez-el-torneo-memoria-tuvo-su-tercera-fecha\/","url_meta":{"origin":103320,"position":4},"title":"Ajedrez: El Torneo \u201cMemoria\u201d tuvo su tercera fecha","author":"hoymercedes","date":"15 mayo, 2023","format":false,"excerpt":"Desde hace algunas semanas se viene desarrollando el torneo \u201cMemoria\u201d en el Club El Progreso llevado adelante por la escuela de ajedrez, Pe\u00f3n R\u00e1pido. Como todos los viernes por la noche, se llev\u00f3 a cabo la tercera ronda y a falta de tan solo 4, los 21 participantes consiguieron los\u2026","rel":"","context":"En \u00abSociedad\u00bb","block_context":{"text":"Sociedad","link":"https:\/\/www.hoymercedes.com.ar\/principal\/category\/sociedad\/"},"img":{"alt_text":"","src":"https:\/\/i0.wp.com\/www.hoymercedes.com.ar\/principal\/wp-content\/uploads\/2023\/05\/ajedrez-1505.jpg?resize=350%2C200&ssl=1","width":350,"height":200,"srcset":"https:\/\/i0.wp.com\/www.hoymercedes.com.ar\/principal\/wp-content\/uploads\/2023\/05\/ajedrez-1505.jpg?resize=350%2C200&ssl=1 1x, https:\/\/i0.wp.com\/www.hoymercedes.com.ar\/principal\/wp-content\/uploads\/2023\/05\/ajedrez-1505.jpg?resize=525%2C300&ssl=1 1.5x, https:\/\/i0.wp.com\/www.hoymercedes.com.ar\/principal\/wp-content\/uploads\/2023\/05\/ajedrez-1505.jpg?resize=700%2C400&ssl=1 2x"},"classes":[]},{"id":103939,"url":"https:\/\/www.hoymercedes.com.ar\/principal\/2019\/12\/13\/el-torneo-de-del-progreso-cada-vez-mas-cerca-de-la-definicion\/","url_meta":{"origin":103320,"position":5},"title":"El torneo de Del Progreso, cada vez m\u00e1s cerca de la definici\u00f3n","author":"hoymercedes","date":"13 diciembre, 2019","format":false,"excerpt":"En Club Del Progreso se realiz\u00f3 la quinta jornada del torneo Cierre de A\u00f1o de Ajedrez, que hasta el momento tiene tres punteros. Este viernes se jugar\u00e1 la Sexta fecha.","rel":"","context":"En \u00abDeportes\u00bb","block_context":{"text":"Deportes","link":"https:\/\/www.hoymercedes.com.ar\/principal\/category\/deportes\/"},"img":{"alt_text":"","src":"https:\/\/i0.wp.com\/www.hoymercedes.com.ar\/principal\/wp-content\/uploads\/2019\/12\/79461986_3072137489480713_5415403712384335872_n-1.jpg?resize=350%2C200&ssl=1","width":350,"height":200,"srcset":"https:\/\/i0.wp.com\/www.hoymercedes.com.ar\/principal\/wp-content\/uploads\/2019\/12\/79461986_3072137489480713_5415403712384335872_n-1.jpg?resize=350%2C200&ssl=1 1x, https:\/\/i0.wp.com\/www.hoymercedes.com.ar\/principal\/wp-content\/uploads\/2019\/12\/79461986_3072137489480713_5415403712384335872_n-1.jpg?resize=525%2C300&ssl=1 1.5x, https:\/\/i0.wp.com\/www.hoymercedes.com.ar\/principal\/wp-content\/uploads\/2019\/12\/79461986_3072137489480713_5415403712384335872_n-1.jpg?resize=700%2C400&ssl=1 2x, https:\/\/i0.wp.com\/www.hoymercedes.com.ar\/principal\/wp-content\/uploads\/2019\/12\/79461986_3072137489480713_5415403712384335872_n-1.jpg?resize=1050%2C600&ssl=1 3x"},"classes":[]}],"_links":{"self":[{"href":"https:\/\/www.hoymercedes.com.ar\/principal\/wp-json\/wp\/v2\/posts\/103320","targetHints":{"allow":["GET"]}}],"collection":[{"href":"https:\/\/www.hoymercedes.com.ar\/principal\/wp-json\/wp\/v2\/posts"}],"about":[{"href":"https:\/\/www.hoymercedes.com.ar\/principal\/wp-json\/wp\/v2\/types\/post"}],"author":[{"embeddable":true,"href":"https:\/\/www.hoymercedes.com.ar\/principal\/wp-json\/wp\/v2\/users\/1"}],"replies":[{"embeddable":true,"href":"https:\/\/www.hoymercedes.com.ar\/principal\/wp-json\/wp\/v2\/comments?post=103320"}],"version-history":[{"count":0,"href":"https:\/\/www.hoymercedes.com.ar\/principal\/wp-json\/wp\/v2\/posts\/103320\/revisions"}],"wp:featuredmedia":[{"embeddable":true,"href":"https:\/\/www.hoymercedes.com.ar\/principal\/wp-json\/wp\/v2\/media\/103366"}],"wp:attachment":[{"href":"https:\/\/www.hoymercedes.com.ar\/principal\/wp-json\/wp\/v2\/media?parent=103320"}],"wp:term":[{"taxonomy":"category","embeddable":true,"href":"https:\/\/www.hoymercedes.com.ar\/principal\/wp-json\/wp\/v2\/categories?post=103320"},{"taxonomy":"post_tag","embeddable":true,"href":"https:\/\/www.hoymercedes.com.ar\/principal\/wp-json\/wp\/v2\/tags?post=103320"}],"curies":[{"name":"wp","href":"https:\/\/api.w.org\/{rel}","templated":true}]}}