{"id":103336,"date":"2019-12-03T11:09:38","date_gmt":"2019-12-03T14:09:38","guid":{"rendered":"http:\/\/www.hoymercedes.com.ar\/principal\/?p=103336"},"modified":"2019-12-03T11:09:40","modified_gmt":"2019-12-03T14:09:40","slug":"este-finde-se-realizara-la-fiesta-nacional-del-durazno","status":"publish","type":"post","link":"https:\/\/www.hoymercedes.com.ar\/principal\/2019\/12\/03\/este-finde-se-realizara-la-fiesta-nacional-del-durazno\/","title":{"rendered":"Este finde se realizar\u00e1 la Fiesta Nacional del Durazno"},"content":{"rendered":"\n<p>El pr\u00f3ximo fin de semana se vivir\u00e1 una nueva gran fiesta familiar y tur\u00edstica. La 43\u00b0 edici\u00f3n de la Fiesta Nacional del Durazno volver\u00e1 a presentarse en el predio de La Trocha. Homenajeando a nuestros productores, la cultura y tradici\u00f3n iniciar\u00e1 el viernes para finalizar el domingo. Habr\u00e1 propuestas gastron\u00f3micas, musicales, expo y concursos.<\/p>\n\n\n\n<p>En la nueva edici\u00f3n se espera volver a poner en valor y reconocer el trabajo que d\u00eda a d\u00eda efect\u00faan los productores locales, quienes han logrado mantener vigente la cultura del trabajo, la tarea campera y logrando mantener firme un proceso productivo dif\u00edcil, como es la producci\u00f3n de duraznos.<\/p>\n\n\n\n<p>\u201cLa fiesta tendr\u00e1 todo aquello que nos gusta\u201d contaron desde la organizaci\u00f3n. \u201cHabr\u00e1 un sector gastron\u00f3mico promoviendo nuevamente el trabajo mercedino, de cervecer\u00edas, artesan\u00edas, peque\u00f1os productores\u201d y \u201cjuegos y sectores para las familias, ni\u00f1os y ni\u00f1as\u201d comentaron y remarcaron que \u201cla idea es poder encontrarnos, generar oportunidades de encuentro con la cultura, el entretenimiento y seguir mostrando que en Mercedes siempre hay algo para disfrutar\u201d expusieron.<\/p>\n\n\n\n<p>Si bien no se conocieron detalles de la grilla se remarc\u00f3 que \u201cvolveremos a poner mucho \u00e9nfasis en los grandes talentos locales. Nuestros artistas nos acompa\u00f1an todo el a\u00f1o, est\u00e1n siempre presentes y son de primera calidad. Vamos a darles el lugar que se merece, como lo vivimos en cada fiesta\u201d remarcaron.<\/p>\n\n\n\n<p>La fiesta se inicia el viernes 6 para finalizar el domingo 8. Se conocer\u00e1 el pr\u00f3ximo embajador de la fiesta y la elecci\u00f3n del productor del a\u00f1o, el mejor dulce, concurso de recolecci\u00f3n y de embalado, dando as\u00ed el merecido espacio a quienes cada d\u00eda del a\u00f1o, de Sol a Sol, producen uno de los mejores duraznos del pa\u00eds.<\/p>\n","protected":false},"excerpt":{"rendered":"<p>El pr\u00f3ximo fin de semana se vivir\u00e1 una nueva gran fiesta familiar y tur\u00edstica. La 43\u00b0 edici\u00f3n de la Fiesta &#8230; <a title=\"Este finde se realizar\u00e1 la Fiesta Nacional del Durazno\" class=\"read-more\" href=\"https:\/\/www.hoymercedes.com.ar\/principal\/2019\/12\/03\/este-finde-se-realizara-la-fiesta-nacional-del-durazno\/\" aria-label=\"Leer m\u00e1s sobre Este finde se realizar\u00e1 la Fiesta Nacional del Durazno\">Leer m\u00e1s<\/a><\/p>\n","protected":false},"author":1,"featured_media":39382,"comment_status":"closed","ping_status":"open","sticky":false,"template":"","format":"standard","meta":{"_monsterinsights_skip_tracking":false,"_monsterinsights_sitenote_active":false,"_monsterinsights_sitenote_note":"","_monsterinsights_sitenote_category":0,"jetpack_post_was_ever_published":false,"_jetpack_newsletter_access":"","_jetpack_dont_email_post_to_subs":false,"_jetpack_newsletter_tier_id":0,"_jetpack_memberships_contains_paywalled_content":false,"_jetpack_memberships_contains_paid_content":false,"footnotes":"","jetpack_publicize_message":"","jetpack_publicize_feature_enabled":true,"jetpack_social_post_already_shared":true,"jetpack_social_options":{"image_generator_settings":{"template":"highway","default_image_id":0,"font":"","enabled":false},"version":2},"_wpas_customize_per_network":false},"categories":[8],"tags":[208,4616],"class_list":["post-103336","post","type-post","status-publish","format-standard","has-post-thumbnail","hentry","category-sociedad","tag-fiesta-del-durazno","tag-fiestas-populares-mercedes","generate-columns","tablet-grid-50","mobile-grid-100","grid-parent","grid-50"],"jetpack_publicize_connections":[],"jetpack_featured_media_url":"https:\/\/www.hoymercedes.com.ar\/principal\/wp-content\/uploads\/2015\/02\/FiestadelDurazno023.jpg","wps_subtitle":"Fiestas Populares","jetpack_sharing_enabled":true,"_links":{"self":[{"href":"https:\/\/www.hoymercedes.com.ar\/principal\/wp-json\/wp\/v2\/posts\/103336","targetHints":{"allow":["GET"]}}],"collection":[{"href":"https:\/\/www.hoymercedes.com.ar\/principal\/wp-json\/wp\/v2\/posts"}],"about":[{"href":"https:\/\/www.hoymercedes.com.ar\/principal\/wp-json\/wp\/v2\/types\/post"}],"author":[{"embeddable":true,"href":"https:\/\/www.hoymercedes.com.ar\/principal\/wp-json\/wp\/v2\/users\/1"}],"replies":[{"embeddable":true,"href":"https:\/\/www.hoymercedes.com.ar\/principal\/wp-json\/wp\/v2\/comments?post=103336"}],"version-history":[{"count":0,"href":"https:\/\/www.hoymercedes.com.ar\/principal\/wp-json\/wp\/v2\/posts\/103336\/revisions"}],"wp:featuredmedia":[{"embeddable":true,"href":"https:\/\/www.hoymercedes.com.ar\/principal\/wp-json\/wp\/v2\/media\/39382"}],"wp:attachment":[{"href":"https:\/\/www.hoymercedes.com.ar\/principal\/wp-json\/wp\/v2\/media?parent=103336"}],"wp:term":[{"taxonomy":"category","embeddable":true,"href":"https:\/\/www.hoymercedes.com.ar\/principal\/wp-json\/wp\/v2\/categories?post=103336"},{"taxonomy":"post_tag","embeddable":true,"href":"https:\/\/www.hoymercedes.com.ar\/principal\/wp-json\/wp\/v2\/tags?post=103336"}],"curies":[{"name":"wp","href":"https:\/\/api.w.org\/{rel}","templated":true}]}}