{"id":103346,"date":"2019-12-03T18:42:45","date_gmt":"2019-12-03T21:42:45","guid":{"rendered":"http:\/\/www.hoymercedes.com.ar\/principal\/?p=103346"},"modified":"2019-12-03T18:42:50","modified_gmt":"2019-12-03T21:42:50","slug":"nueva-donacion-de-la-policia-federal-a-la-escuela-de-educacion-primaria-n30","status":"publish","type":"post","link":"https:\/\/www.hoymercedes.com.ar\/principal\/2019\/12\/03\/nueva-donacion-de-la-policia-federal-a-la-escuela-de-educacion-primaria-n30\/","title":{"rendered":"Nueva donaci\u00f3n de la Polic\u00eda Federal a la Escuela de Educaci\u00f3n Primaria N\u00b030"},"content":{"rendered":"\n<p><strong><em>La Delegaci\u00f3n Mercedes de la Polic\u00eda Federal Argentina, realiz\u00f3 la semana pasada, una nueva donaci\u00f3n a la Escuela de Educaci\u00f3n Primaria N\u00b030 \u201cHip\u00f3lito Irigoyen\u201d ubicada en<\/em><\/strong> <strong><em>calle 55 N\u00b0 255 de la Ciudad de Mercedes.<\/em><\/strong><\/p>\n\n\n\n<p>La\nJefatura de la Delegaci\u00f3n Mercedes de P.F.A. y personal a su cargo, llevaron a\ncabo una nueva donaci\u00f3n la que consisti\u00f3 de diversos art\u00edculos comestibles no\nperecederos, como<\/p>\n\n\n\n<p>chocolates,\nalfajores, galletitas, y otras golosinas para el comedor escolar, al cual\nasisten aproximadamente doscientos cincuenta (250) ni\u00f1os, diariamente.<\/p>\n\n\n\n<p>As\u00ed\nmismo, en esta oportunidad, personal de la Divisi\u00f3n Imagen Institucional de la Polic\u00eda\nFederal Argentina brindo un una charla, en la cual se desarrollaron temas\nsensibles,<\/p>\n\n\n\n<p>como\nla seguridad de los menores al quedarse solos en la vivienda, hechos de\ninseguridad que pueden atravesar en la v\u00eda p\u00fablica, y los Peligros para ni\u00f1os y\nadolescentes al navegar en Redes Sociales, tales como pueden ser el Grooming,\nBullying y Ciberacoso entre otros temas, tambi\u00e9n se proyectaron diapositivas\ninformativas para los ni\u00f1os, asistiendo alumnos de 4\u00b0, 5\u00b0 y 6\u00b0 ciclo, Directivos\nde la Instituci\u00f3n Educativa, a cargo de la Directora Sra. Mar\u00eda Elena Oliva,\njunto a personal docente, auxiliares y padres presentes.<\/p>\n\n\n\n<figure class=\"wp-block-image size-large\"><img loading=\"lazy\" decoding=\"async\" width=\"736\" height=\"491\" data-attachment-id=\"103347\" data-permalink=\"https:\/\/www.hoymercedes.com.ar\/principal\/2019\/12\/03\/nueva-donacion-de-la-policia-federal-a-la-escuela-de-educacion-primaria-n30\/donacionpolicia1\/#main\" data-orig-file=\"https:\/\/www.hoymercedes.com.ar\/principal\/wp-content\/uploads\/2019\/12\/DonacionPolicia1.jpg\" data-orig-size=\"736,491\" data-comments-opened=\"0\" data-image-meta=\"{&quot;aperture&quot;:&quot;0&quot;,&quot;credit&quot;:&quot;&quot;,&quot;camera&quot;:&quot;&quot;,&quot;caption&quot;:&quot;&quot;,&quot;created_timestamp&quot;:&quot;0&quot;,&quot;copyright&quot;:&quot;&quot;,&quot;focal_length&quot;:&quot;0&quot;,&quot;iso&quot;:&quot;0&quot;,&quot;shutter_speed&quot;:&quot;0&quot;,&quot;title&quot;:&quot;&quot;,&quot;orientation&quot;:&quot;0&quot;}\" data-image-title=\"DonacionPolicia1\" data-image-description=\"\" data-image-caption=\"\" data-large-file=\"https:\/\/www.hoymercedes.com.ar\/principal\/wp-content\/uploads\/2019\/12\/DonacionPolicia1.jpg\" src=\"https:\/\/www.hoymercedes.com.ar\/principal\/wp-content\/uploads\/2019\/12\/DonacionPolicia1.jpg\" alt=\"\" class=\"wp-image-103347\"\/><\/figure>\n","protected":false},"excerpt":{"rendered":"<p>La Delegaci\u00f3n Mercedes de la Polic\u00eda Federal Argentina, realiz\u00f3 la semana pasada, una nueva donaci\u00f3n a la Escuela de Educaci\u00f3n &#8230; <a title=\"Nueva donaci\u00f3n de la Polic\u00eda Federal a la Escuela de Educaci\u00f3n Primaria N\u00b030\" class=\"read-more\" href=\"https:\/\/www.hoymercedes.com.ar\/principal\/2019\/12\/03\/nueva-donacion-de-la-policia-federal-a-la-escuela-de-educacion-primaria-n30\/\" aria-label=\"Leer m\u00e1s sobre Nueva donaci\u00f3n de la Polic\u00eda Federal a la Escuela de Educaci\u00f3n Primaria N\u00b030\">Leer m\u00e1s<\/a><\/p>\n","protected":false},"author":1,"featured_media":103347,"comment_status":"closed","ping_status":"open","sticky":false,"template":"","format":"standard","meta":{"_monsterinsights_skip_tracking":false,"_monsterinsights_sitenote_active":false,"_monsterinsights_sitenote_note":"","_monsterinsights_sitenote_category":0,"jetpack_post_was_ever_published":false,"_jetpack_newsletter_access":"","_jetpack_dont_email_post_to_subs":false,"_jetpack_newsletter_tier_id":0,"_jetpack_memberships_contains_paywalled_content":false,"_jetpack_memberships_contains_paid_content":false,"footnotes":"","jetpack_publicize_message":"","jetpack_publicize_feature_enabled":true,"jetpack_social_post_already_shared":true,"jetpack_social_options":{"image_generator_settings":{"template":"highway","default_image_id":0,"font":"","enabled":false},"version":2},"_wpas_customize_per_network":false},"categories":[8],"tags":[],"class_list":["post-103346","post","type-post","status-publish","format-standard","has-post-thumbnail","hentry","category-sociedad","generate-columns","tablet-grid-50","mobile-grid-100","grid-parent","grid-50"],"jetpack_publicize_connections":[],"jetpack_featured_media_url":"https:\/\/www.hoymercedes.com.ar\/principal\/wp-content\/uploads\/2019\/12\/DonacionPolicia1.jpg","wps_subtitle":"Solidaridad policial","jetpack_sharing_enabled":true,"_links":{"self":[{"href":"https:\/\/www.hoymercedes.com.ar\/principal\/wp-json\/wp\/v2\/posts\/103346","targetHints":{"allow":["GET"]}}],"collection":[{"href":"https:\/\/www.hoymercedes.com.ar\/principal\/wp-json\/wp\/v2\/posts"}],"about":[{"href":"https:\/\/www.hoymercedes.com.ar\/principal\/wp-json\/wp\/v2\/types\/post"}],"author":[{"embeddable":true,"href":"https:\/\/www.hoymercedes.com.ar\/principal\/wp-json\/wp\/v2\/users\/1"}],"replies":[{"embeddable":true,"href":"https:\/\/www.hoymercedes.com.ar\/principal\/wp-json\/wp\/v2\/comments?post=103346"}],"version-history":[{"count":0,"href":"https:\/\/www.hoymercedes.com.ar\/principal\/wp-json\/wp\/v2\/posts\/103346\/revisions"}],"wp:featuredmedia":[{"embeddable":true,"href":"https:\/\/www.hoymercedes.com.ar\/principal\/wp-json\/wp\/v2\/media\/103347"}],"wp:attachment":[{"href":"https:\/\/www.hoymercedes.com.ar\/principal\/wp-json\/wp\/v2\/media?parent=103346"}],"wp:term":[{"taxonomy":"category","embeddable":true,"href":"https:\/\/www.hoymercedes.com.ar\/principal\/wp-json\/wp\/v2\/categories?post=103346"},{"taxonomy":"post_tag","embeddable":true,"href":"https:\/\/www.hoymercedes.com.ar\/principal\/wp-json\/wp\/v2\/tags?post=103346"}],"curies":[{"name":"wp","href":"https:\/\/api.w.org\/{rel}","templated":true}]}}