{"id":103374,"date":"2019-12-03T22:18:00","date_gmt":"2019-12-04T01:18:00","guid":{"rendered":"http:\/\/www.hoymercedes.com.ar\/principal\/?p=103374"},"modified":"2019-12-04T18:20:26","modified_gmt":"2019-12-04T21:20:26","slug":"selva-fue-parte-de-plenario-de-came","status":"publish","type":"post","link":"https:\/\/www.hoymercedes.com.ar\/principal\/2019\/12\/03\/selva-fue-parte-de-plenario-de-came\/","title":{"rendered":"Selva fue parte de plenario de CAME"},"content":{"rendered":"\n<p>El diputado nacional Carlos Selva fue parte activamente del \u00faltimo plenario de CAME. Se trat\u00f3 del Plenario Nacional de Econom\u00edas Regionales organizado por la Confederaci\u00f3n Argentina de la Mediana Empresa (CAME).<\/p>\n\n\n\n<figure class=\"wp-block-image size-large\"><img loading=\"lazy\" decoding=\"async\" width=\"819\" height=\"524\" data-attachment-id=\"103375\" data-permalink=\"https:\/\/www.hoymercedes.com.ar\/principal\/2019\/12\/03\/selva-fue-parte-de-plenario-de-came\/selvacame4-1\/#main\" data-orig-file=\"https:\/\/www.hoymercedes.com.ar\/principal\/wp-content\/uploads\/2019\/12\/SelvaCAME4-1.jpg\" data-orig-size=\"819,524\" data-comments-opened=\"0\" data-image-meta=\"{&quot;aperture&quot;:&quot;0&quot;,&quot;credit&quot;:&quot;&quot;,&quot;camera&quot;:&quot;&quot;,&quot;caption&quot;:&quot;&quot;,&quot;created_timestamp&quot;:&quot;0&quot;,&quot;copyright&quot;:&quot;&quot;,&quot;focal_length&quot;:&quot;0&quot;,&quot;iso&quot;:&quot;0&quot;,&quot;shutter_speed&quot;:&quot;0&quot;,&quot;title&quot;:&quot;&quot;,&quot;orientation&quot;:&quot;0&quot;}\" data-image-title=\"SelvaCAME4-1\" data-image-description=\"\" data-image-caption=\"\" data-large-file=\"https:\/\/www.hoymercedes.com.ar\/principal\/wp-content\/uploads\/2019\/12\/SelvaCAME4-1.jpg\" src=\"https:\/\/www.hoymercedes.com.ar\/principal\/wp-content\/uploads\/2019\/12\/SelvaCAME4-1.jpg\" alt=\"\" class=\"wp-image-103375\"\/><\/figure>\n\n\n\n<p>\u201cEl desarrollo de las econom\u00edas regionales, el fortalecimiento de los sectores productivos y el impulso de las peque\u00f1as y medianas empresas, van a volver a ser una prioridad en la etapa que viene para la Argentina\u201d, dijo Selva y record\u00f3 que se necesita de \u201ctodos los sectores para volver a ponernos de pie\u201d.<\/p>\n\n\n\n<p>Seg\u00fan datos relevados por el Censo Nacional Agropecuario 2018, de las 256.881 explotaciones agropecuarias existentes, m\u00e1s del 63% corresponden a econom\u00edas regionales, que contin\u00faan con serias dificultades para ofrecer sus productos al mundo ante los continuos cambios de normativas.<\/p>\n\n\n\n<p>A eso se suman dificultades para registrar y desvincular trabajadores temporarios necesarios para la cosecha, altos costos energ\u00e9ticos y de tasas para acceder a cr\u00e9ditos, y una falta de pol\u00edtica tributaria regionalizada que contemple las asimetr\u00edas del interior profundo y el tama\u00f1o de las empresas.<\/p>\n\n\n\n<p>Con estos planteos, m\u00e1s de 280 dirigentes agropecuarios de todo el pa\u00eds, representando a los peque\u00f1os y medianos productores, realizaron un plenario en la sede de la Confederaci\u00f3n Argentina de la mediana Empresa (CAME), para elaborar medidas que permitan al sector recuperar rentabilidad y competitividad. \u201cEl gran desaf\u00edo de Argentina es poder insertarse inteligentemente en el mundo con agroalimentos\u201d, se\u00f1al\u00f3 el titular de Econom\u00edas Regionales de CAME, Eduardo Rodr\u00edguez.<\/p>\n\n\n\n<p>En un repaso por los logros de la gesti\u00f3n, Rodr\u00edguez habl\u00f3 del adelantamiento del M\u00ednimo No Imponible pedido por la entidad, la baja de derechos de exportaciones, el apoyo al proyecto de Ley de G\u00f3ndolas que ya obtuvo media sanci\u00f3n (un instrumento decisivo no s\u00f3lo para el consumidor, sino tambi\u00e9n para las pymes en funci\u00f3n del comercio justo, buscando terminar con pr\u00e1cticas abusivas y posiciones dominantes que por muchos a\u00f1os tuvieron lugar) y la Ley de Emergencia Citr\u00edcola. \u201cLa desburocratizaci\u00f3n del Estado, la apertura de nuevos mercados y la buena predisposici\u00f3n al di\u00e1logo son cosas que anhelamos que se mantengan y promuevan en el pr\u00f3ximo gobierno\u201d, dijo y remarc\u00f3 la importancia del Censo Nacional Agropecuario 2018 con estad\u00edsticas p\u00fablicas confiables.<\/p>\n\n\n\n<figure class=\"wp-block-image size-large\"><img loading=\"lazy\" decoding=\"async\" width=\"960\" height=\"616\" data-attachment-id=\"103376\" data-permalink=\"https:\/\/www.hoymercedes.com.ar\/principal\/2019\/12\/03\/selva-fue-parte-de-plenario-de-came\/selvacame4\/#main\" data-orig-file=\"https:\/\/www.hoymercedes.com.ar\/principal\/wp-content\/uploads\/2019\/12\/SelvaCAME4.jpg\" data-orig-size=\"960,616\" data-comments-opened=\"0\" data-image-meta=\"{&quot;aperture&quot;:&quot;0&quot;,&quot;credit&quot;:&quot;&quot;,&quot;camera&quot;:&quot;&quot;,&quot;caption&quot;:&quot;&quot;,&quot;created_timestamp&quot;:&quot;0&quot;,&quot;copyright&quot;:&quot;&quot;,&quot;focal_length&quot;:&quot;0&quot;,&quot;iso&quot;:&quot;0&quot;,&quot;shutter_speed&quot;:&quot;0&quot;,&quot;title&quot;:&quot;&quot;,&quot;orientation&quot;:&quot;0&quot;}\" data-image-title=\"SelvaCAME4\" data-image-description=\"\" data-image-caption=\"\" data-large-file=\"https:\/\/www.hoymercedes.com.ar\/principal\/wp-content\/uploads\/2019\/12\/SelvaCAME4.jpg\" src=\"https:\/\/www.hoymercedes.com.ar\/principal\/wp-content\/uploads\/2019\/12\/SelvaCAME4.jpg\" alt=\"\" class=\"wp-image-103376\"\/><\/figure>\n\n\n\n<p>Adem\u00e1s, el dirigente expres\u00f3 el inter\u00e9s de que el sector pueda participar del \u201cConsejo contra el Hambre\u201d propuesto por el pr\u00f3ximo gobierno. \u201c\u00bfQui\u00e9n mejor que nosotros, los productores pymes que producimos gran parte de los alimentos que se consumen?\u201d, reflexion\u00f3 Rodr\u00edguez.<\/p>\n\n\n\n<p>Durante la jornada se analizaron los diferentes desaf\u00edos que debe enfrentar el sector para llevar sus productos todos los d\u00edas a la mesa de los argentinos. Desde pol\u00edticas laborales, un r\u00e9gimen tributario capaz de diferenciar por tama\u00f1o de empresa y regi\u00f3n, incentivos a la inversi\u00f3n, extensi\u00f3n del M\u00ednimo No Imponible a m\u00e1s actividades productivas, compensaci\u00f3n de combustible para bajar el costo del flete, costos energ\u00e9ticos, retenciones y mayores reintegros a la exportaci\u00f3n, suspensi\u00f3n del impuesto al cheque, un Plan de Conectividad para zonas rurales tendiente a federalizar el acceso a Internet, y seguridad alimentaria como pol\u00edtica de Estado, fueron algunos de los ejes abordados.<\/p>\n\n\n\n<p>Fuente: Carlos Selva Web<\/p>\n","protected":false},"excerpt":{"rendered":"<p>El diputado nacional Carlos Selva fue parte activamente del \u00faltimo plenario de CAME. Se trat\u00f3 del Plenario Nacional de Econom\u00edas &#8230; <a title=\"Selva fue parte de plenario de CAME\" class=\"read-more\" href=\"https:\/\/www.hoymercedes.com.ar\/principal\/2019\/12\/03\/selva-fue-parte-de-plenario-de-came\/\" aria-label=\"Leer m\u00e1s sobre Selva fue parte de plenario de CAME\">Leer m\u00e1s<\/a><\/p>\n","protected":false},"author":1,"featured_media":103376,"comment_status":"closed","ping_status":"open","sticky":false,"template":"","format":"standard","meta":{"_monsterinsights_skip_tracking":false,"_monsterinsights_sitenote_active":false,"_monsterinsights_sitenote_note":"","_monsterinsights_sitenote_category":0,"jetpack_post_was_ever_published":false,"_jetpack_newsletter_access":"","_jetpack_dont_email_post_to_subs":false,"_jetpack_newsletter_tier_id":0,"_jetpack_memberships_contains_paywalled_content":false,"_jetpack_memberships_contains_paid_content":false,"footnotes":"","jetpack_publicize_message":"","jetpack_publicize_feature_enabled":true,"jetpack_social_post_already_shared":true,"jetpack_social_options":{"image_generator_settings":{"template":"highway","default_image_id":0,"font":"","enabled":false},"version":2},"_wpas_customize_per_network":false},"categories":[5210],"tags":[1496,39],"class_list":["post-103374","post","type-post","status-publish","format-standard","has-post-thumbnail","hentry","category-politica-nacional","tag-came","tag-carlos-selva","generate-columns","tablet-grid-50","mobile-grid-100","grid-parent","grid-50"],"jetpack_publicize_connections":[],"jetpack_featured_media_url":"https:\/\/www.hoymercedes.com.ar\/principal\/wp-content\/uploads\/2019\/12\/SelvaCAME4.jpg","wps_subtitle":"Econom\u00edas regionales en discusi\u00f3n","jetpack_sharing_enabled":true,"_links":{"self":[{"href":"https:\/\/www.hoymercedes.com.ar\/principal\/wp-json\/wp\/v2\/posts\/103374","targetHints":{"allow":["GET"]}}],"collection":[{"href":"https:\/\/www.hoymercedes.com.ar\/principal\/wp-json\/wp\/v2\/posts"}],"about":[{"href":"https:\/\/www.hoymercedes.com.ar\/principal\/wp-json\/wp\/v2\/types\/post"}],"author":[{"embeddable":true,"href":"https:\/\/www.hoymercedes.com.ar\/principal\/wp-json\/wp\/v2\/users\/1"}],"replies":[{"embeddable":true,"href":"https:\/\/www.hoymercedes.com.ar\/principal\/wp-json\/wp\/v2\/comments?post=103374"}],"version-history":[{"count":0,"href":"https:\/\/www.hoymercedes.com.ar\/principal\/wp-json\/wp\/v2\/posts\/103374\/revisions"}],"wp:featuredmedia":[{"embeddable":true,"href":"https:\/\/www.hoymercedes.com.ar\/principal\/wp-json\/wp\/v2\/media\/103376"}],"wp:attachment":[{"href":"https:\/\/www.hoymercedes.com.ar\/principal\/wp-json\/wp\/v2\/media?parent=103374"}],"wp:term":[{"taxonomy":"category","embeddable":true,"href":"https:\/\/www.hoymercedes.com.ar\/principal\/wp-json\/wp\/v2\/categories?post=103374"},{"taxonomy":"post_tag","embeddable":true,"href":"https:\/\/www.hoymercedes.com.ar\/principal\/wp-json\/wp\/v2\/tags?post=103374"}],"curies":[{"name":"wp","href":"https:\/\/api.w.org\/{rel}","templated":true}]}}