{"id":103405,"date":"2019-12-04T18:12:40","date_gmt":"2019-12-04T21:12:40","guid":{"rendered":"http:\/\/www.hoymercedes.com.ar\/principal\/?p=103405"},"modified":"2019-12-04T18:15:58","modified_gmt":"2019-12-04T21:15:58","slug":"todo-listo-para-la-43-fiesta-nacional-del-durazno-este-fin-de-semana-en-la-trocha","status":"publish","type":"post","link":"https:\/\/www.hoymercedes.com.ar\/principal\/2019\/12\/04\/todo-listo-para-la-43-fiesta-nacional-del-durazno-este-fin-de-semana-en-la-trocha\/","title":{"rendered":"Todo listo para la 43\u00b0 Fiesta Nacional del Durazno este fin de semana en La Trocha"},"content":{"rendered":"\n<figure class=\"wp-block-embed-youtube wp-block-embed is-type-video is-provider-youtube wp-embed-aspect-16-9 wp-has-aspect-ratio\"><div class=\"wp-block-embed__wrapper\">\n<span class=\"embed-youtube\" style=\"text-align:center; display: block;\"><iframe loading=\"lazy\" class=\"youtube-player\" width=\"1200\" height=\"675\" src=\"https:\/\/www.youtube.com\/embed\/iTWHLBvfVhc?version=3&#038;rel=1&#038;showsearch=0&#038;showinfo=1&#038;iv_load_policy=1&#038;fs=1&#038;hl=es-ES&#038;autohide=2&#038;wmode=transparent\" allowfullscreen=\"true\" style=\"border:0;\" sandbox=\"allow-scripts allow-same-origin allow-popups allow-presentation allow-popups-to-escape-sandbox\"><\/iframe><\/span>\n<\/div><\/figure>\n\n\n\n<p>Se viene la Fiesta Nacional del Durazno. Ser\u00e1n tres jornadas plagadas de artistas de gran talla como Los Salamines, Los L\u00f3pez Heredia, Ivana Cestari y Johana Rodr\u00edguez. Este 6, 7 y 8 de diciembre la familias mercedinas podr\u00e1n disfrutar propuestas gastron\u00f3micas, musicales, expo y concursos. \u201cEsta es una fiesta que tiene historia, que conlleva trabajo y que tiene que ver con los or\u00edgenes de nuestra ciudad\u201d se\u00f1al\u00f3 el secretario de gobierno, Juan Pablo L\u00f3pez Baggio.<\/p>\n\n\n\n<p>Estuvieron presentes, el\nsecretario de gobierno, Juan Pablo L\u00f3pez Baggio, los Directores de Producci\u00f3n\nMarcelo Den\u00e1pole, de Cultura Luc\u00eda Capaccio y de Turismo Mart\u00edn Boragno,\nproductores locales y la embajadora de la fiesta Ivana Cestari. <\/p>\n\n\n\n<p>A su vez, L\u00f3pez Baggio manifest\u00f3 \u201cLas\nvirtudes de nuestro suelo y nuestro clima hizo que Mercedes se convirtiera en\nFiesta Nacional pero por sobre todas las cosas poniendo en relieve un producto\nde excelente calidad para todo el pa\u00eds\u201d. <\/p>\n\n\n\n<p>Asimismo subray\u00f3 \u201cesta se ha\nvuelto una ciudad muy popular donde gente de toda la provincia la elige por su\nvariada y m\u00faltiple agenda cultural\u201d y agreg\u00f3 \u201cesto promociona nuestra ciudad y\ngenera nuevas oportunidades de trabajo\u201d. <\/p>\n\n\n\n<p>\u201cEs una alegr\u00eda poder estar\nanunciando una vez m\u00e1s esta fiesta, tenemos muchas expectativas e invitamos a\ntodos este fin de semana a participar de la Fiesta Nacional del Durazno\u201d\nexpres\u00f3 Juan Pablo L\u00f3pez Baggio.<\/p>\n\n\n\n<p>Susana Castagneto una de las\nprincipales referentes del grupo Resurgir enfatiz\u00f3 &nbsp;el gran trabajo de los productores \u201ccada vez\nsomos m\u00e1s\u201d y agradeci\u00f3 el trabajo en conjunto \u201centre las direcciones de\nproducci\u00f3n, cultura y turismo con quienes venimos logrando cosas hermosas\u201d.<\/p>\n\n\n\n<p>Conjuntamente la productora\ndeclar\u00f3 \u201ceste ha sido el segundo a\u00f1o consecutivo que hemos tenido una gran\nproducci\u00f3n, por eso estamos muy felices\u201d y a\u00f1adi\u00f3 \u201chace 16 a\u00f1os que comenzamos\ncon el plan de reforestaci\u00f3n y vemos todos los a\u00f1os como la producci\u00f3n va\ncreciendo y mejorando notablemente\u201d. &nbsp;&nbsp;&nbsp;<\/p>\n\n\n\n<p>Por su parte, Marcelo Den\u00e1pole,\ndirector de producci\u00f3n dijo \u201cdesde el punto de vista t\u00e9cnico se va a estar\ndesarrollando el concurso al mejor productor nacional -tenemos un jurado de\nlujo- el concurso de dulceras y desarrollaremos cuestiones productivas de inter\u00e9s\ngeneral que resaltaran el trabajo y la transformaci\u00f3n en diferentes productos\ndel durazno\u201d. <\/p>\n\n\n\n<p>La fiesta es libre y gratuita y quienes\nasistan podr\u00e1n disfrutar de una gran gama de artistas, como as\u00ed tambi\u00e9n, &nbsp;podr\u00e1n conocer el pr\u00f3ximo embajador de la\nfiesta, la elecci\u00f3n del productor del a\u00f1o, el mejor dulce, concurso de\nrecolecci\u00f3n y de embalado. <\/p>\n\n\n\n<p>FIESTA DEL DURAZNO 2019<\/p>\n\n\n\n<p>Viernes 6<\/p>\n\n\n\n<p>19.30 &#8211; Recepci\u00f3n de autoridades\ny Acto de apertura \u2013 Embajador cultural<\/p>\n\n\n\n<p>20.30 &#8211; Ballet Municipal\n\u201cEstrella del Sur\u201d &#8211; Stella 15477050<\/p>\n\n\n\n<p>21.00 &#8211; Banda \u201cCiudad De Mercedes<\/p>\n\n\n\n<p>21 45 Camilo Rojas y su banda &#8211;\nCamilo 155823393<\/p>\n\n\n\n<p>22.30 Menta y Lim\u00f3n<\/p>\n\n\n\n<p>23.30 &#8211; JOHANA RODRIGUEZ<\/p>\n\n\n\n<p>S\u00e1bado 7<\/p>\n\n\n\n<p>18.00 Marisa, La China Acosta<\/p>\n\n\n\n<p>18 30 Ivana Cestari<\/p>\n\n\n\n<p>19 15 Semilla Agresta<\/p>\n\n\n\n<p>20 00 Gonzalo Jes\u00fas<\/p>\n\n\n\n<p>20.30 La Matadora<\/p>\n\n\n\n<p>21 15 Oscar Rosello<\/p>\n\n\n\n<p>22.00 Mart\u00edn Soler<\/p>\n\n\n\n<p>22 45 LOS L\u00d3PEZ HEREDIA<\/p>\n\n\n\n<p>Domingo 8<\/p>\n\n\n\n<p>18.15 \u2013Sobra Milonga<\/p>\n\n\n\n<p>19.00 \u2013Rulo Godar y Naci\u00f3n\nWhipala<\/p>\n\n\n\n<p>19.45 \u2013Mamabora<\/p>\n\n\n\n<p>20.30 \u2013 Premiaci\u00f3n<\/p>\n\n\n\n<p>21.15 \u2013 Salamines<\/p>\n","protected":false},"excerpt":{"rendered":"<p>Se viene la Fiesta Nacional del Durazno. Ser\u00e1n tres jornadas plagadas de artistas de gran talla como Los Salamines, Los &#8230; <a title=\"Todo listo para la 43\u00b0 Fiesta Nacional del Durazno este fin de semana en La Trocha\" class=\"read-more\" href=\"https:\/\/www.hoymercedes.com.ar\/principal\/2019\/12\/04\/todo-listo-para-la-43-fiesta-nacional-del-durazno-este-fin-de-semana-en-la-trocha\/\" aria-label=\"Leer m\u00e1s sobre Todo listo para la 43\u00b0 Fiesta Nacional del Durazno este fin de semana en La Trocha\">Leer m\u00e1s<\/a><\/p>\n","protected":false},"author":1,"featured_media":103406,"comment_status":"closed","ping_status":"open","sticky":false,"template":"","format":"standard","meta":{"_monsterinsights_skip_tracking":false,"_monsterinsights_sitenote_active":false,"_monsterinsights_sitenote_note":"","_monsterinsights_sitenote_category":0,"jetpack_post_was_ever_published":false,"_jetpack_newsletter_access":"","_jetpack_dont_email_post_to_subs":false,"_jetpack_newsletter_tier_id":0,"_jetpack_memberships_contains_paywalled_content":false,"_jetpack_memberships_contains_paid_content":false,"footnotes":"","jetpack_publicize_message":"","jetpack_publicize_feature_enabled":true,"jetpack_social_post_already_shared":true,"jetpack_social_options":{"image_generator_settings":{"template":"highway","default_image_id":0,"font":"","enabled":false},"version":2},"_wpas_customize_per_network":false},"categories":[104],"tags":[208,3959],"class_list":["post-103405","post","type-post","status-publish","format-standard","has-post-thumbnail","hentry","category-cultura","tag-fiesta-del-durazno","tag-la-trocha","generate-columns","tablet-grid-50","mobile-grid-100","grid-parent","grid-50"],"jetpack_publicize_connections":[],"jetpack_featured_media_url":"https:\/\/www.hoymercedes.com.ar\/principal\/wp-content\/uploads\/2019\/12\/DSC07038.jpg","wps_subtitle":"Viernes, s\u00e1bado y domingo","jetpack_sharing_enabled":true,"_links":{"self":[{"href":"https:\/\/www.hoymercedes.com.ar\/principal\/wp-json\/wp\/v2\/posts\/103405","targetHints":{"allow":["GET"]}}],"collection":[{"href":"https:\/\/www.hoymercedes.com.ar\/principal\/wp-json\/wp\/v2\/posts"}],"about":[{"href":"https:\/\/www.hoymercedes.com.ar\/principal\/wp-json\/wp\/v2\/types\/post"}],"author":[{"embeddable":true,"href":"https:\/\/www.hoymercedes.com.ar\/principal\/wp-json\/wp\/v2\/users\/1"}],"replies":[{"embeddable":true,"href":"https:\/\/www.hoymercedes.com.ar\/principal\/wp-json\/wp\/v2\/comments?post=103405"}],"version-history":[{"count":0,"href":"https:\/\/www.hoymercedes.com.ar\/principal\/wp-json\/wp\/v2\/posts\/103405\/revisions"}],"wp:featuredmedia":[{"embeddable":true,"href":"https:\/\/www.hoymercedes.com.ar\/principal\/wp-json\/wp\/v2\/media\/103406"}],"wp:attachment":[{"href":"https:\/\/www.hoymercedes.com.ar\/principal\/wp-json\/wp\/v2\/media?parent=103405"}],"wp:term":[{"taxonomy":"category","embeddable":true,"href":"https:\/\/www.hoymercedes.com.ar\/principal\/wp-json\/wp\/v2\/categories?post=103405"},{"taxonomy":"post_tag","embeddable":true,"href":"https:\/\/www.hoymercedes.com.ar\/principal\/wp-json\/wp\/v2\/tags?post=103405"}],"curies":[{"name":"wp","href":"https:\/\/api.w.org\/{rel}","templated":true}]}}