{"id":103424,"date":"2019-12-04T20:00:03","date_gmt":"2019-12-04T23:00:03","guid":{"rendered":"http:\/\/www.hoymercedes.com.ar\/principal\/?p=103424"},"modified":"2019-12-04T20:00:08","modified_gmt":"2019-12-04T23:00:08","slug":"representacion-mercedina-en-el-provincial-de-mar-del-plata","status":"publish","type":"post","link":"https:\/\/www.hoymercedes.com.ar\/principal\/2019\/12\/04\/representacion-mercedina-en-el-provincial-de-mar-del-plata\/","title":{"rendered":"Representaci\u00f3n mercedina en el Provincial de Mar del Plata"},"content":{"rendered":"\n<p>Los diferentes conjuntos que participaron a lo largo del a\u00f1o en La Brava Villa Deportiva, el complejo conducido por los hermanos Bonamino, accedieron al ansiado certamen provincial que se desarrollar\u00e1 en Mar del Plata el pr\u00f3ximo fin de semana, luego de sortear dif\u00edciles instancias locales y regionales. Los planteles que desembarcar\u00e1n en la ciudad balnearia son: La Pesada FC, Tamo Activo, Ovodec FC y Deportivo Benedetti, por parte de los masculinos (donde participar\u00e1n 36 planteles), mientras que el conjunto Alfa ser\u00e1 la representaci\u00f3n femenina de nuestra ciudad (donde participar\u00e1n 12 equipos). Cabe destacar que, quien logre consagrarse campe\u00f3n de este provincial, jugar\u00e1 el certamen Nacional de la Copa de Campeones en la localidad de Tandil, el cual se desarrollar\u00e1 en febrero, y tendr\u00e1 todos los gastos cubiertos.<\/p>\n\n\n\n<figure class=\"wp-block-image size-large\"><img loading=\"lazy\" decoding=\"async\" width=\"1280\" height=\"960\" data-attachment-id=\"103426\" data-permalink=\"https:\/\/www.hoymercedes.com.ar\/principal\/2019\/12\/04\/representacion-mercedina-en-el-provincial-de-mar-del-plata\/la-pesada\/#main\" data-orig-file=\"https:\/\/www.hoymercedes.com.ar\/principal\/wp-content\/uploads\/2019\/12\/La-Pesada.jpeg\" data-orig-size=\"1280,960\" data-comments-opened=\"0\" data-image-meta=\"{&quot;aperture&quot;:&quot;0&quot;,&quot;credit&quot;:&quot;&quot;,&quot;camera&quot;:&quot;&quot;,&quot;caption&quot;:&quot;&quot;,&quot;created_timestamp&quot;:&quot;0&quot;,&quot;copyright&quot;:&quot;&quot;,&quot;focal_length&quot;:&quot;0&quot;,&quot;iso&quot;:&quot;0&quot;,&quot;shutter_speed&quot;:&quot;0&quot;,&quot;title&quot;:&quot;&quot;,&quot;orientation&quot;:&quot;0&quot;}\" data-image-title=\"La-Pesada\" data-image-description=\"\" data-image-caption=\"\" data-large-file=\"https:\/\/www.hoymercedes.com.ar\/principal\/wp-content\/uploads\/2019\/12\/La-Pesada.jpeg\" src=\"https:\/\/www.hoymercedes.com.ar\/principal\/wp-content\/uploads\/2019\/12\/La-Pesada.jpeg\" alt=\"\" class=\"wp-image-103426\"\/><\/figure>\n\n\n\n<p>Esperamos que la actuaci\u00f3n de los conjuntos mercedino sea positiva, y no hay que dejar de reconocer el esfuerzo que hace La Brava Villa Deportiva junto a un gran grupo de colaboradores.<\/p>\n\n\n\n<p>Consultados los hermanos Bonamino sobre este importante certamen, ambos coincidieron en sus expresiones, manifestando que \u201cLos cinco equipos que representar\u00e1n la ciudad, han ganado con creces su lugar en el certamen provincial, ya que se destacaron sobre muchos equipos de gran jerarqu\u00eda, tanto en la instancia local, que son los torneos que organizamos en La Brava, como as\u00ed tambi\u00e9n en las etapas regionales. No tenemos dudas de que van a tener una gran performance. En lo que respecta a nosotros, nos enorgullece hacer acercado a nuestra ciudad esta gran iniciativa, en lo que repecta al f\u00fatbol amateur \u201d.<\/p>\n\n\n\n<figure class=\"wp-block-image size-large\"><img loading=\"lazy\" decoding=\"async\" width=\"1280\" height=\"960\" data-attachment-id=\"103427\" data-permalink=\"https:\/\/www.hoymercedes.com.ar\/principal\/2019\/12\/04\/representacion-mercedina-en-el-provincial-de-mar-del-plata\/tamo-activo\/#main\" data-orig-file=\"https:\/\/www.hoymercedes.com.ar\/principal\/wp-content\/uploads\/2019\/12\/Tamo-Activo.jpeg\" data-orig-size=\"1280,960\" data-comments-opened=\"0\" data-image-meta=\"{&quot;aperture&quot;:&quot;0&quot;,&quot;credit&quot;:&quot;&quot;,&quot;camera&quot;:&quot;&quot;,&quot;caption&quot;:&quot;&quot;,&quot;created_timestamp&quot;:&quot;0&quot;,&quot;copyright&quot;:&quot;&quot;,&quot;focal_length&quot;:&quot;0&quot;,&quot;iso&quot;:&quot;0&quot;,&quot;shutter_speed&quot;:&quot;0&quot;,&quot;title&quot;:&quot;&quot;,&quot;orientation&quot;:&quot;0&quot;}\" data-image-title=\"Tamo-Activo\" data-image-description=\"\" data-image-caption=\"\" data-large-file=\"https:\/\/www.hoymercedes.com.ar\/principal\/wp-content\/uploads\/2019\/12\/Tamo-Activo.jpeg\" src=\"https:\/\/www.hoymercedes.com.ar\/principal\/wp-content\/uploads\/2019\/12\/Tamo-Activo.jpeg\" alt=\"\" class=\"wp-image-103427\"\/><\/figure>\n","protected":false},"excerpt":{"rendered":"<p>Los diferentes conjuntos que participaron a lo largo del a\u00f1o en La Brava Villa Deportiva, el complejo conducido por los &#8230; <a title=\"Representaci\u00f3n mercedina en el Provincial de Mar del Plata\" class=\"read-more\" href=\"https:\/\/www.hoymercedes.com.ar\/principal\/2019\/12\/04\/representacion-mercedina-en-el-provincial-de-mar-del-plata\/\" aria-label=\"Leer m\u00e1s sobre Representaci\u00f3n mercedina en el Provincial de Mar del Plata\">Leer m\u00e1s<\/a><\/p>\n","protected":false},"author":1,"featured_media":103426,"comment_status":"closed","ping_status":"open","sticky":false,"template":"","format":"standard","meta":{"_monsterinsights_skip_tracking":false,"_monsterinsights_sitenote_active":false,"_monsterinsights_sitenote_note":"","_monsterinsights_sitenote_category":0,"jetpack_post_was_ever_published":false,"_jetpack_newsletter_access":"","_jetpack_dont_email_post_to_subs":false,"_jetpack_newsletter_tier_id":0,"_jetpack_memberships_contains_paywalled_content":false,"_jetpack_memberships_contains_paid_content":false,"footnotes":"","jetpack_publicize_message":"","jetpack_publicize_feature_enabled":true,"jetpack_social_post_already_shared":true,"jetpack_social_options":{"image_generator_settings":{"template":"highway","default_image_id":0,"font":"","enabled":false},"version":2},"_wpas_customize_per_network":false},"categories":[21],"tags":[],"class_list":["post-103424","post","type-post","status-publish","format-standard","has-post-thumbnail","hentry","category-deportes","generate-columns","tablet-grid-50","mobile-grid-100","grid-parent","grid-50"],"jetpack_publicize_connections":[],"jetpack_featured_media_url":"https:\/\/www.hoymercedes.com.ar\/principal\/wp-content\/uploads\/2019\/12\/La-Pesada.jpeg","wps_subtitle":"La Brava Villa Deportiva","jetpack_sharing_enabled":true,"_links":{"self":[{"href":"https:\/\/www.hoymercedes.com.ar\/principal\/wp-json\/wp\/v2\/posts\/103424","targetHints":{"allow":["GET"]}}],"collection":[{"href":"https:\/\/www.hoymercedes.com.ar\/principal\/wp-json\/wp\/v2\/posts"}],"about":[{"href":"https:\/\/www.hoymercedes.com.ar\/principal\/wp-json\/wp\/v2\/types\/post"}],"author":[{"embeddable":true,"href":"https:\/\/www.hoymercedes.com.ar\/principal\/wp-json\/wp\/v2\/users\/1"}],"replies":[{"embeddable":true,"href":"https:\/\/www.hoymercedes.com.ar\/principal\/wp-json\/wp\/v2\/comments?post=103424"}],"version-history":[{"count":0,"href":"https:\/\/www.hoymercedes.com.ar\/principal\/wp-json\/wp\/v2\/posts\/103424\/revisions"}],"wp:featuredmedia":[{"embeddable":true,"href":"https:\/\/www.hoymercedes.com.ar\/principal\/wp-json\/wp\/v2\/media\/103426"}],"wp:attachment":[{"href":"https:\/\/www.hoymercedes.com.ar\/principal\/wp-json\/wp\/v2\/media?parent=103424"}],"wp:term":[{"taxonomy":"category","embeddable":true,"href":"https:\/\/www.hoymercedes.com.ar\/principal\/wp-json\/wp\/v2\/categories?post=103424"},{"taxonomy":"post_tag","embeddable":true,"href":"https:\/\/www.hoymercedes.com.ar\/principal\/wp-json\/wp\/v2\/tags?post=103424"}],"curies":[{"name":"wp","href":"https:\/\/api.w.org\/{rel}","templated":true}]}}