{"id":103432,"date":"2019-12-04T20:07:21","date_gmt":"2019-12-04T23:07:21","guid":{"rendered":"http:\/\/www.hoymercedes.com.ar\/principal\/?p=103432"},"modified":"2019-12-04T20:07:23","modified_gmt":"2019-12-04T23:07:23","slug":"mercedes-se-destaco-en-las-olimpiadas-judiciales","status":"publish","type":"post","link":"https:\/\/www.hoymercedes.com.ar\/principal\/2019\/12\/04\/mercedes-se-destaco-en-las-olimpiadas-judiciales\/","title":{"rendered":"Mercedes se destac\u00f3 en las Olimp\u00edadas Judiciales"},"content":{"rendered":"\n<p>Los representantes la AJB Mercedes obtuvieron el plato de plata entre 19 departamentales de la provincia de Buenos Aires. Consiguieron medallas de oro en diferentes disciplinas.<\/p>\n\n\n\n<figure class=\"wp-block-image size-large\"><img loading=\"lazy\" decoding=\"async\" width=\"1280\" height=\"720\" data-attachment-id=\"103433\" data-permalink=\"https:\/\/www.hoymercedes.com.ar\/principal\/2019\/12\/04\/mercedes-se-destaco-en-las-olimpiadas-judiciales\/9-8\/#main\" data-orig-file=\"https:\/\/www.hoymercedes.com.ar\/principal\/wp-content\/uploads\/2019\/12\/9.jpeg\" data-orig-size=\"1280,720\" data-comments-opened=\"0\" data-image-meta=\"{&quot;aperture&quot;:&quot;0&quot;,&quot;credit&quot;:&quot;&quot;,&quot;camera&quot;:&quot;&quot;,&quot;caption&quot;:&quot;&quot;,&quot;created_timestamp&quot;:&quot;0&quot;,&quot;copyright&quot;:&quot;&quot;,&quot;focal_length&quot;:&quot;0&quot;,&quot;iso&quot;:&quot;0&quot;,&quot;shutter_speed&quot;:&quot;0&quot;,&quot;title&quot;:&quot;&quot;,&quot;orientation&quot;:&quot;0&quot;}\" data-image-title=\"9\" data-image-description=\"\" data-image-caption=\"\" data-large-file=\"https:\/\/www.hoymercedes.com.ar\/principal\/wp-content\/uploads\/2019\/12\/9.jpeg\" src=\"https:\/\/www.hoymercedes.com.ar\/principal\/wp-content\/uploads\/2019\/12\/9.jpeg\" alt=\"\" class=\"wp-image-103433\"\/><\/figure>\n\n\n\n<p>Desde el d\u00eda jueves hasta la jornada de ayer, en la localidad de Miramar, se concretaron las XXII Olimpiadas Judiciales, en donde la departamental Mercedes tuvo una gran actuaci\u00f3n, y finaliz\u00f3 segundo en el medallero final.<\/p>\n\n\n\n<p>En diversas disciplinas estuvieron los deportistas de Mercedes, y las medallas fueron llegando de a poco en bochas (con el equipo integrado por el \u201cMono\u201d Gonz\u00e1lez, Alfredo Barrera y Jorge Peralta) y Padel masculino (con la dupla conformada por Mart\u00edn Falabella y Jorge Mestrovich), marat\u00f3n femenina (Micaela Rodini).<\/p>\n\n\n\n<p>Martin Falabella volvi\u00f3 a tener acci\u00f3n, al momento de saltar a la piscina para los 25 metros en la rama de nataci\u00f3n masculina, en donde consigui\u00f3 la victoria y fue plata en los 50 metros. Luis Vivas se trajo el oro en ping pong en la rama de singles y dobles junto a Jorge Renzelli.<\/p>\n\n\n\n<p>Por \u00faltimo, en otra prueba colectiva, en el v\u00f3ley, los muchachos consiguieron triunfar y adue\u00f1arse la de medallas dorada. Hubo m\u00e1s presencias mercedinas en otros deportes, y tambi\u00e9n las actuaciones fueron destacables, adjudic\u00e1ndose medallas de oro y plata respectivamente, como fue el caso del tenis masculino, de la mano de Juan Manuel S\u00e1nchez, quien qued\u00f3 en segundo lugar.<\/p>\n\n\n\n<p><strong>Medallero<\/strong><\/p>\n\n\n\n<p>Bochas: Oro: Mono Gonz\u00e1lez, Alfredo Barrera y Jorge Peralta.<br>Paddel Masculino: Oro. Martin Falabella y Jorge Mestrovich.<br>Marat\u00f3n Femenina: Oro: Micaela Rodini. Bronce: Cynthia Dagnino.<\/p>\n\n\n\n<p>Marat\u00f3n masculino: Rodrigo Rodr\u00edguez y Miguel Veron.<br>Nataci\u00f3n masculina: Oro y plata en 25 y 50mt. respectivamente: Mart\u00edn Falabella.<\/p>\n\n\n\n<p>Voley playa: plata: Lucila Milesi y Mat\u00edas Badano.<\/p>\n\n\n\n<p>Ping Pong single: Oro: Luis Vivas.<\/p>\n\n\n\n<p>Ping Pong dobles: Oro: Luis Vivas y Jorge Renzelli.<\/p>\n\n\n\n<p>Tenis masculino: Plata: Juan Manuel S\u00e1nchez.<\/p>\n\n\n\n<p>Pesca: Rodrigo Uriarte.<\/p>\n\n\n\n<p>F\u00fatbol 5: Plata: Diego Ricci, Emanuel Piaggio, Hern\u00e1n Barletta, Pedro Viola, Julio Viola, Nicol\u00e1s Puliti y Mauro Pallero.<\/p>\n\n\n\n<p>Hockey femenino: Bronce: Lucia Guti\u00e9rrez, Julieta Piccolomini, Roc\u00edo Torres, Roc\u00edo Alvarado, Liz Wiesner, Nadia Tilli, Anabel Rojo y Evelina Fusetti.<\/p>\n\n\n\n<p>Voley femenino: Natalia Paradiso, Mariana Sebastiano, Corina Villalba, Liliana Carracedo, Mar\u00eda Carracedo, Celeste Maresca, Silvina Leiva, Silvina Larrondo y Martina Llanso.<\/p>\n\n\n\n<p>Voley masculino: Oro: Mario Garc\u00eda, Octavio Vel\u00e1zquez, Facundo Mart\u00edn, Gustavo Sisinni, Luciano Jaime, Federico Mc Cormack, Rodrigo Rodr\u00edguez, Ricardo Zucarelli, Sebasti\u00e1n Bell y Gustavo Cagnone.<\/p>\n\n\n\n<figure class=\"wp-block-gallery columns-3 is-cropped wp-block-gallery-1 is-layout-flex wp-block-gallery-is-layout-flex\"><ul class=\"blocks-gallery-grid\"><li class=\"blocks-gallery-item\"><figure><img loading=\"lazy\" decoding=\"async\" width=\"1032\" height=\"581\" data-attachment-id=\"103435\" data-permalink=\"https:\/\/www.hoymercedes.com.ar\/principal\/2019\/12\/04\/mercedes-se-destaco-en-las-olimpiadas-judiciales\/11-7\/#main\" data-orig-file=\"https:\/\/www.hoymercedes.com.ar\/principal\/wp-content\/uploads\/2019\/12\/11.jpeg\" data-orig-size=\"1032,581\" data-comments-opened=\"0\" data-image-meta=\"{&quot;aperture&quot;:&quot;0&quot;,&quot;credit&quot;:&quot;&quot;,&quot;camera&quot;:&quot;&quot;,&quot;caption&quot;:&quot;&quot;,&quot;created_timestamp&quot;:&quot;0&quot;,&quot;copyright&quot;:&quot;&quot;,&quot;focal_length&quot;:&quot;0&quot;,&quot;iso&quot;:&quot;0&quot;,&quot;shutter_speed&quot;:&quot;0&quot;,&quot;title&quot;:&quot;&quot;,&quot;orientation&quot;:&quot;0&quot;}\" data-image-title=\"11\" data-image-description=\"\" data-image-caption=\"\" data-large-file=\"https:\/\/www.hoymercedes.com.ar\/principal\/wp-content\/uploads\/2019\/12\/11.jpeg\" src=\"https:\/\/www.hoymercedes.com.ar\/principal\/wp-content\/uploads\/2019\/12\/11.jpeg\" alt=\"\" data-id=\"103435\" data-link=\"https:\/\/www.hoymercedes.com.ar\/principal\/?attachment_id=103435\" class=\"wp-image-103435\"\/><\/figure><\/li><li class=\"blocks-gallery-item\"><figure><img loading=\"lazy\" decoding=\"async\" width=\"1152\" height=\"648\" data-attachment-id=\"103436\" data-permalink=\"https:\/\/www.hoymercedes.com.ar\/principal\/2019\/12\/04\/mercedes-se-destaco-en-las-olimpiadas-judiciales\/10-1\/#main\" data-orig-file=\"https:\/\/www.hoymercedes.com.ar\/principal\/wp-content\/uploads\/2019\/12\/10-1.jpeg\" data-orig-size=\"1152,648\" data-comments-opened=\"0\" data-image-meta=\"{&quot;aperture&quot;:&quot;0&quot;,&quot;credit&quot;:&quot;&quot;,&quot;camera&quot;:&quot;&quot;,&quot;caption&quot;:&quot;&quot;,&quot;created_timestamp&quot;:&quot;0&quot;,&quot;copyright&quot;:&quot;&quot;,&quot;focal_length&quot;:&quot;0&quot;,&quot;iso&quot;:&quot;0&quot;,&quot;shutter_speed&quot;:&quot;0&quot;,&quot;title&quot;:&quot;&quot;,&quot;orientation&quot;:&quot;0&quot;}\" data-image-title=\"10-1\" data-image-description=\"\" data-image-caption=\"\" data-large-file=\"https:\/\/www.hoymercedes.com.ar\/principal\/wp-content\/uploads\/2019\/12\/10-1.jpeg\" src=\"https:\/\/www.hoymercedes.com.ar\/principal\/wp-content\/uploads\/2019\/12\/10-1.jpeg\" alt=\"\" data-id=\"103436\" data-link=\"https:\/\/www.hoymercedes.com.ar\/principal\/?attachment_id=103436\" class=\"wp-image-103436\"\/><\/figure><\/li><li class=\"blocks-gallery-item\"><figure><img loading=\"lazy\" decoding=\"async\" width=\"1152\" height=\"648\" data-attachment-id=\"103437\" data-permalink=\"https:\/\/www.hoymercedes.com.ar\/principal\/2019\/12\/04\/mercedes-se-destaco-en-las-olimpiadas-judiciales\/8-7\/#main\" data-orig-file=\"https:\/\/www.hoymercedes.com.ar\/principal\/wp-content\/uploads\/2019\/12\/8.jpeg\" data-orig-size=\"1152,648\" data-comments-opened=\"0\" data-image-meta=\"{&quot;aperture&quot;:&quot;0&quot;,&quot;credit&quot;:&quot;&quot;,&quot;camera&quot;:&quot;&quot;,&quot;caption&quot;:&quot;&quot;,&quot;created_timestamp&quot;:&quot;0&quot;,&quot;copyright&quot;:&quot;&quot;,&quot;focal_length&quot;:&quot;0&quot;,&quot;iso&quot;:&quot;0&quot;,&quot;shutter_speed&quot;:&quot;0&quot;,&quot;title&quot;:&quot;&quot;,&quot;orientation&quot;:&quot;0&quot;}\" data-image-title=\"8\" data-image-description=\"\" data-image-caption=\"\" data-large-file=\"https:\/\/www.hoymercedes.com.ar\/principal\/wp-content\/uploads\/2019\/12\/8.jpeg\" src=\"https:\/\/www.hoymercedes.com.ar\/principal\/wp-content\/uploads\/2019\/12\/8.jpeg\" alt=\"\" data-id=\"103437\" data-link=\"https:\/\/www.hoymercedes.com.ar\/principal\/?attachment_id=103437\" class=\"wp-image-103437\"\/><\/figure><\/li><li class=\"blocks-gallery-item\"><figure><img loading=\"lazy\" decoding=\"async\" width=\"768\" height=\"1024\" data-attachment-id=\"103438\" data-permalink=\"https:\/\/www.hoymercedes.com.ar\/principal\/2019\/12\/04\/mercedes-se-destaco-en-las-olimpiadas-judiciales\/6-12\/#main\" data-orig-file=\"https:\/\/www.hoymercedes.com.ar\/principal\/wp-content\/uploads\/2019\/12\/6.jpeg\" data-orig-size=\"768,1024\" data-comments-opened=\"0\" data-image-meta=\"{&quot;aperture&quot;:&quot;0&quot;,&quot;credit&quot;:&quot;&quot;,&quot;camera&quot;:&quot;&quot;,&quot;caption&quot;:&quot;&quot;,&quot;created_timestamp&quot;:&quot;0&quot;,&quot;copyright&quot;:&quot;&quot;,&quot;focal_length&quot;:&quot;0&quot;,&quot;iso&quot;:&quot;0&quot;,&quot;shutter_speed&quot;:&quot;0&quot;,&quot;title&quot;:&quot;&quot;,&quot;orientation&quot;:&quot;0&quot;}\" data-image-title=\"6\" data-image-description=\"\" data-image-caption=\"\" data-large-file=\"https:\/\/www.hoymercedes.com.ar\/principal\/wp-content\/uploads\/2019\/12\/6.jpeg\" src=\"https:\/\/www.hoymercedes.com.ar\/principal\/wp-content\/uploads\/2019\/12\/6.jpeg\" alt=\"\" data-id=\"103438\" data-link=\"https:\/\/www.hoymercedes.com.ar\/principal\/?attachment_id=103438\" class=\"wp-image-103438\"\/><\/figure><\/li><li class=\"blocks-gallery-item\"><figure><img loading=\"lazy\" decoding=\"async\" width=\"1280\" height=\"622\" data-attachment-id=\"103439\" data-permalink=\"https:\/\/www.hoymercedes.com.ar\/principal\/2019\/12\/04\/mercedes-se-destaco-en-las-olimpiadas-judiciales\/7-2-2\/#main\" data-orig-file=\"https:\/\/www.hoymercedes.com.ar\/principal\/wp-content\/uploads\/2019\/12\/7-2.jpeg\" data-orig-size=\"1280,622\" data-comments-opened=\"0\" data-image-meta=\"{&quot;aperture&quot;:&quot;0&quot;,&quot;credit&quot;:&quot;&quot;,&quot;camera&quot;:&quot;&quot;,&quot;caption&quot;:&quot;&quot;,&quot;created_timestamp&quot;:&quot;0&quot;,&quot;copyright&quot;:&quot;&quot;,&quot;focal_length&quot;:&quot;0&quot;,&quot;iso&quot;:&quot;0&quot;,&quot;shutter_speed&quot;:&quot;0&quot;,&quot;title&quot;:&quot;&quot;,&quot;orientation&quot;:&quot;0&quot;}\" data-image-title=\"7-2\" data-image-description=\"\" data-image-caption=\"\" data-large-file=\"https:\/\/www.hoymercedes.com.ar\/principal\/wp-content\/uploads\/2019\/12\/7-2.jpeg\" src=\"https:\/\/www.hoymercedes.com.ar\/principal\/wp-content\/uploads\/2019\/12\/7-2.jpeg\" alt=\"\" data-id=\"103439\" data-link=\"https:\/\/www.hoymercedes.com.ar\/principal\/?attachment_id=103439\" class=\"wp-image-103439\"\/><\/figure><\/li><li class=\"blocks-gallery-item\"><figure><img loading=\"lazy\" decoding=\"async\" width=\"1280\" height=\"960\" data-attachment-id=\"103440\" data-permalink=\"https:\/\/www.hoymercedes.com.ar\/principal\/2019\/12\/04\/mercedes-se-destaco-en-las-olimpiadas-judiciales\/1-26\/#main\" data-orig-file=\"https:\/\/www.hoymercedes.com.ar\/principal\/wp-content\/uploads\/2019\/12\/1.jpeg\" data-orig-size=\"1280,960\" data-comments-opened=\"0\" data-image-meta=\"{&quot;aperture&quot;:&quot;0&quot;,&quot;credit&quot;:&quot;&quot;,&quot;camera&quot;:&quot;&quot;,&quot;caption&quot;:&quot;&quot;,&quot;created_timestamp&quot;:&quot;0&quot;,&quot;copyright&quot;:&quot;&quot;,&quot;focal_length&quot;:&quot;0&quot;,&quot;iso&quot;:&quot;0&quot;,&quot;shutter_speed&quot;:&quot;0&quot;,&quot;title&quot;:&quot;&quot;,&quot;orientation&quot;:&quot;0&quot;}\" data-image-title=\"1\" data-image-description=\"\" data-image-caption=\"\" data-large-file=\"https:\/\/www.hoymercedes.com.ar\/principal\/wp-content\/uploads\/2019\/12\/1.jpeg\" src=\"https:\/\/www.hoymercedes.com.ar\/principal\/wp-content\/uploads\/2019\/12\/1.jpeg\" alt=\"\" data-id=\"103440\" data-link=\"https:\/\/www.hoymercedes.com.ar\/principal\/?attachment_id=103440\" class=\"wp-image-103440\"\/><\/figure><\/li><li class=\"blocks-gallery-item\"><figure><img loading=\"lazy\" decoding=\"async\" width=\"720\" height=\"1280\" data-attachment-id=\"103441\" data-permalink=\"https:\/\/www.hoymercedes.com.ar\/principal\/2019\/12\/04\/mercedes-se-destaco-en-las-olimpiadas-judiciales\/5-1-2\/#main\" data-orig-file=\"https:\/\/www.hoymercedes.com.ar\/principal\/wp-content\/uploads\/2019\/12\/5-1.jpeg\" data-orig-size=\"720,1280\" data-comments-opened=\"0\" data-image-meta=\"{&quot;aperture&quot;:&quot;0&quot;,&quot;credit&quot;:&quot;&quot;,&quot;camera&quot;:&quot;&quot;,&quot;caption&quot;:&quot;&quot;,&quot;created_timestamp&quot;:&quot;0&quot;,&quot;copyright&quot;:&quot;&quot;,&quot;focal_length&quot;:&quot;0&quot;,&quot;iso&quot;:&quot;0&quot;,&quot;shutter_speed&quot;:&quot;0&quot;,&quot;title&quot;:&quot;&quot;,&quot;orientation&quot;:&quot;0&quot;}\" data-image-title=\"5-1\" data-image-description=\"\" data-image-caption=\"\" data-large-file=\"https:\/\/www.hoymercedes.com.ar\/principal\/wp-content\/uploads\/2019\/12\/5-1.jpeg\" src=\"https:\/\/www.hoymercedes.com.ar\/principal\/wp-content\/uploads\/2019\/12\/5-1.jpeg\" alt=\"\" data-id=\"103441\" data-link=\"https:\/\/www.hoymercedes.com.ar\/principal\/?attachment_id=103441\" class=\"wp-image-103441\"\/><\/figure><\/li><li class=\"blocks-gallery-item\"><figure><img loading=\"lazy\" decoding=\"async\" width=\"720\" height=\"1280\" data-attachment-id=\"103442\" data-permalink=\"https:\/\/www.hoymercedes.com.ar\/principal\/2019\/12\/04\/mercedes-se-destaco-en-las-olimpiadas-judiciales\/4-1\/#main\" data-orig-file=\"https:\/\/www.hoymercedes.com.ar\/principal\/wp-content\/uploads\/2019\/12\/4-1.jpeg\" data-orig-size=\"720,1280\" data-comments-opened=\"0\" data-image-meta=\"{&quot;aperture&quot;:&quot;0&quot;,&quot;credit&quot;:&quot;&quot;,&quot;camera&quot;:&quot;&quot;,&quot;caption&quot;:&quot;&quot;,&quot;created_timestamp&quot;:&quot;0&quot;,&quot;copyright&quot;:&quot;&quot;,&quot;focal_length&quot;:&quot;0&quot;,&quot;iso&quot;:&quot;0&quot;,&quot;shutter_speed&quot;:&quot;0&quot;,&quot;title&quot;:&quot;&quot;,&quot;orientation&quot;:&quot;0&quot;}\" data-image-title=\"4-1\" data-image-description=\"\" data-image-caption=\"\" data-large-file=\"https:\/\/www.hoymercedes.com.ar\/principal\/wp-content\/uploads\/2019\/12\/4-1.jpeg\" src=\"https:\/\/www.hoymercedes.com.ar\/principal\/wp-content\/uploads\/2019\/12\/4-1.jpeg\" alt=\"\" data-id=\"103442\" data-link=\"https:\/\/www.hoymercedes.com.ar\/principal\/?attachment_id=103442\" class=\"wp-image-103442\"\/><\/figure><\/li><li class=\"blocks-gallery-item\"><figure><img loading=\"lazy\" decoding=\"async\" width=\"1032\" height=\"774\" data-attachment-id=\"103443\" data-permalink=\"https:\/\/www.hoymercedes.com.ar\/principal\/2019\/12\/04\/mercedes-se-destaco-en-las-olimpiadas-judiciales\/2-1-3\/#main\" data-orig-file=\"https:\/\/www.hoymercedes.com.ar\/principal\/wp-content\/uploads\/2019\/12\/2-1.jpeg\" data-orig-size=\"1032,774\" data-comments-opened=\"0\" data-image-meta=\"{&quot;aperture&quot;:&quot;0&quot;,&quot;credit&quot;:&quot;&quot;,&quot;camera&quot;:&quot;&quot;,&quot;caption&quot;:&quot;&quot;,&quot;created_timestamp&quot;:&quot;0&quot;,&quot;copyright&quot;:&quot;&quot;,&quot;focal_length&quot;:&quot;0&quot;,&quot;iso&quot;:&quot;0&quot;,&quot;shutter_speed&quot;:&quot;0&quot;,&quot;title&quot;:&quot;&quot;,&quot;orientation&quot;:&quot;0&quot;}\" data-image-title=\"2-1\" data-image-description=\"\" data-image-caption=\"\" data-large-file=\"https:\/\/www.hoymercedes.com.ar\/principal\/wp-content\/uploads\/2019\/12\/2-1.jpeg\" src=\"https:\/\/www.hoymercedes.com.ar\/principal\/wp-content\/uploads\/2019\/12\/2-1.jpeg\" alt=\"\" data-id=\"103443\" data-link=\"https:\/\/www.hoymercedes.com.ar\/principal\/?attachment_id=103443\" class=\"wp-image-103443\"\/><\/figure><\/li><li class=\"blocks-gallery-item\"><figure><img loading=\"lazy\" decoding=\"async\" width=\"960\" height=\"1280\" data-attachment-id=\"103444\" data-permalink=\"https:\/\/www.hoymercedes.com.ar\/principal\/2019\/12\/04\/mercedes-se-destaco-en-las-olimpiadas-judiciales\/3-20\/#main\" data-orig-file=\"https:\/\/www.hoymercedes.com.ar\/principal\/wp-content\/uploads\/2019\/12\/3.jpeg\" data-orig-size=\"960,1280\" data-comments-opened=\"0\" data-image-meta=\"{&quot;aperture&quot;:&quot;0&quot;,&quot;credit&quot;:&quot;&quot;,&quot;camera&quot;:&quot;&quot;,&quot;caption&quot;:&quot;&quot;,&quot;created_timestamp&quot;:&quot;0&quot;,&quot;copyright&quot;:&quot;&quot;,&quot;focal_length&quot;:&quot;0&quot;,&quot;iso&quot;:&quot;0&quot;,&quot;shutter_speed&quot;:&quot;0&quot;,&quot;title&quot;:&quot;&quot;,&quot;orientation&quot;:&quot;0&quot;}\" data-image-title=\"3\" data-image-description=\"\" data-image-caption=\"\" data-large-file=\"https:\/\/www.hoymercedes.com.ar\/principal\/wp-content\/uploads\/2019\/12\/3.jpeg\" src=\"https:\/\/www.hoymercedes.com.ar\/principal\/wp-content\/uploads\/2019\/12\/3.jpeg\" alt=\"\" data-id=\"103444\" data-link=\"https:\/\/www.hoymercedes.com.ar\/principal\/?attachment_id=103444\" class=\"wp-image-103444\"\/><\/figure><\/li><\/ul><\/figure>\n","protected":false},"excerpt":{"rendered":"<p>Los representantes la AJB Mercedes obtuvieron el plato de plata entre 19 departamentales de la provincia de Buenos Aires. Consiguieron &#8230; <a title=\"Mercedes se destac\u00f3 en las Olimp\u00edadas Judiciales\" class=\"read-more\" href=\"https:\/\/www.hoymercedes.com.ar\/principal\/2019\/12\/04\/mercedes-se-destaco-en-las-olimpiadas-judiciales\/\" aria-label=\"Leer m\u00e1s sobre Mercedes se destac\u00f3 en las Olimp\u00edadas Judiciales\">Leer m\u00e1s<\/a><\/p>\n","protected":false},"author":1,"featured_media":103433,"comment_status":"closed","ping_status":"open","sticky":false,"template":"","format":"standard","meta":{"_monsterinsights_skip_tracking":false,"_monsterinsights_sitenote_active":false,"_monsterinsights_sitenote_note":"","_monsterinsights_sitenote_category":0,"jetpack_post_was_ever_published":false,"_jetpack_newsletter_access":"","_jetpack_dont_email_post_to_subs":false,"_jetpack_newsletter_tier_id":0,"_jetpack_memberships_contains_paywalled_content":false,"_jetpack_memberships_contains_paid_content":false,"footnotes":"","jetpack_publicize_message":"","jetpack_publicize_feature_enabled":true,"jetpack_social_post_already_shared":true,"jetpack_social_options":{"image_generator_settings":{"template":"highway","default_image_id":0,"font":"","enabled":false},"version":2},"_wpas_customize_per_network":false},"categories":[21],"tags":[95,9819,4284],"class_list":["post-103432","post","type-post","status-publish","format-standard","has-post-thumbnail","hentry","category-deportes","tag-ajb","tag-mar-del-plata","tag-olimpiadas-judiciales","generate-columns","tablet-grid-50","mobile-grid-100","grid-parent","grid-50"],"jetpack_publicize_connections":[],"jetpack_featured_media_url":"https:\/\/www.hoymercedes.com.ar\/principal\/wp-content\/uploads\/2019\/12\/9.jpeg","wps_subtitle":"Olimp\u00edadas","jetpack_sharing_enabled":true,"_links":{"self":[{"href":"https:\/\/www.hoymercedes.com.ar\/principal\/wp-json\/wp\/v2\/posts\/103432","targetHints":{"allow":["GET"]}}],"collection":[{"href":"https:\/\/www.hoymercedes.com.ar\/principal\/wp-json\/wp\/v2\/posts"}],"about":[{"href":"https:\/\/www.hoymercedes.com.ar\/principal\/wp-json\/wp\/v2\/types\/post"}],"author":[{"embeddable":true,"href":"https:\/\/www.hoymercedes.com.ar\/principal\/wp-json\/wp\/v2\/users\/1"}],"replies":[{"embeddable":true,"href":"https:\/\/www.hoymercedes.com.ar\/principal\/wp-json\/wp\/v2\/comments?post=103432"}],"version-history":[{"count":0,"href":"https:\/\/www.hoymercedes.com.ar\/principal\/wp-json\/wp\/v2\/posts\/103432\/revisions"}],"wp:featuredmedia":[{"embeddable":true,"href":"https:\/\/www.hoymercedes.com.ar\/principal\/wp-json\/wp\/v2\/media\/103433"}],"wp:attachment":[{"href":"https:\/\/www.hoymercedes.com.ar\/principal\/wp-json\/wp\/v2\/media?parent=103432"}],"wp:term":[{"taxonomy":"category","embeddable":true,"href":"https:\/\/www.hoymercedes.com.ar\/principal\/wp-json\/wp\/v2\/categories?post=103432"},{"taxonomy":"post_tag","embeddable":true,"href":"https:\/\/www.hoymercedes.com.ar\/principal\/wp-json\/wp\/v2\/tags?post=103432"}],"curies":[{"name":"wp","href":"https:\/\/api.w.org\/{rel}","templated":true}]}}