{"id":103447,"date":"2019-12-04T20:16:41","date_gmt":"2019-12-04T23:16:41","guid":{"rendered":"http:\/\/www.hoymercedes.com.ar\/principal\/?p=103447"},"modified":"2019-12-04T20:29:54","modified_gmt":"2019-12-04T23:29:54","slug":"con-los-cuatro-mercedinos-en-cancha-lujan-gano-y-toma-aire-en-la-primera-c","status":"publish","type":"post","link":"https:\/\/www.hoymercedes.com.ar\/principal\/2019\/12\/04\/con-los-cuatro-mercedinos-en-cancha-lujan-gano-y-toma-aire-en-la-primera-c\/","title":{"rendered":"Con los cuatro mercedinos en cancha, Luj\u00e1n gan\u00f3 y toma aire en la Primera C"},"content":{"rendered":"\n<p><strong>El Civismo.<\/strong> Despu\u00e9s de siete meses de no poder ganar en calidad de visitante Luj\u00e1n se reencontr\u00f3 con el triunfo ante un venido a menos Excursionistas. Con gol de Llodr\u00e1, pudo imponerse en el Bajo Belgrano.\u00a0En cancha estuvieron como titulares Mat\u00edas Caputo en el arco, Tiago Portesi y Gonzalo P\u00e9rez en el mediocampo e ingres\u00f3 Franco Gatti en la delantera en el segundo tiempo.<\/p>\n\n\n\n<figure class=\"wp-block-image size-large\"><img loading=\"lazy\" decoding=\"async\" width=\"1200\" height=\"799\" data-attachment-id=\"103448\" data-permalink=\"https:\/\/www.hoymercedes.com.ar\/principal\/2019\/12\/04\/con-los-cuatro-mercedinos-en-cancha-lujan-gano-y-toma-aire-en-la-primera-c\/sony-dsc-5\/#main\" data-orig-file=\"https:\/\/www.hoymercedes.com.ar\/principal\/wp-content\/uploads\/2019\/12\/Gonzalo-Perez-Lujan-2.jpg\" data-orig-size=\"1200,799\" data-comments-opened=\"0\" data-image-meta=\"{&quot;aperture&quot;:&quot;0&quot;,&quot;credit&quot;:&quot;&quot;,&quot;camera&quot;:&quot;&quot;,&quot;caption&quot;:&quot;SONY DSC&quot;,&quot;created_timestamp&quot;:&quot;1566235643&quot;,&quot;copyright&quot;:&quot;&quot;,&quot;focal_length&quot;:&quot;0&quot;,&quot;iso&quot;:&quot;0&quot;,&quot;shutter_speed&quot;:&quot;0&quot;,&quot;title&quot;:&quot;SONY DSC&quot;,&quot;orientation&quot;:&quot;0&quot;}\" data-image-title=\"SONY DSC\" data-image-description=\"\" data-image-caption=\"&lt;p&gt;SONY DSC&lt;\/p&gt;\n\" data-large-file=\"https:\/\/www.hoymercedes.com.ar\/principal\/wp-content\/uploads\/2019\/12\/Gonzalo-Perez-Lujan-2.jpg\" src=\"https:\/\/www.hoymercedes.com.ar\/principal\/wp-content\/uploads\/2019\/12\/Gonzalo-Perez-Lujan-2.jpg\" alt=\"\" class=\"wp-image-103448\"\/><figcaption>SONY DSC<\/figcaption><\/figure>\n\n\n\n<p>Tras un primer tiempo en el cual el elenco de Osvaldo Ruggero de mostr\u00f3 mejor las aproximaciones fueron mediante tiros de media distancia de Gonzalo P\u00e9rez. Por su parte en ese periodo Mat\u00edas Caputo pas\u00f3 una tarde tranquila.<\/p>\n\n\n\n<p>En el segundo tiempo el local se adelant\u00f3 en el terreno de juego y pudo haber abierto el marcador con una media vuelta del ingresado Benaducci que Mat\u00edas Caputo alcanzo a desviar de manera magistral. Sobre la media hora de juego lleg\u00f3 la apertura del marcador tras una buena jugada de Tiago Portesi que se sac\u00f3 de encima la marca de dos adversarios y dentro del \u00e1rea mando el centro atr\u00e1s que Leonel Llodra empujo al gol de cara a Paralta Salinas.<\/p>\n","protected":false},"excerpt":{"rendered":"<p>El Civismo. Despu\u00e9s de siete meses de no poder ganar en calidad de visitante Luj\u00e1n se reencontr\u00f3 con el triunfo &#8230; <a title=\"Con los cuatro mercedinos en cancha, Luj\u00e1n gan\u00f3 y toma aire en la Primera C\" class=\"read-more\" href=\"https:\/\/www.hoymercedes.com.ar\/principal\/2019\/12\/04\/con-los-cuatro-mercedinos-en-cancha-lujan-gano-y-toma-aire-en-la-primera-c\/\" aria-label=\"Leer m\u00e1s sobre Con los cuatro mercedinos en cancha, Luj\u00e1n gan\u00f3 y toma aire en la Primera C\">Leer m\u00e1s<\/a><\/p>\n","protected":false},"author":1,"featured_media":103448,"comment_status":"closed","ping_status":"open","sticky":false,"template":"","format":"standard","meta":{"_monsterinsights_skip_tracking":false,"_monsterinsights_sitenote_active":false,"_monsterinsights_sitenote_note":"","_monsterinsights_sitenote_category":0,"jetpack_post_was_ever_published":false,"_jetpack_newsletter_access":"","_jetpack_dont_email_post_to_subs":false,"_jetpack_newsletter_tier_id":0,"_jetpack_memberships_contains_paywalled_content":false,"_jetpack_memberships_contains_paid_content":false,"footnotes":"","jetpack_publicize_message":"","jetpack_publicize_feature_enabled":true,"jetpack_social_post_already_shared":true,"jetpack_social_options":{"image_generator_settings":{"template":"highway","default_image_id":0,"font":"","enabled":false},"version":2},"_wpas_customize_per_network":false},"categories":[21],"tags":[2970,12575,9897,13920],"class_list":["post-103447","post","type-post","status-publish","format-standard","has-post-thumbnail","hentry","category-deportes","tag-excursionistas","tag-gonzalo-perez","tag-matias-caputo","tag-tiago-portesi","generate-columns","tablet-grid-50","mobile-grid-100","grid-parent","grid-50"],"jetpack_publicize_connections":[],"jetpack_featured_media_url":"https:\/\/www.hoymercedes.com.ar\/principal\/wp-content\/uploads\/2019\/12\/Gonzalo-Perez-Lujan-2.jpg","wps_subtitle":"La Legi\u00f3n","jetpack_sharing_enabled":true,"_links":{"self":[{"href":"https:\/\/www.hoymercedes.com.ar\/principal\/wp-json\/wp\/v2\/posts\/103447","targetHints":{"allow":["GET"]}}],"collection":[{"href":"https:\/\/www.hoymercedes.com.ar\/principal\/wp-json\/wp\/v2\/posts"}],"about":[{"href":"https:\/\/www.hoymercedes.com.ar\/principal\/wp-json\/wp\/v2\/types\/post"}],"author":[{"embeddable":true,"href":"https:\/\/www.hoymercedes.com.ar\/principal\/wp-json\/wp\/v2\/users\/1"}],"replies":[{"embeddable":true,"href":"https:\/\/www.hoymercedes.com.ar\/principal\/wp-json\/wp\/v2\/comments?post=103447"}],"version-history":[{"count":0,"href":"https:\/\/www.hoymercedes.com.ar\/principal\/wp-json\/wp\/v2\/posts\/103447\/revisions"}],"wp:featuredmedia":[{"embeddable":true,"href":"https:\/\/www.hoymercedes.com.ar\/principal\/wp-json\/wp\/v2\/media\/103448"}],"wp:attachment":[{"href":"https:\/\/www.hoymercedes.com.ar\/principal\/wp-json\/wp\/v2\/media?parent=103447"}],"wp:term":[{"taxonomy":"category","embeddable":true,"href":"https:\/\/www.hoymercedes.com.ar\/principal\/wp-json\/wp\/v2\/categories?post=103447"},{"taxonomy":"post_tag","embeddable":true,"href":"https:\/\/www.hoymercedes.com.ar\/principal\/wp-json\/wp\/v2\/tags?post=103447"}],"curies":[{"name":"wp","href":"https:\/\/api.w.org\/{rel}","templated":true}]}}