{"id":103459,"date":"2019-12-05T07:41:35","date_gmt":"2019-12-05T10:41:35","guid":{"rendered":"http:\/\/www.hoymercedes.com.ar\/principal\/?p=103459"},"modified":"2019-12-04T20:48:22","modified_gmt":"2019-12-04T23:48:22","slug":"la-liga-nacional-de-futbol-de-amputados-se-define-este-fin-de-semana-en-mendoza","status":"publish","type":"post","link":"https:\/\/www.hoymercedes.com.ar\/principal\/2019\/12\/05\/la-liga-nacional-de-futbol-de-amputados-se-define-este-fin-de-semana-en-mendoza\/","title":{"rendered":"La Liga Nacional de F\u00fatbol de Amputados se define este fin de semana en Mendoza"},"content":{"rendered":"\n<p>Tal como esta previsto desde hace algunas semanas, la Liga Nacional de F\u00fatbol Amputados se definir\u00e1 en Mendoza, luego de haberse suspendido la definici\u00f3n en cancha de la Liga Mercedina. Las semifinales y la final se jugar\u00e1n en Jun\u00edn este viernes 6, s\u00e1bado 7 y domingo 8.<\/p>\n\n\n\n<figure class=\"wp-block-image size-large\"><img loading=\"lazy\" decoding=\"async\" width=\"960\" height=\"720\" data-attachment-id=\"103460\" data-permalink=\"https:\/\/www.hoymercedes.com.ar\/principal\/2019\/12\/05\/la-liga-nacional-de-futbol-de-amputados-se-define-este-fin-de-semana-en-mendoza\/los-lobos-fecha-1-3\/#main\" data-orig-file=\"https:\/\/www.hoymercedes.com.ar\/principal\/wp-content\/uploads\/2019\/12\/Los-Lobos-fecha-1.jpg\" data-orig-size=\"960,720\" data-comments-opened=\"0\" data-image-meta=\"{&quot;aperture&quot;:&quot;0&quot;,&quot;credit&quot;:&quot;&quot;,&quot;camera&quot;:&quot;&quot;,&quot;caption&quot;:&quot;&quot;,&quot;created_timestamp&quot;:&quot;0&quot;,&quot;copyright&quot;:&quot;&quot;,&quot;focal_length&quot;:&quot;0&quot;,&quot;iso&quot;:&quot;0&quot;,&quot;shutter_speed&quot;:&quot;0&quot;,&quot;title&quot;:&quot;&quot;,&quot;orientation&quot;:&quot;0&quot;}\" data-image-title=\"Los-Lobos-fecha-1\" data-image-description=\"\" data-image-caption=\"\" data-large-file=\"https:\/\/www.hoymercedes.com.ar\/principal\/wp-content\/uploads\/2019\/12\/Los-Lobos-fecha-1.jpg\" src=\"https:\/\/www.hoymercedes.com.ar\/principal\/wp-content\/uploads\/2019\/12\/Los-Lobos-fecha-1.jpg\" alt=\"\" class=\"wp-image-103460\"\/><\/figure>\n\n\n\n<p>Los partidos ser\u00e1n entre Los Lobos de Buenos Aires (con Dami\u00e1n Defelippe y \u00c1ngel I\u00f1iguez en cancha) ante Los Titanes de Chaco y Los Gurises de Entre R\u00edos frente a Los Teros de C\u00f3rdoba. Los ganadores jugar\u00e1n la final, mientras que los perdedores lo har\u00e1n por el tercer puesto.<\/p>\n","protected":false},"excerpt":{"rendered":"<p>Tal como esta previsto desde hace algunas semanas, la Liga Nacional de F\u00fatbol Amputados se definir\u00e1 en Mendoza, luego de &#8230; <a title=\"La Liga Nacional de F\u00fatbol de Amputados se define este fin de semana en Mendoza\" class=\"read-more\" href=\"https:\/\/www.hoymercedes.com.ar\/principal\/2019\/12\/05\/la-liga-nacional-de-futbol-de-amputados-se-define-este-fin-de-semana-en-mendoza\/\" aria-label=\"Leer m\u00e1s sobre La Liga Nacional de F\u00fatbol de Amputados se define este fin de semana en Mendoza\">Leer m\u00e1s<\/a><\/p>\n","protected":false},"author":1,"featured_media":103460,"comment_status":"closed","ping_status":"open","sticky":false,"template":"","format":"standard","meta":{"_monsterinsights_skip_tracking":false,"_monsterinsights_sitenote_active":false,"_monsterinsights_sitenote_note":"","_monsterinsights_sitenote_category":0,"jetpack_post_was_ever_published":false,"_jetpack_newsletter_access":"","_jetpack_dont_email_post_to_subs":false,"_jetpack_newsletter_tier_id":0,"_jetpack_memberships_contains_paywalled_content":false,"_jetpack_memberships_contains_paid_content":false,"footnotes":"","jetpack_publicize_message":"","jetpack_publicize_feature_enabled":true,"jetpack_social_post_already_shared":true,"jetpack_social_options":{"image_generator_settings":{"template":"highway","default_image_id":0,"font":"","enabled":false},"version":2},"_wpas_customize_per_network":false},"categories":[21],"tags":[14523,2789,9714,15568],"class_list":["post-103459","post","type-post","status-publish","format-standard","has-post-thumbnail","hentry","category-deportes","tag-angel-iniguez","tag-damian-defelippe","tag-futbol-amputados","tag-liga-nacional-futbol-amputados","generate-columns","tablet-grid-50","mobile-grid-100","grid-parent","grid-50"],"jetpack_publicize_connections":[],"jetpack_featured_media_url":"https:\/\/www.hoymercedes.com.ar\/principal\/wp-content\/uploads\/2019\/12\/Los-Lobos-fecha-1.jpg","wps_subtitle":"F\u00fatbol Amputados","jetpack_sharing_enabled":true,"_links":{"self":[{"href":"https:\/\/www.hoymercedes.com.ar\/principal\/wp-json\/wp\/v2\/posts\/103459","targetHints":{"allow":["GET"]}}],"collection":[{"href":"https:\/\/www.hoymercedes.com.ar\/principal\/wp-json\/wp\/v2\/posts"}],"about":[{"href":"https:\/\/www.hoymercedes.com.ar\/principal\/wp-json\/wp\/v2\/types\/post"}],"author":[{"embeddable":true,"href":"https:\/\/www.hoymercedes.com.ar\/principal\/wp-json\/wp\/v2\/users\/1"}],"replies":[{"embeddable":true,"href":"https:\/\/www.hoymercedes.com.ar\/principal\/wp-json\/wp\/v2\/comments?post=103459"}],"version-history":[{"count":0,"href":"https:\/\/www.hoymercedes.com.ar\/principal\/wp-json\/wp\/v2\/posts\/103459\/revisions"}],"wp:featuredmedia":[{"embeddable":true,"href":"https:\/\/www.hoymercedes.com.ar\/principal\/wp-json\/wp\/v2\/media\/103460"}],"wp:attachment":[{"href":"https:\/\/www.hoymercedes.com.ar\/principal\/wp-json\/wp\/v2\/media?parent=103459"}],"wp:term":[{"taxonomy":"category","embeddable":true,"href":"https:\/\/www.hoymercedes.com.ar\/principal\/wp-json\/wp\/v2\/categories?post=103459"},{"taxonomy":"post_tag","embeddable":true,"href":"https:\/\/www.hoymercedes.com.ar\/principal\/wp-json\/wp\/v2\/tags?post=103459"}],"curies":[{"name":"wp","href":"https:\/\/api.w.org\/{rel}","templated":true}]}}