{"id":103476,"date":"2019-12-05T12:53:00","date_gmt":"2019-12-05T15:53:00","guid":{"rendered":"http:\/\/www.hoymercedes.com.ar\/principal\/?p=103476"},"modified":"2019-12-05T20:08:48","modified_gmt":"2019-12-05T23:08:48","slug":"disemia-encuentro-de-escritores-y-musicos","status":"publish","type":"post","link":"https:\/\/www.hoymercedes.com.ar\/principal\/2019\/12\/05\/disemia-encuentro-de-escritores-y-musicos\/","title":{"rendered":"Disemia: Encuentro de escritores y m\u00fasicos"},"content":{"rendered":"\n<p>El pr\u00f3ximo viernes 6 de diciembre, a las 21 en Luj\u00e1n, se realiza en segundo encuentro del ciclo Disemia que convoca a escritores y m\u00fasicos en un ambiente informal y fruct\u00edfero.<\/p>\n\n\n\n<figure class=\"wp-block-image size-large\"><img loading=\"lazy\" decoding=\"async\" width=\"768\" height=\"768\" data-attachment-id=\"103478\" data-permalink=\"https:\/\/www.hoymercedes.com.ar\/principal\/2019\/12\/05\/disemia-encuentro-de-escritores-y-musicos\/05-disemia\/#main\" data-orig-file=\"https:\/\/www.hoymercedes.com.ar\/principal\/wp-content\/uploads\/2019\/12\/05-Disemia.jpg\" data-orig-size=\"768,768\" data-comments-opened=\"0\" data-image-meta=\"{&quot;aperture&quot;:&quot;0&quot;,&quot;credit&quot;:&quot;&quot;,&quot;camera&quot;:&quot;&quot;,&quot;caption&quot;:&quot;&quot;,&quot;created_timestamp&quot;:&quot;0&quot;,&quot;copyright&quot;:&quot;&quot;,&quot;focal_length&quot;:&quot;0&quot;,&quot;iso&quot;:&quot;0&quot;,&quot;shutter_speed&quot;:&quot;0&quot;,&quot;title&quot;:&quot;&quot;,&quot;orientation&quot;:&quot;0&quot;}\" data-image-title=\"05-Disemia\" data-image-description=\"\" data-image-caption=\"\" data-large-file=\"https:\/\/www.hoymercedes.com.ar\/principal\/wp-content\/uploads\/2019\/12\/05-Disemia.jpg\" src=\"https:\/\/www.hoymercedes.com.ar\/principal\/wp-content\/uploads\/2019\/12\/05-Disemia.jpg\" alt=\"\" class=\"wp-image-103478\"\/><\/figure>\n\n\n\n<p>Disemia se llama este ciclo de escritores y m\u00fasicos en\nLuj\u00e1n que se da cita una vez por mes para compartir un espacio de disfrute por\nlos sonidos y las palabras. En un ambiente c\u00e1lido y amigable este encuentro de\nentrada libre y gratuita promete la lectura de obra impresa en voz de sus\nescritores y la interpretaci\u00f3n de obras musicales, todas sinton\u00edas para el o\u00eddo\natento.&nbsp;&nbsp; <\/p>\n\n\n\n<p>En esta ocasi\u00f3n leen Luc\u00eda Felice, Adriana Bertoni,\nCeleste Piazza, Jos\u00e9 Scarnatto, Mabel Ramos, Mara Ya\u00f1ez&nbsp; y Charo Vargas. Los textos le\u00eddos se ofrecen\nadem\u00e1s en forma impresa para que los asistentes puedan llevar testimonio del\nmomento. <\/p>\n\n\n\n<p>Tocan adem\u00e1s Fernando Momo y Guadalupe Ledesma.\nDisemia se propone como un encuentro \u00abgr\u00e1fono\u00bb, gr\u00e1fico y sonoro:\nlibros y m\u00fasica. Con sorpresas como alguna muestra audiovisual, stand ups o\nmezclas varias. Habr\u00e1 tambi\u00e9n bar y comidas leves.&nbsp; <\/p>\n\n\n\n<p>Organizado por el psic\u00f3logo mercedino radicado en Luj\u00e1n\n\u00c1ngel Rutigliano, Luc\u00eda Rodr\u00edguez, &nbsp;y\nJuan Lagomarsino, esta segunda edici\u00f3n del ciclo Disemia propone un aire\nrefrescante en la noche de la cultura de Luj\u00e1n. El viernes 6 de diciembre, a\nlas 21 en Amuy\u00e9n, G\u00fcemes 766, Luj\u00e1n.<\/p>\n","protected":false},"excerpt":{"rendered":"<p>El pr\u00f3ximo viernes 6 de diciembre, a las 21 en Luj\u00e1n, se realiza en segundo encuentro del ciclo Disemia que &#8230; <a title=\"Disemia: Encuentro de escritores y m\u00fasicos\" class=\"read-more\" href=\"https:\/\/www.hoymercedes.com.ar\/principal\/2019\/12\/05\/disemia-encuentro-de-escritores-y-musicos\/\" aria-label=\"Leer m\u00e1s sobre Disemia: Encuentro de escritores y m\u00fasicos\">Leer m\u00e1s<\/a><\/p>\n","protected":false},"author":1,"featured_media":103478,"comment_status":"closed","ping_status":"open","sticky":false,"template":"","format":"standard","meta":{"_monsterinsights_skip_tracking":false,"_monsterinsights_sitenote_active":false,"_monsterinsights_sitenote_note":"","_monsterinsights_sitenote_category":0,"jetpack_post_was_ever_published":false,"_jetpack_newsletter_access":"","_jetpack_dont_email_post_to_subs":false,"_jetpack_newsletter_tier_id":0,"_jetpack_memberships_contains_paywalled_content":false,"_jetpack_memberships_contains_paid_content":false,"footnotes":"","jetpack_publicize_message":"","jetpack_publicize_feature_enabled":true,"jetpack_social_post_already_shared":true,"jetpack_social_options":{"image_generator_settings":{"template":"highway","default_image_id":0,"font":"","enabled":false},"version":2},"_wpas_customize_per_network":false},"categories":[104],"tags":[7805,86],"class_list":["post-103476","post","type-post","status-publish","format-standard","has-post-thumbnail","hentry","category-cultura","tag-cultura","tag-lujan","generate-columns","tablet-grid-50","mobile-grid-100","grid-parent","grid-50"],"jetpack_publicize_connections":[],"jetpack_featured_media_url":"https:\/\/www.hoymercedes.com.ar\/principal\/wp-content\/uploads\/2019\/12\/05-Disemia.jpg","wps_subtitle":"Regional","jetpack_sharing_enabled":true,"_links":{"self":[{"href":"https:\/\/www.hoymercedes.com.ar\/principal\/wp-json\/wp\/v2\/posts\/103476","targetHints":{"allow":["GET"]}}],"collection":[{"href":"https:\/\/www.hoymercedes.com.ar\/principal\/wp-json\/wp\/v2\/posts"}],"about":[{"href":"https:\/\/www.hoymercedes.com.ar\/principal\/wp-json\/wp\/v2\/types\/post"}],"author":[{"embeddable":true,"href":"https:\/\/www.hoymercedes.com.ar\/principal\/wp-json\/wp\/v2\/users\/1"}],"replies":[{"embeddable":true,"href":"https:\/\/www.hoymercedes.com.ar\/principal\/wp-json\/wp\/v2\/comments?post=103476"}],"version-history":[{"count":0,"href":"https:\/\/www.hoymercedes.com.ar\/principal\/wp-json\/wp\/v2\/posts\/103476\/revisions"}],"wp:featuredmedia":[{"embeddable":true,"href":"https:\/\/www.hoymercedes.com.ar\/principal\/wp-json\/wp\/v2\/media\/103478"}],"wp:attachment":[{"href":"https:\/\/www.hoymercedes.com.ar\/principal\/wp-json\/wp\/v2\/media?parent=103476"}],"wp:term":[{"taxonomy":"category","embeddable":true,"href":"https:\/\/www.hoymercedes.com.ar\/principal\/wp-json\/wp\/v2\/categories?post=103476"},{"taxonomy":"post_tag","embeddable":true,"href":"https:\/\/www.hoymercedes.com.ar\/principal\/wp-json\/wp\/v2\/tags?post=103476"}],"curies":[{"name":"wp","href":"https:\/\/api.w.org\/{rel}","templated":true}]}}