{"id":103506,"date":"2019-12-05T21:12:00","date_gmt":"2019-12-06T00:12:00","guid":{"rendered":"http:\/\/www.hoymercedes.com.ar\/principal\/?p=103506"},"modified":"2019-12-05T20:19:12","modified_gmt":"2019-12-05T23:19:12","slug":"egreso-de-los-agentes-penitenciarios-del-nivel-secundario","status":"publish","type":"post","link":"https:\/\/www.hoymercedes.com.ar\/principal\/2019\/12\/05\/egreso-de-los-agentes-penitenciarios-del-nivel-secundario\/","title":{"rendered":"Egreso de los agentes penitenciarios del nivel secundario"},"content":{"rendered":"\n<p>En el Casino de Oficiales de la Unidad Penitenciaria N\u00b05 se realiz\u00f3 la ceremonia de egreso del\u00a0Centro Educativo Nivel Secundario N\u00ba 452\u00a0\u00a0(CENS) en su extensi\u00f3n para el personal y su n\u00facleo familiar, ampliado tambi\u00e9n para integrantes de bomberos voluntarios, e instructores del los Centros de Formaci\u00f3n Profesional.<\/p>\n\n\n\n<figure class=\"wp-block-image size-large\"><img loading=\"lazy\" decoding=\"async\" width=\"800\" height=\"450\" data-attachment-id=\"103504\" data-permalink=\"https:\/\/www.hoymercedes.com.ar\/principal\/2019\/12\/06\/ceremonia-de-ascensos-para-el-personal-de-la-unidad-n-5-de-mercedes\/05-u5-sec-agentes-2\/#main\" data-orig-file=\"https:\/\/www.hoymercedes.com.ar\/principal\/wp-content\/uploads\/2019\/12\/05-U5-sec-agentes-2.jpg\" data-orig-size=\"800,450\" data-comments-opened=\"0\" data-image-meta=\"{&quot;aperture&quot;:&quot;0&quot;,&quot;credit&quot;:&quot;&quot;,&quot;camera&quot;:&quot;&quot;,&quot;caption&quot;:&quot;&quot;,&quot;created_timestamp&quot;:&quot;0&quot;,&quot;copyright&quot;:&quot;&quot;,&quot;focal_length&quot;:&quot;0&quot;,&quot;iso&quot;:&quot;0&quot;,&quot;shutter_speed&quot;:&quot;0&quot;,&quot;title&quot;:&quot;&quot;,&quot;orientation&quot;:&quot;0&quot;}\" data-image-title=\"05 U5 sec agentes (2)\" data-image-description=\"\" data-image-caption=\"\" data-large-file=\"https:\/\/www.hoymercedes.com.ar\/principal\/wp-content\/uploads\/2019\/12\/05-U5-sec-agentes-2.jpg\" src=\"https:\/\/www.hoymercedes.com.ar\/principal\/wp-content\/uploads\/2019\/12\/05-U5-sec-agentes-2.jpg\" alt=\"\" class=\"wp-image-103504\"\/><\/figure>\n\n\n\n<p>Actualmente el CENS, (ex Escuela Secundaria N\u00b0 2) funciona en las instalaciones del Casino de Oficiales y con anterioridad se dictaban las clases en el C\u00edrculo de Suboficiales y Guardias, donde han podido concluir sus estudios secundarios a lo largo de los a\u00f1os un importante n\u00famero de personas. Su\u00a0Director Licenciado Sergio Denapole\u00a0agradeci\u00f3 a las autoridades de la Unidad N\u00b0 5, al personal, al Jefe de Bomberos y principalmente a los profesores que lo acompa\u00f1an en \u00e9sta tarea, de dar clases, contener, motivar y seguir a los adultos que tienen \u00e9sta oportunidad de completar algo que por diversos motivos no pudieron hacer cronol\u00f3gicamente, pero que por la voluntad de superaci\u00f3n \u00e9sta vez s\u00ed.<\/p>\n\n\n\n<p>En \u00e9sta oportunidad, luego del acto protocolar donde se entregaron certificados y medallas, el Profesor Marcelo Denapole, les habl\u00f3 despidi\u00e9ndoos, y les dijo entre otras cosas \u201cque el esfuerzo de los adultos que estudian es muy grande, vienen de trabajar, en los casos de los penitenciarios vienen de sus guardias, cansados, es muy valorable\u201d. Por otra parte resalto el compa\u00f1erismo, y el ida y vuelta con sus alumnos. Adem\u00e1s, se despidi\u00f3 tambi\u00e9n de los profesores, colegas, y autoridades porque se jubila para el pr\u00f3ximo a\u00f1o. El turno de los alumnos hizo uso de la palabra dos egresados, siendo muy sentidas y valoradas, haciendo emocionar a los presentes, describiendo situaciones por las que no pudieron hacerlo en su momento, puertas que se cierran por no tenerlo, y la valorizaci\u00f3n y agradecimiento a la escuela, profesores y compa\u00f1eros.<\/p>\n\n\n\n<figure class=\"wp-block-image size-large\"><img loading=\"lazy\" decoding=\"async\" width=\"800\" height=\"450\" data-attachment-id=\"103503\" data-permalink=\"https:\/\/www.hoymercedes.com.ar\/principal\/2019\/12\/06\/ceremonia-de-ascensos-para-el-personal-de-la-unidad-n-5-de-mercedes\/05-u5-sec-agentes-1\/#main\" data-orig-file=\"https:\/\/www.hoymercedes.com.ar\/principal\/wp-content\/uploads\/2019\/12\/05-U5-sec-agentes-1.jpg\" data-orig-size=\"800,450\" data-comments-opened=\"0\" data-image-meta=\"{&quot;aperture&quot;:&quot;0&quot;,&quot;credit&quot;:&quot;&quot;,&quot;camera&quot;:&quot;&quot;,&quot;caption&quot;:&quot;&quot;,&quot;created_timestamp&quot;:&quot;0&quot;,&quot;copyright&quot;:&quot;&quot;,&quot;focal_length&quot;:&quot;0&quot;,&quot;iso&quot;:&quot;0&quot;,&quot;shutter_speed&quot;:&quot;0&quot;,&quot;title&quot;:&quot;&quot;,&quot;orientation&quot;:&quot;0&quot;}\" data-image-title=\"05 U5 sec agentes (1)\" data-image-description=\"\" data-image-caption=\"\" data-large-file=\"https:\/\/www.hoymercedes.com.ar\/principal\/wp-content\/uploads\/2019\/12\/05-U5-sec-agentes-1.jpg\" src=\"https:\/\/www.hoymercedes.com.ar\/principal\/wp-content\/uploads\/2019\/12\/05-U5-sec-agentes-1.jpg\" alt=\"\" class=\"wp-image-103503\"\/><\/figure>\n\n\n\n<p>Una de las egresadas fue&nbsp;<strong>Ver\u00f3nica Lobato<\/strong>, Cabo Administrativo del Servicio Penitenciario, que cumple funciones en la Unidad N\u00b0 5, tiene 33 a\u00f1os y despu\u00e9s de varios intentos, realiz\u00f3 los 3 a\u00f1os de la modalidad adultos y logr\u00f3 recibirse, acompa\u00f1ada de su familia, se mostr\u00f3 muy agradecida de los profesores, y de la buena relaci\u00f3n que se dio con ellos, y a las autoridades del penal que colaboraron e incentivaron sus pasos, \u201cahora voy por m\u00e1s, voy a tratar de hacer otro nivel, estudiando otra cosa, una carrera\u201d expres\u00f3. Recibi\u00f3 las felicitaciones del Director de la U.5 Prefecto Mayor Pablo Gregorini y del Subdirector de Asistencia y Tratamiento Prefecto Carlos Basualdo.<\/p>\n","protected":false},"excerpt":{"rendered":"<p>En el Casino de Oficiales de la Unidad Penitenciaria N\u00b05 se realiz\u00f3 la ceremonia de egreso del\u00a0Centro Educativo Nivel Secundario &#8230; <a title=\"Egreso de los agentes penitenciarios del nivel secundario\" class=\"read-more\" href=\"https:\/\/www.hoymercedes.com.ar\/principal\/2019\/12\/05\/egreso-de-los-agentes-penitenciarios-del-nivel-secundario\/\" aria-label=\"Leer m\u00e1s sobre Egreso de los agentes penitenciarios del nivel secundario\">Leer m\u00e1s<\/a><\/p>\n","protected":false},"author":1,"featured_media":103503,"comment_status":"closed","ping_status":"open","sticky":false,"template":"","format":"standard","meta":{"_monsterinsights_skip_tracking":false,"_monsterinsights_sitenote_active":false,"_monsterinsights_sitenote_note":"","_monsterinsights_sitenote_category":0,"jetpack_post_was_ever_published":false,"_jetpack_newsletter_access":"","_jetpack_dont_email_post_to_subs":false,"_jetpack_newsletter_tier_id":0,"_jetpack_memberships_contains_paywalled_content":false,"_jetpack_memberships_contains_paid_content":false,"footnotes":"","jetpack_publicize_message":"","jetpack_publicize_feature_enabled":true,"jetpack_social_post_already_shared":true,"jetpack_social_options":{"image_generator_settings":{"template":"highway","default_image_id":0,"font":"","enabled":false},"version":2},"_wpas_customize_per_network":false},"categories":[8],"tags":[1011,47,8796,113],"class_list":["post-103506","post","type-post","status-publish","format-standard","has-post-thumbnail","hentry","category-sociedad","tag-carcel","tag-educacion-2","tag-secundario","tag-unidad-5","generate-columns","tablet-grid-50","mobile-grid-100","grid-parent","grid-50"],"jetpack_publicize_connections":[],"jetpack_featured_media_url":"https:\/\/www.hoymercedes.com.ar\/principal\/wp-content\/uploads\/2019\/12\/05-U5-sec-agentes-1.jpg","wps_subtitle":"En la jornada del mi\u00e9rcoles \u00faltimo","jetpack_sharing_enabled":true,"_links":{"self":[{"href":"https:\/\/www.hoymercedes.com.ar\/principal\/wp-json\/wp\/v2\/posts\/103506","targetHints":{"allow":["GET"]}}],"collection":[{"href":"https:\/\/www.hoymercedes.com.ar\/principal\/wp-json\/wp\/v2\/posts"}],"about":[{"href":"https:\/\/www.hoymercedes.com.ar\/principal\/wp-json\/wp\/v2\/types\/post"}],"author":[{"embeddable":true,"href":"https:\/\/www.hoymercedes.com.ar\/principal\/wp-json\/wp\/v2\/users\/1"}],"replies":[{"embeddable":true,"href":"https:\/\/www.hoymercedes.com.ar\/principal\/wp-json\/wp\/v2\/comments?post=103506"}],"version-history":[{"count":0,"href":"https:\/\/www.hoymercedes.com.ar\/principal\/wp-json\/wp\/v2\/posts\/103506\/revisions"}],"wp:featuredmedia":[{"embeddable":true,"href":"https:\/\/www.hoymercedes.com.ar\/principal\/wp-json\/wp\/v2\/media\/103503"}],"wp:attachment":[{"href":"https:\/\/www.hoymercedes.com.ar\/principal\/wp-json\/wp\/v2\/media?parent=103506"}],"wp:term":[{"taxonomy":"category","embeddable":true,"href":"https:\/\/www.hoymercedes.com.ar\/principal\/wp-json\/wp\/v2\/categories?post=103506"},{"taxonomy":"post_tag","embeddable":true,"href":"https:\/\/www.hoymercedes.com.ar\/principal\/wp-json\/wp\/v2\/tags?post=103506"}],"curies":[{"name":"wp","href":"https:\/\/api.w.org\/{rel}","templated":true}]}}