{"id":103511,"date":"2019-12-06T13:20:00","date_gmt":"2019-12-06T16:20:00","guid":{"rendered":"http:\/\/www.hoymercedes.com.ar\/principal\/?p=103511"},"modified":"2019-12-06T12:24:06","modified_gmt":"2019-12-06T15:24:06","slug":"el-sabado-el-mercado-sustentable-festejara-su-primer-aniversario","status":"publish","type":"post","link":"https:\/\/www.hoymercedes.com.ar\/principal\/2019\/12\/06\/el-sabado-el-mercado-sustentable-festejara-su-primer-aniversario\/","title":{"rendered":"El s\u00e1bado el mercado sustentable festejar\u00e1 su primer aniversario"},"content":{"rendered":"\n<p>Hace un a\u00f1o el Municipio de Mercedes pon\u00eda en marcha el primer \u201cMercado Sustentable\u201d de la ciudad, una propuesta innovadora que claramente vino para quedarse. Esta iniciativa es un trabajo en conjunto entre la Secretaria de Desarrollo Social municipal, el \u00e1rea de producci\u00f3n y los productores locales. <\/p>\n\n\n\n<figure class=\"wp-block-image size-large\"><img loading=\"lazy\" decoding=\"async\" width=\"800\" height=\"533\" data-attachment-id=\"103513\" data-permalink=\"https:\/\/www.hoymercedes.com.ar\/principal\/2019\/12\/06\/el-sabado-el-mercado-sustentable-festejara-su-primer-aniversario\/05-mercado-sustentable1\/#main\" data-orig-file=\"https:\/\/www.hoymercedes.com.ar\/principal\/wp-content\/uploads\/2019\/12\/05-mercado-sustentable1.jpg\" data-orig-size=\"800,533\" data-comments-opened=\"0\" data-image-meta=\"{&quot;aperture&quot;:&quot;0&quot;,&quot;credit&quot;:&quot;&quot;,&quot;camera&quot;:&quot;&quot;,&quot;caption&quot;:&quot;&quot;,&quot;created_timestamp&quot;:&quot;0&quot;,&quot;copyright&quot;:&quot;&quot;,&quot;focal_length&quot;:&quot;0&quot;,&quot;iso&quot;:&quot;0&quot;,&quot;shutter_speed&quot;:&quot;0&quot;,&quot;title&quot;:&quot;&quot;,&quot;orientation&quot;:&quot;0&quot;}\" data-image-title=\"05 mercado sustentable1\" data-image-description=\"\" data-image-caption=\"\" data-large-file=\"https:\/\/www.hoymercedes.com.ar\/principal\/wp-content\/uploads\/2019\/12\/05-mercado-sustentable1.jpg\" src=\"https:\/\/www.hoymercedes.com.ar\/principal\/wp-content\/uploads\/2019\/12\/05-mercado-sustentable1.jpg\" alt=\"\" class=\"wp-image-103513\"\/><\/figure>\n\n\n\n<p>La misma tiene como objetivo poner a la venta productos \u2013 agroecol\u00f3gicos u org\u00e1nicos- sin mediadores, de la tierra a la mesa. \u201cDespu\u00e9s de un a\u00f1o el balance es m\u00e1s que positivo y se puso en relevancia una alimentaci\u00f3n m\u00e1s sana y natural\u201d se\u00f1al\u00f3 Mario Alday del \u00e1rea de producci\u00f3n municipal.<\/p>\n\n\n\n<p>Es as\u00ed como el primer y tercer s\u00e1bado de cada mes, desde uno de los galpones del Complejo La Trocha los vecinos pueden encontrar verduras de la huerta agroecol\u00f3gica, panificados y resposter\u00eda integral, dulces y conservas caseras, miel, queso, huevos de campo, jugos naturales, cerveza artesanal, vino patero, medicina y cosm\u00e9tica natural, patio gastron\u00f3mico saludable. <\/p>\n\n\n\n<p>\u201cBrindamos una propuesta variada en todo lo que tiene que ver con la alimentaci\u00f3n, es un abanico muy interesante donde la gente puede encontrar de todo\u201d manifest\u00f3 Alday.<\/p>\n\n\n\n<p>\u201cHace unos a\u00f1os comenz\u00f3 a darse un vuelco con esto de los par\u00e1metros establecidos de las grandes cadenas, donde comenzaron a aparecer productores que se dedican a promover y elaborar alimentos de otra manera, sin la utilizaci\u00f3n de qu\u00edmicos, trabajando la materia prima de una forma diferente\u201d declar\u00f3 Mario Alday.<\/p>\n\n\n\n<p>En ese sentido, agreg\u00f3 \u201cadem\u00e1s se generara trabajo, ya que los productores tienen la posibilidad de exhibir lo que hacen, generando un nuevo mercado\u201d.&nbsp;<\/p>\n\n\n\n<p>El amueblamiento est\u00e1 realizado con materiales reciclados en su totalidad. Este espacio fue ideado y elaborado por dos j\u00f3venes profesionales, Mariano Cristofari y Carolina Heinrich, impulsando el concepto que la comuna viene trabajando desde el comienzo de la gesti\u00f3n, la de una ciudad sustentable.<\/p>\n\n\n\n<p>Por otro lado, Alday inform\u00f3 \u201ceste s\u00e1bado debido a la Fiesta Nacional del Durazno vamos a estar armando el mercado debajo del and\u00e9n\u201d y agrego \u201cseguramente va a concurrir much\u00edsima gente lo que seguramente dar\u00e1 mayor visibilidad al mercado\u201d.<\/p>\n\n\n\n<p>Adem\u00e1s, adelant\u00f3 \u201cel d\u00eda 21 de diciembre vamos a estar festejando el aniversario del mercado, que debido a la Fiesta nacional del Durazno debimos pasar la fecha para ese d\u00eda\u201d y a\u00f1adi\u00f3 \u201cvan a haber sorteos, charlas tem\u00e1ticas de los productores, espect\u00e1culos musicales, entretenimientos para los m\u00e1s chicos, inflables, es decir, la idea es que la gente vaya y pase una jornada en familia\u201d.<\/p>\n\n\n\n<p>Fuente: Prensa municipal<\/p>\n\n\n\n<figure class=\"wp-block-image size-large\"><img loading=\"lazy\" decoding=\"async\" width=\"800\" height=\"533\" data-attachment-id=\"103512\" data-permalink=\"https:\/\/www.hoymercedes.com.ar\/principal\/2019\/12\/06\/el-sabado-el-mercado-sustentable-festejara-su-primer-aniversario\/05-mercado-sustentable\/#main\" data-orig-file=\"https:\/\/www.hoymercedes.com.ar\/principal\/wp-content\/uploads\/2019\/12\/05-mercado-sustentable.jpg\" data-orig-size=\"800,533\" data-comments-opened=\"0\" data-image-meta=\"{&quot;aperture&quot;:&quot;0&quot;,&quot;credit&quot;:&quot;&quot;,&quot;camera&quot;:&quot;&quot;,&quot;caption&quot;:&quot;&quot;,&quot;created_timestamp&quot;:&quot;0&quot;,&quot;copyright&quot;:&quot;&quot;,&quot;focal_length&quot;:&quot;0&quot;,&quot;iso&quot;:&quot;0&quot;,&quot;shutter_speed&quot;:&quot;0&quot;,&quot;title&quot;:&quot;&quot;,&quot;orientation&quot;:&quot;0&quot;}\" data-image-title=\"05 mercado sustentable\" data-image-description=\"\" data-image-caption=\"\" data-large-file=\"https:\/\/www.hoymercedes.com.ar\/principal\/wp-content\/uploads\/2019\/12\/05-mercado-sustentable.jpg\" src=\"https:\/\/www.hoymercedes.com.ar\/principal\/wp-content\/uploads\/2019\/12\/05-mercado-sustentable.jpg\" alt=\"\" class=\"wp-image-103512\"\/><\/figure>\n","protected":false},"excerpt":{"rendered":"<p>Hace un a\u00f1o el Municipio de Mercedes pon\u00eda en marcha el primer \u201cMercado Sustentable\u201d de la ciudad, una propuesta innovadora &#8230; <a title=\"El s\u00e1bado el mercado sustentable festejar\u00e1 su primer aniversario\" class=\"read-more\" href=\"https:\/\/www.hoymercedes.com.ar\/principal\/2019\/12\/06\/el-sabado-el-mercado-sustentable-festejara-su-primer-aniversario\/\" aria-label=\"Leer m\u00e1s sobre El s\u00e1bado el mercado sustentable festejar\u00e1 su primer aniversario\">Leer m\u00e1s<\/a><\/p>\n","protected":false},"author":1,"featured_media":103512,"comment_status":"closed","ping_status":"open","sticky":false,"template":"","format":"standard","meta":{"_monsterinsights_skip_tracking":false,"_monsterinsights_sitenote_active":false,"_monsterinsights_sitenote_note":"","_monsterinsights_sitenote_category":0,"jetpack_post_was_ever_published":false,"_jetpack_newsletter_access":"","_jetpack_dont_email_post_to_subs":false,"_jetpack_newsletter_tier_id":0,"_jetpack_memberships_contains_paywalled_content":false,"_jetpack_memberships_contains_paid_content":false,"footnotes":"","jetpack_publicize_message":"","jetpack_publicize_feature_enabled":true,"jetpack_social_post_already_shared":true,"jetpack_social_options":{"image_generator_settings":{"template":"highway","default_image_id":0,"font":"","enabled":false},"version":2},"_wpas_customize_per_network":false},"categories":[30],"tags":[8829,14054,244],"class_list":["post-103511","post","type-post","status-publish","format-standard","has-post-thumbnail","hentry","category-municipio","tag-aniversario","tag-mercado-sustentable","tag-municipio-2","generate-columns","tablet-grid-50","mobile-grid-100","grid-parent","grid-50"],"jetpack_publicize_connections":[],"jetpack_featured_media_url":"https:\/\/www.hoymercedes.com.ar\/principal\/wp-content\/uploads\/2019\/12\/05-mercado-sustentable.jpg","wps_subtitle":"Festejo saludable","jetpack_sharing_enabled":true,"_links":{"self":[{"href":"https:\/\/www.hoymercedes.com.ar\/principal\/wp-json\/wp\/v2\/posts\/103511","targetHints":{"allow":["GET"]}}],"collection":[{"href":"https:\/\/www.hoymercedes.com.ar\/principal\/wp-json\/wp\/v2\/posts"}],"about":[{"href":"https:\/\/www.hoymercedes.com.ar\/principal\/wp-json\/wp\/v2\/types\/post"}],"author":[{"embeddable":true,"href":"https:\/\/www.hoymercedes.com.ar\/principal\/wp-json\/wp\/v2\/users\/1"}],"replies":[{"embeddable":true,"href":"https:\/\/www.hoymercedes.com.ar\/principal\/wp-json\/wp\/v2\/comments?post=103511"}],"version-history":[{"count":0,"href":"https:\/\/www.hoymercedes.com.ar\/principal\/wp-json\/wp\/v2\/posts\/103511\/revisions"}],"wp:featuredmedia":[{"embeddable":true,"href":"https:\/\/www.hoymercedes.com.ar\/principal\/wp-json\/wp\/v2\/media\/103512"}],"wp:attachment":[{"href":"https:\/\/www.hoymercedes.com.ar\/principal\/wp-json\/wp\/v2\/media?parent=103511"}],"wp:term":[{"taxonomy":"category","embeddable":true,"href":"https:\/\/www.hoymercedes.com.ar\/principal\/wp-json\/wp\/v2\/categories?post=103511"},{"taxonomy":"post_tag","embeddable":true,"href":"https:\/\/www.hoymercedes.com.ar\/principal\/wp-json\/wp\/v2\/tags?post=103511"}],"curies":[{"name":"wp","href":"https:\/\/api.w.org\/{rel}","templated":true}]}}