{"id":103516,"date":"2019-12-06T07:35:41","date_gmt":"2019-12-06T10:35:41","guid":{"rendered":"http:\/\/www.hoymercedes.com.ar\/principal\/?p=103516"},"modified":"2019-12-05T21:18:54","modified_gmt":"2019-12-06T00:18:54","slug":"equipo-de-torball-mercedino-participo-de-actividad-inclusiva-en-unidad-penitenciaria-n30","status":"publish","type":"post","link":"https:\/\/www.hoymercedes.com.ar\/principal\/2019\/12\/06\/equipo-de-torball-mercedino-participo-de-actividad-inclusiva-en-unidad-penitenciaria-n30\/","title":{"rendered":"Equipo de torball mercedino particip\u00f3 de actividad inclusiva en Unidad Penitenciaria N\u00b030"},"content":{"rendered":"\n<p>El equipo municipal de Torball particip\u00f3 de una nueva actividad inclusiva. En esta ocasi\u00f3n y por segunda vez en el a\u00f1o visit\u00f3 la Unidad Penitenciaria N\u00b030 de General Alvear. Vale recordar que Mercedes es una de las dos localidades de la provincia que tienen cancha oficial para esta disciplina.&nbsp;&nbsp;<\/p>\n\n\n\n<figure class=\"wp-block-image size-large\"><img loading=\"lazy\" decoding=\"async\" width=\"720\" height=\"540\" data-attachment-id=\"103521\" data-permalink=\"https:\/\/www.hoymercedes.com.ar\/principal\/2019\/12\/06\/equipo-de-torball-mercedino-participo-de-actividad-inclusiva-en-unidad-penitenciaria-n30\/t3\/#main\" data-orig-file=\"https:\/\/www.hoymercedes.com.ar\/principal\/wp-content\/uploads\/2019\/12\/t3.jpeg\" data-orig-size=\"720,540\" data-comments-opened=\"0\" data-image-meta=\"{&quot;aperture&quot;:&quot;0&quot;,&quot;credit&quot;:&quot;&quot;,&quot;camera&quot;:&quot;&quot;,&quot;caption&quot;:&quot;&quot;,&quot;created_timestamp&quot;:&quot;0&quot;,&quot;copyright&quot;:&quot;&quot;,&quot;focal_length&quot;:&quot;0&quot;,&quot;iso&quot;:&quot;0&quot;,&quot;shutter_speed&quot;:&quot;0&quot;,&quot;title&quot;:&quot;&quot;,&quot;orientation&quot;:&quot;0&quot;}\" data-image-title=\"t3\" data-image-description=\"\" data-image-caption=\"\" data-large-file=\"https:\/\/www.hoymercedes.com.ar\/principal\/wp-content\/uploads\/2019\/12\/t3.jpeg\" src=\"https:\/\/www.hoymercedes.com.ar\/principal\/wp-content\/uploads\/2019\/12\/t3.jpeg\" alt=\"\" class=\"wp-image-103521\"\/><\/figure>\n\n\n\n<p>\u201cDurante la primera jugamos un partido de torball y charlamos con los internos. Entre la charla sali\u00f3 que era dif\u00edcil conseguir pelotas de torball en el pa\u00eds y nos regalaron m\u00e1s de 20 pelotas para instituciones o lugares que precisen para dar a conocer y difundir el deporte\u201d contaron desde la Direcci\u00f3n de Discapacidad a cargo de Tatiana L\u00f3pez.<\/p>\n\n\n\n<p>\u201cYa esta segunda invitaci\u00f3n permiti\u00f3 nos mostraran como dentro del pabell\u00f3n armaron sus propias canchas y d\u00edas de entrenamiento de torball, se armaron su gafas, pelota y todos los elementos. Entrenan el deporte dos veces por semana y nos hicieron una muestra. Tambi\u00e9n armaron un taller de reciclado de pelotas rotas que las hicieron de torball, todo un trabajo artesanal\u201d cont\u00f3 la funcionaria.<\/p>\n\n\n\n<p>El equipo de\u00a0\u00a0torball sigue experimentando como la inclusi\u00f3n crece en todos los \u00e1mbitos y nunca termina de generar nuevos y hermosos proyectos, afirmaron orgullosos de seguir abriendo caminos.<\/p>\n\n\n\n<figure class=\"wp-block-gallery columns-3 is-cropped wp-block-gallery-1 is-layout-flex wp-block-gallery-is-layout-flex\"><ul class=\"blocks-gallery-grid\"><li class=\"blocks-gallery-item\"><figure><img loading=\"lazy\" decoding=\"async\" width=\"720\" height=\"349\" data-attachment-id=\"103522\" data-permalink=\"https:\/\/www.hoymercedes.com.ar\/principal\/2019\/12\/06\/equipo-de-torball-mercedino-participo-de-actividad-inclusiva-en-unidad-penitenciaria-n30\/t4\/#main\" data-orig-file=\"https:\/\/www.hoymercedes.com.ar\/principal\/wp-content\/uploads\/2019\/12\/t4.jpeg\" data-orig-size=\"720,349\" data-comments-opened=\"0\" data-image-meta=\"{&quot;aperture&quot;:&quot;0&quot;,&quot;credit&quot;:&quot;&quot;,&quot;camera&quot;:&quot;&quot;,&quot;caption&quot;:&quot;&quot;,&quot;created_timestamp&quot;:&quot;0&quot;,&quot;copyright&quot;:&quot;&quot;,&quot;focal_length&quot;:&quot;0&quot;,&quot;iso&quot;:&quot;0&quot;,&quot;shutter_speed&quot;:&quot;0&quot;,&quot;title&quot;:&quot;&quot;,&quot;orientation&quot;:&quot;0&quot;}\" data-image-title=\"t4\" data-image-description=\"\" data-image-caption=\"\" data-large-file=\"https:\/\/www.hoymercedes.com.ar\/principal\/wp-content\/uploads\/2019\/12\/t4.jpeg\" src=\"https:\/\/www.hoymercedes.com.ar\/principal\/wp-content\/uploads\/2019\/12\/t4.jpeg\" alt=\"\" data-id=\"103522\" data-link=\"https:\/\/www.hoymercedes.com.ar\/principal\/?attachment_id=103522\" class=\"wp-image-103522\"\/><\/figure><\/li><li class=\"blocks-gallery-item\"><figure><img loading=\"lazy\" decoding=\"async\" width=\"720\" height=\"540\" data-attachment-id=\"103523\" data-permalink=\"https:\/\/www.hoymercedes.com.ar\/principal\/2019\/12\/06\/equipo-de-torball-mercedino-participo-de-actividad-inclusiva-en-unidad-penitenciaria-n30\/t2\/#main\" data-orig-file=\"https:\/\/www.hoymercedes.com.ar\/principal\/wp-content\/uploads\/2019\/12\/t2.jpeg\" data-orig-size=\"720,540\" data-comments-opened=\"0\" data-image-meta=\"{&quot;aperture&quot;:&quot;0&quot;,&quot;credit&quot;:&quot;&quot;,&quot;camera&quot;:&quot;&quot;,&quot;caption&quot;:&quot;&quot;,&quot;created_timestamp&quot;:&quot;0&quot;,&quot;copyright&quot;:&quot;&quot;,&quot;focal_length&quot;:&quot;0&quot;,&quot;iso&quot;:&quot;0&quot;,&quot;shutter_speed&quot;:&quot;0&quot;,&quot;title&quot;:&quot;&quot;,&quot;orientation&quot;:&quot;0&quot;}\" data-image-title=\"t2\" data-image-description=\"\" data-image-caption=\"\" data-large-file=\"https:\/\/www.hoymercedes.com.ar\/principal\/wp-content\/uploads\/2019\/12\/t2.jpeg\" src=\"https:\/\/www.hoymercedes.com.ar\/principal\/wp-content\/uploads\/2019\/12\/t2.jpeg\" alt=\"\" data-id=\"103523\" data-link=\"https:\/\/www.hoymercedes.com.ar\/principal\/?attachment_id=103523\" class=\"wp-image-103523\"\/><\/figure><\/li><li class=\"blocks-gallery-item\"><figure><img loading=\"lazy\" decoding=\"async\" width=\"720\" height=\"540\" data-attachment-id=\"103524\" data-permalink=\"https:\/\/www.hoymercedes.com.ar\/principal\/2019\/12\/06\/equipo-de-torball-mercedino-participo-de-actividad-inclusiva-en-unidad-penitenciaria-n30\/t1\/#main\" data-orig-file=\"https:\/\/www.hoymercedes.com.ar\/principal\/wp-content\/uploads\/2019\/12\/t1.jpeg\" data-orig-size=\"720,540\" data-comments-opened=\"0\" data-image-meta=\"{&quot;aperture&quot;:&quot;0&quot;,&quot;credit&quot;:&quot;&quot;,&quot;camera&quot;:&quot;&quot;,&quot;caption&quot;:&quot;&quot;,&quot;created_timestamp&quot;:&quot;0&quot;,&quot;copyright&quot;:&quot;&quot;,&quot;focal_length&quot;:&quot;0&quot;,&quot;iso&quot;:&quot;0&quot;,&quot;shutter_speed&quot;:&quot;0&quot;,&quot;title&quot;:&quot;&quot;,&quot;orientation&quot;:&quot;0&quot;}\" data-image-title=\"t1\" data-image-description=\"\" data-image-caption=\"\" data-large-file=\"https:\/\/www.hoymercedes.com.ar\/principal\/wp-content\/uploads\/2019\/12\/t1.jpeg\" src=\"https:\/\/www.hoymercedes.com.ar\/principal\/wp-content\/uploads\/2019\/12\/t1.jpeg\" alt=\"\" data-id=\"103524\" data-link=\"https:\/\/www.hoymercedes.com.ar\/principal\/?attachment_id=103524\" class=\"wp-image-103524\"\/><\/figure><\/li><\/ul><\/figure>\n","protected":false},"excerpt":{"rendered":"<p>El equipo municipal de Torball particip\u00f3 de una nueva actividad inclusiva. En esta ocasi\u00f3n y por segunda vez en el &#8230; <a title=\"Equipo de torball mercedino particip\u00f3 de actividad inclusiva en Unidad Penitenciaria N\u00b030\" class=\"read-more\" href=\"https:\/\/www.hoymercedes.com.ar\/principal\/2019\/12\/06\/equipo-de-torball-mercedino-participo-de-actividad-inclusiva-en-unidad-penitenciaria-n30\/\" aria-label=\"Leer m\u00e1s sobre Equipo de torball mercedino particip\u00f3 de actividad inclusiva en Unidad Penitenciaria N\u00b030\">Leer m\u00e1s<\/a><\/p>\n","protected":false},"author":1,"featured_media":103521,"comment_status":"closed","ping_status":"open","sticky":false,"template":"","format":"standard","meta":{"_monsterinsights_skip_tracking":false,"_monsterinsights_sitenote_active":false,"_monsterinsights_sitenote_note":"","_monsterinsights_sitenote_category":0,"jetpack_post_was_ever_published":false,"_jetpack_newsletter_access":"","_jetpack_dont_email_post_to_subs":false,"_jetpack_newsletter_tier_id":0,"_jetpack_memberships_contains_paywalled_content":false,"_jetpack_memberships_contains_paid_content":false,"footnotes":"","jetpack_publicize_message":"","jetpack_publicize_feature_enabled":true,"jetpack_social_post_already_shared":true,"jetpack_social_options":{"image_generator_settings":{"template":"highway","default_image_id":0,"font":"","enabled":false},"version":2},"_wpas_customize_per_network":false},"categories":[21],"tags":[],"class_list":["post-103516","post","type-post","status-publish","format-standard","has-post-thumbnail","hentry","category-deportes","generate-columns","tablet-grid-50","mobile-grid-100","grid-parent","grid-50"],"jetpack_publicize_connections":[],"jetpack_featured_media_url":"https:\/\/www.hoymercedes.com.ar\/principal\/wp-content\/uploads\/2019\/12\/t3.jpeg","wps_subtitle":"Torball","jetpack_sharing_enabled":true,"_links":{"self":[{"href":"https:\/\/www.hoymercedes.com.ar\/principal\/wp-json\/wp\/v2\/posts\/103516","targetHints":{"allow":["GET"]}}],"collection":[{"href":"https:\/\/www.hoymercedes.com.ar\/principal\/wp-json\/wp\/v2\/posts"}],"about":[{"href":"https:\/\/www.hoymercedes.com.ar\/principal\/wp-json\/wp\/v2\/types\/post"}],"author":[{"embeddable":true,"href":"https:\/\/www.hoymercedes.com.ar\/principal\/wp-json\/wp\/v2\/users\/1"}],"replies":[{"embeddable":true,"href":"https:\/\/www.hoymercedes.com.ar\/principal\/wp-json\/wp\/v2\/comments?post=103516"}],"version-history":[{"count":0,"href":"https:\/\/www.hoymercedes.com.ar\/principal\/wp-json\/wp\/v2\/posts\/103516\/revisions"}],"wp:featuredmedia":[{"embeddable":true,"href":"https:\/\/www.hoymercedes.com.ar\/principal\/wp-json\/wp\/v2\/media\/103521"}],"wp:attachment":[{"href":"https:\/\/www.hoymercedes.com.ar\/principal\/wp-json\/wp\/v2\/media?parent=103516"}],"wp:term":[{"taxonomy":"category","embeddable":true,"href":"https:\/\/www.hoymercedes.com.ar\/principal\/wp-json\/wp\/v2\/categories?post=103516"},{"taxonomy":"post_tag","embeddable":true,"href":"https:\/\/www.hoymercedes.com.ar\/principal\/wp-json\/wp\/v2\/tags?post=103516"}],"curies":[{"name":"wp","href":"https:\/\/api.w.org\/{rel}","templated":true}]}}