{"id":103517,"date":"2019-12-05T21:04:43","date_gmt":"2019-12-06T00:04:43","guid":{"rendered":"http:\/\/www.hoymercedes.com.ar\/principal\/?p=103517"},"modified":"2019-12-05T21:04:48","modified_gmt":"2019-12-06T00:04:48","slug":"juan-roman-riquelme-junto-a-historicos-jugadores-de-boca-visitaron-mercedes","status":"publish","type":"post","link":"https:\/\/www.hoymercedes.com.ar\/principal\/2019\/12\/05\/juan-roman-riquelme-junto-a-historicos-jugadores-de-boca-visitaron-mercedes\/","title":{"rendered":"Juan Rom\u00e1n Riquelme junto a hist\u00f3ricos jugadores de Boca visitaron Mercedes"},"content":{"rendered":"\n<figure class=\"wp-block-embed-youtube wp-block-embed is-type-video is-provider-youtube wp-embed-aspect-16-9 wp-has-aspect-ratio\"><div class=\"wp-block-embed__wrapper\">\n<span class=\"embed-youtube\" style=\"text-align:center; display: block;\"><iframe loading=\"lazy\" class=\"youtube-player\" width=\"1200\" height=\"675\" src=\"https:\/\/www.youtube.com\/embed\/w12Pi0Qieus?version=3&#038;rel=1&#038;showsearch=0&#038;showinfo=1&#038;iv_load_policy=1&#038;fs=1&#038;hl=es-ES&#038;autohide=2&#038;wmode=transparent\" allowfullscreen=\"true\" style=\"border:0;\" sandbox=\"allow-scripts allow-same-origin allow-popups allow-presentation allow-popups-to-escape-sandbox\"><\/iframe><\/span>\n<\/div><\/figure>\n\n\n\n<p>El \u00eddolo y candidato a vicepresidente\nde Boca, Juan Rom\u00e1n Riquelme, visit\u00f3 nuestra ciudad y tuvo un encuentro con\nmiras a las elecciones del pr\u00f3ximo domingo con gran cantidad de hinchas. Fue en\nel Club Estudiantes. Tambi\u00e9n participaron Sebasti\u00e1n Battaglia, Marcelo \u201cChelo\u201d\nDelgado y Ra\u00fal Cascini, todos jugadores de la \u201cera dorada\u201d de Boca.<\/p>\n\n\n\n<p>El pr\u00f3ximo domingo podr\u00eda darse\ncomo ganadora la lista de Ameal, Pergolini y Riquelme y dar una nueva composici\u00f3n\nen el manejo del club que, seg\u00fan encuestas, ser\u00edan los favoritos por la mayor\u00eda\nde los hinchas. <\/p>\n\n\n\n<p>El hincha invit\u00f3 a votarlos y \u201cgenerar\nalegr\u00edas\u201d para \u201ctodos los hinchas de Boca\u201d, rememorando historias donde tomaron\nla palabra cada uno de las glorias boquenses participantes. <\/p>\n","protected":false},"excerpt":{"rendered":"<p>El \u00eddolo y candidato a vicepresidente de Boca, Juan Rom\u00e1n Riquelme, visit\u00f3 nuestra ciudad y tuvo un encuentro con miras &#8230; <a title=\"Juan Rom\u00e1n Riquelme junto a hist\u00f3ricos jugadores de Boca visitaron Mercedes\" class=\"read-more\" href=\"https:\/\/www.hoymercedes.com.ar\/principal\/2019\/12\/05\/juan-roman-riquelme-junto-a-historicos-jugadores-de-boca-visitaron-mercedes\/\" aria-label=\"Leer m\u00e1s sobre Juan Rom\u00e1n Riquelme junto a hist\u00f3ricos jugadores de Boca visitaron Mercedes\">Leer m\u00e1s<\/a><\/p>\n","protected":false},"author":1,"featured_media":103518,"comment_status":"closed","ping_status":"open","sticky":false,"template":"","format":"standard","meta":{"_monsterinsights_skip_tracking":false,"_monsterinsights_sitenote_active":false,"_monsterinsights_sitenote_note":"","_monsterinsights_sitenote_category":0,"jetpack_post_was_ever_published":false,"_jetpack_newsletter_access":"","_jetpack_dont_email_post_to_subs":false,"_jetpack_newsletter_tier_id":0,"_jetpack_memberships_contains_paywalled_content":false,"_jetpack_memberships_contains_paid_content":false,"footnotes":"","jetpack_publicize_message":"","jetpack_publicize_feature_enabled":true,"jetpack_social_post_already_shared":true,"jetpack_social_options":{"image_generator_settings":{"template":"highway","default_image_id":0,"font":"","enabled":false},"version":2},"_wpas_customize_per_network":false},"categories":[21],"tags":[16009,16010],"class_list":["post-103517","post","type-post","status-publish","format-standard","has-post-thumbnail","hentry","category-deportes","tag-juan-roman-riquelme","tag-pergolni","generate-columns","tablet-grid-50","mobile-grid-100","grid-parent","grid-50"],"jetpack_publicize_connections":[],"jetpack_featured_media_url":"https:\/\/www.hoymercedes.com.ar\/principal\/wp-content\/uploads\/2019\/12\/riquelme-boca.jpeg","wps_subtitle":"Elecciones en Boca Juniors ","jetpack_sharing_enabled":true,"_links":{"self":[{"href":"https:\/\/www.hoymercedes.com.ar\/principal\/wp-json\/wp\/v2\/posts\/103517","targetHints":{"allow":["GET"]}}],"collection":[{"href":"https:\/\/www.hoymercedes.com.ar\/principal\/wp-json\/wp\/v2\/posts"}],"about":[{"href":"https:\/\/www.hoymercedes.com.ar\/principal\/wp-json\/wp\/v2\/types\/post"}],"author":[{"embeddable":true,"href":"https:\/\/www.hoymercedes.com.ar\/principal\/wp-json\/wp\/v2\/users\/1"}],"replies":[{"embeddable":true,"href":"https:\/\/www.hoymercedes.com.ar\/principal\/wp-json\/wp\/v2\/comments?post=103517"}],"version-history":[{"count":0,"href":"https:\/\/www.hoymercedes.com.ar\/principal\/wp-json\/wp\/v2\/posts\/103517\/revisions"}],"wp:featuredmedia":[{"embeddable":true,"href":"https:\/\/www.hoymercedes.com.ar\/principal\/wp-json\/wp\/v2\/media\/103518"}],"wp:attachment":[{"href":"https:\/\/www.hoymercedes.com.ar\/principal\/wp-json\/wp\/v2\/media?parent=103517"}],"wp:term":[{"taxonomy":"category","embeddable":true,"href":"https:\/\/www.hoymercedes.com.ar\/principal\/wp-json\/wp\/v2\/categories?post=103517"},{"taxonomy":"post_tag","embeddable":true,"href":"https:\/\/www.hoymercedes.com.ar\/principal\/wp-json\/wp\/v2\/tags?post=103517"}],"curies":[{"name":"wp","href":"https:\/\/api.w.org\/{rel}","templated":true}]}}