{"id":103543,"date":"2019-12-06T16:15:48","date_gmt":"2019-12-06T19:15:48","guid":{"rendered":"http:\/\/www.hoymercedes.com.ar\/principal\/?p=103543"},"modified":"2019-12-06T16:15:51","modified_gmt":"2019-12-06T19:15:51","slug":"fuerte-represion-en-en-lujan-por-pedido-de-justicia-por-joven-violada-videos","status":"publish","type":"post","link":"https:\/\/www.hoymercedes.com.ar\/principal\/2019\/12\/06\/fuerte-represion-en-en-lujan-por-pedido-de-justicia-por-joven-violada-videos\/","title":{"rendered":"Fuerte represi\u00f3n en en Luj\u00e1n por pedido de justicia por joven violada (videos)"},"content":{"rendered":"\n<figure class=\"wp-block-embed-youtube wp-block-embed is-type-video is-provider-youtube wp-embed-aspect-16-9 wp-has-aspect-ratio\"><div class=\"wp-block-embed__wrapper\">\n<span class=\"embed-youtube\" style=\"text-align:center; display: block;\"><iframe loading=\"lazy\" class=\"youtube-player\" width=\"1200\" height=\"675\" src=\"https:\/\/www.youtube.com\/embed\/KYuXTeDBS78?version=3&#038;rel=1&#038;showsearch=0&#038;showinfo=1&#038;iv_load_policy=1&#038;fs=1&#038;hl=es-ES&#038;autohide=2&#038;wmode=transparent\" allowfullscreen=\"true\" style=\"border:0;\" sandbox=\"allow-scripts allow-same-origin allow-popups allow-presentation allow-popups-to-escape-sandbox\"><\/iframe><\/span>\n<\/div><\/figure>\n\n\n\n<p>D\u00edas atr\u00e1s se conoci\u00f3 la noticia de que una joven habr\u00eda sido violada por un grupo de masculinos. Ella apareci\u00f3 drogada y deambulando, sin ropa interior y con un buzo ajeno. Fue encontrada por la Polic\u00eda e internada en el hospital de Luj\u00e1n, donde constataron heridas factibles de un abuso. Ahora los familiares y un grupo de vecinos se manifestaron ante la Fiscal\u00eda N\u00b010 y fueron fuertemente reprimidos por la Polic\u00eda de Luj\u00e1n. <\/p>\n\n\n\n<figure class=\"wp-block-embed-youtube wp-block-embed is-type-video is-provider-youtube wp-embed-aspect-16-9 wp-has-aspect-ratio\"><div class=\"wp-block-embed__wrapper\">\n<span class=\"embed-youtube\" style=\"text-align:center; display: block;\"><iframe loading=\"lazy\" class=\"youtube-player\" width=\"1200\" height=\"675\" src=\"https:\/\/www.youtube.com\/embed\/R3ay8WinFYE?version=3&#038;rel=1&#038;showsearch=0&#038;showinfo=1&#038;iv_load_policy=1&#038;fs=1&#038;hl=es-ES&#038;autohide=2&#038;wmode=transparent\" allowfullscreen=\"true\" style=\"border:0;\" sandbox=\"allow-scripts allow-same-origin allow-popups allow-presentation allow-popups-to-escape-sandbox\"><\/iframe><\/span>\n<\/div><\/figure>\n\n\n\n<p>\u201cDos ambulancias de Bomberos\nVoluntarios debieron trasladar al Hospital a las afectadas por el gas pimienta.\nEntre ellas, estaba la ex candidata a intendenta Daniela Cooper\u201d inform\u00f3 El\nCivismo de Luj\u00e1n.<\/p>\n\n\n\n<p>Fueron vecinos y concejales de la\nciudad los que asistieron a las v\u00edctimas de las balas de goma y los gases\nlacrim\u00f3genos. <\/p>\n\n\n\n<p>Los familiares, amigos y vecinos\nreclamaban una l\u00ednea de investigaci\u00f3n firme y \u201cno victimice a la v\u00edctima\u201d\nafirman.<\/p>\n\n\n\n<p>Hubo 6 mujeres heridas que\ndebieron ser hospitalizadas. <\/p>\n","protected":false},"excerpt":{"rendered":"<p>D\u00edas atr\u00e1s se conoci\u00f3 la noticia de que una joven habr\u00eda sido violada por un grupo de masculinos. Ella apareci\u00f3 &#8230; <a title=\"Fuerte represi\u00f3n en en Luj\u00e1n por pedido de justicia por joven violada (videos)\" class=\"read-more\" href=\"https:\/\/www.hoymercedes.com.ar\/principal\/2019\/12\/06\/fuerte-represion-en-en-lujan-por-pedido-de-justicia-por-joven-violada-videos\/\" aria-label=\"Leer m\u00e1s sobre Fuerte represi\u00f3n en en Luj\u00e1n por pedido de justicia por joven violada (videos)\">Leer m\u00e1s<\/a><\/p>\n","protected":false},"author":1,"featured_media":103544,"comment_status":"closed","ping_status":"open","sticky":false,"template":"","format":"standard","meta":{"_monsterinsights_skip_tracking":false,"_monsterinsights_sitenote_active":false,"_monsterinsights_sitenote_note":"","_monsterinsights_sitenote_category":0,"jetpack_post_was_ever_published":false,"_jetpack_newsletter_access":"","_jetpack_dont_email_post_to_subs":false,"_jetpack_newsletter_tier_id":0,"_jetpack_memberships_contains_paywalled_content":false,"_jetpack_memberships_contains_paid_content":false,"footnotes":"","jetpack_publicize_message":"","jetpack_publicize_feature_enabled":true,"jetpack_social_post_already_shared":true,"jetpack_social_options":{"image_generator_settings":{"template":"highway","default_image_id":0,"font":"","enabled":false},"version":2},"_wpas_customize_per_network":false},"categories":[85],"tags":[86,16011],"class_list":["post-103543","post","type-post","status-publish","format-standard","has-post-thumbnail","hentry","category-policial","tag-lujan","tag-represion","generate-columns","tablet-grid-50","mobile-grid-100","grid-parent","grid-50"],"jetpack_publicize_connections":[],"jetpack_featured_media_url":"https:\/\/www.hoymercedes.com.ar\/principal\/wp-content\/uploads\/2019\/12\/represion-lujan.jpg","wps_subtitle":"Reclamo social ","jetpack_sharing_enabled":true,"_links":{"self":[{"href":"https:\/\/www.hoymercedes.com.ar\/principal\/wp-json\/wp\/v2\/posts\/103543","targetHints":{"allow":["GET"]}}],"collection":[{"href":"https:\/\/www.hoymercedes.com.ar\/principal\/wp-json\/wp\/v2\/posts"}],"about":[{"href":"https:\/\/www.hoymercedes.com.ar\/principal\/wp-json\/wp\/v2\/types\/post"}],"author":[{"embeddable":true,"href":"https:\/\/www.hoymercedes.com.ar\/principal\/wp-json\/wp\/v2\/users\/1"}],"replies":[{"embeddable":true,"href":"https:\/\/www.hoymercedes.com.ar\/principal\/wp-json\/wp\/v2\/comments?post=103543"}],"version-history":[{"count":0,"href":"https:\/\/www.hoymercedes.com.ar\/principal\/wp-json\/wp\/v2\/posts\/103543\/revisions"}],"wp:featuredmedia":[{"embeddable":true,"href":"https:\/\/www.hoymercedes.com.ar\/principal\/wp-json\/wp\/v2\/media\/103544"}],"wp:attachment":[{"href":"https:\/\/www.hoymercedes.com.ar\/principal\/wp-json\/wp\/v2\/media?parent=103543"}],"wp:term":[{"taxonomy":"category","embeddable":true,"href":"https:\/\/www.hoymercedes.com.ar\/principal\/wp-json\/wp\/v2\/categories?post=103543"},{"taxonomy":"post_tag","embeddable":true,"href":"https:\/\/www.hoymercedes.com.ar\/principal\/wp-json\/wp\/v2\/tags?post=103543"}],"curies":[{"name":"wp","href":"https:\/\/api.w.org\/{rel}","templated":true}]}}