{"id":103557,"date":"2019-12-06T20:32:39","date_gmt":"2019-12-06T23:32:39","guid":{"rendered":"http:\/\/www.hoymercedes.com.ar\/principal\/?p=103557"},"modified":"2019-12-06T20:32:42","modified_gmt":"2019-12-06T23:32:42","slug":"se-vive-la-43-fiesta-nacional-del-durazno","status":"publish","type":"post","link":"https:\/\/www.hoymercedes.com.ar\/principal\/2019\/12\/06\/se-vive-la-43-fiesta-nacional-del-durazno\/","title":{"rendered":"Se vive la 43\u00b0 Fiesta Nacional del Durazno"},"content":{"rendered":"\n<figure class=\"wp-block-image size-large\"><img loading=\"lazy\" decoding=\"async\" width=\"4032\" height=\"1960\" data-attachment-id=\"103558\" data-permalink=\"https:\/\/www.hoymercedes.com.ar\/principal\/2019\/12\/06\/se-vive-la-43-fiesta-nacional-del-durazno\/20191206_201603\/#main\" data-orig-file=\"https:\/\/www.hoymercedes.com.ar\/principal\/wp-content\/uploads\/2019\/12\/20191206_201603.jpg\" data-orig-size=\"4032,1960\" data-comments-opened=\"0\" data-image-meta=\"{&quot;aperture&quot;:&quot;0&quot;,&quot;credit&quot;:&quot;&quot;,&quot;camera&quot;:&quot;&quot;,&quot;caption&quot;:&quot;&quot;,&quot;created_timestamp&quot;:&quot;0&quot;,&quot;copyright&quot;:&quot;&quot;,&quot;focal_length&quot;:&quot;0&quot;,&quot;iso&quot;:&quot;0&quot;,&quot;shutter_speed&quot;:&quot;0&quot;,&quot;title&quot;:&quot;&quot;,&quot;orientation&quot;:&quot;0&quot;}\" data-image-title=\"20191206_201603\" data-image-description=\"\" data-image-caption=\"\" data-large-file=\"https:\/\/www.hoymercedes.com.ar\/principal\/wp-content\/uploads\/2019\/12\/20191206_201603.jpg\" src=\"https:\/\/www.hoymercedes.com.ar\/principal\/wp-content\/uploads\/2019\/12\/20191206_201603.jpg\" alt=\"\" class=\"wp-image-103558\"\/><\/figure>\n\n\n\n<p>Con el tradicional acto protocolar se inici\u00f3 la 43\u00b0Fiesta Nacional del Durazno. Es en La Trocha con entrada libre y gratuito. Hubo homenajes y reconocimientos. Ustarroz agradeci\u00f3 y felicit\u00f3 a los productores, grandes almas de la fiesta junto a artistas y trabajadores que hacen grande esta fiesta. <\/p>\n\n\n\n<p>En la tarde hubo reconocimientos para Taty Almeida, Irene Colombo y Carlos Selva quien es el nuevo embajador cultural quien efectu\u00f3 un recorrido hist\u00f3rico de la fiesta, la producci\u00f3n y la importancia de potenciar la econom\u00eda regional. \u00abCuidemos la fiesta. Es una de las dos nacionales que tenemos. Es de todos\u00bb afirm\u00f3 entre otros conceptos. <\/p>\n\n\n\n<figure class=\"wp-block-image size-large\"><img loading=\"lazy\" decoding=\"async\" width=\"4032\" height=\"1960\" data-attachment-id=\"103559\" data-permalink=\"https:\/\/www.hoymercedes.com.ar\/principal\/2019\/12\/06\/se-vive-la-43-fiesta-nacional-del-durazno\/20191206_201009\/#main\" data-orig-file=\"https:\/\/www.hoymercedes.com.ar\/principal\/wp-content\/uploads\/2019\/12\/20191206_201009.jpg\" data-orig-size=\"4032,1960\" data-comments-opened=\"0\" data-image-meta=\"{&quot;aperture&quot;:&quot;0&quot;,&quot;credit&quot;:&quot;&quot;,&quot;camera&quot;:&quot;&quot;,&quot;caption&quot;:&quot;&quot;,&quot;created_timestamp&quot;:&quot;0&quot;,&quot;copyright&quot;:&quot;&quot;,&quot;focal_length&quot;:&quot;0&quot;,&quot;iso&quot;:&quot;0&quot;,&quot;shutter_speed&quot;:&quot;0&quot;,&quot;title&quot;:&quot;&quot;,&quot;orientation&quot;:&quot;0&quot;}\" data-image-title=\"20191206_201009\" data-image-description=\"\" data-image-caption=\"\" data-large-file=\"https:\/\/www.hoymercedes.com.ar\/principal\/wp-content\/uploads\/2019\/12\/20191206_201009.jpg\" src=\"https:\/\/www.hoymercedes.com.ar\/principal\/wp-content\/uploads\/2019\/12\/20191206_201009.jpg\" alt=\"\" class=\"wp-image-103559\"\/><\/figure>\n\n\n\n<p>Por su parte Ivana Cestari cant\u00f3 la \u00abAlabanza del Duraznal\u00bb<\/p>\n\n\n\n<p>Susana Castag\u00f1eto por su parte celebr\u00f3 \u00abuna nueva y gran fiesta para todos los mercedinos\u00bb revalorizando \u00ablos productores y todo su esfuerzo\u00bb entre otros conceptos. <\/p>\n\n\n\n<p>En la noche del viernes ser\u00e1 el cierre de Jhoana Rodr\u00edguez con grandes bandas locales y todo el ritmo tropical.<\/p>\n\n\n\n<figure class=\"wp-block-image size-large\"><img loading=\"lazy\" decoding=\"async\" width=\"4032\" height=\"1960\" data-attachment-id=\"103560\" data-permalink=\"https:\/\/www.hoymercedes.com.ar\/principal\/2019\/12\/06\/se-vive-la-43-fiesta-nacional-del-durazno\/20191206_200105\/#main\" data-orig-file=\"https:\/\/www.hoymercedes.com.ar\/principal\/wp-content\/uploads\/2019\/12\/20191206_200105.jpg\" data-orig-size=\"4032,1960\" data-comments-opened=\"0\" data-image-meta=\"{&quot;aperture&quot;:&quot;0&quot;,&quot;credit&quot;:&quot;&quot;,&quot;camera&quot;:&quot;&quot;,&quot;caption&quot;:&quot;&quot;,&quot;created_timestamp&quot;:&quot;0&quot;,&quot;copyright&quot;:&quot;&quot;,&quot;focal_length&quot;:&quot;0&quot;,&quot;iso&quot;:&quot;0&quot;,&quot;shutter_speed&quot;:&quot;0&quot;,&quot;title&quot;:&quot;&quot;,&quot;orientation&quot;:&quot;0&quot;}\" data-image-title=\"20191206_200105\" data-image-description=\"\" data-image-caption=\"\" data-large-file=\"https:\/\/www.hoymercedes.com.ar\/principal\/wp-content\/uploads\/2019\/12\/20191206_200105.jpg\" src=\"https:\/\/www.hoymercedes.com.ar\/principal\/wp-content\/uploads\/2019\/12\/20191206_200105.jpg\" alt=\"\" class=\"wp-image-103560\"\/><\/figure>\n\n\n\n<p>\u00abEs un gran marco. Se expresa el trabajo y lo mejor de nuestra ciudad donde hay m\u00e1s productores\u00bb afirm\u00f3 Ustarro y remarc\u00f3 que \u00aben cada fiesta es toda la comunidad la que trabaja en un contexto dif\u00edcil para el trabajo en general, por eso debemos agradecer una vez m\u00e1s a Susana y todo ese equipo maravilloso que hacen\u00bb y destac\u00f3 \u00abcada uno de nuestros artistas, son muy talentosos y debemos darle todo el apoyo y los grandes escenarios. Ellos est\u00e1n todo el a\u00f1o\u00bb sin olvidar a \u00ablos trabajadores y trabajadoras municipales que d\u00eda a d\u00eda dan lo mejor\u00bb.<\/p>\n\n\n\n<p>\u00abDeseamos sean tres d\u00edas espl\u00e9ndidos para todas m\u00e1s familias. Estamos muy contentos y a disfrutar\u00bb coment\u00f3.<\/p>\n\n\n\n<figure class=\"wp-block-image size-large\"><img decoding=\"async\" src=\"blob:http:\/\/www.hoymercedes.com.ar\/63bedf78-80f0-418b-b3bd-98b4ec732076\" alt=\"\"\/><\/figure>\n","protected":false},"excerpt":{"rendered":"<p>Con el tradicional acto protocolar se inici\u00f3 la 43\u00b0Fiesta Nacional del Durazno. Es en La Trocha con entrada libre y &#8230; <a title=\"Se vive la 43\u00b0 Fiesta Nacional del Durazno\" class=\"read-more\" href=\"https:\/\/www.hoymercedes.com.ar\/principal\/2019\/12\/06\/se-vive-la-43-fiesta-nacional-del-durazno\/\" aria-label=\"Leer m\u00e1s sobre Se vive la 43\u00b0 Fiesta Nacional del Durazno\">Leer m\u00e1s<\/a><\/p>\n","protected":false},"author":1,"featured_media":103558,"comment_status":"closed","ping_status":"open","sticky":false,"template":"","format":"standard","meta":{"_monsterinsights_skip_tracking":false,"_monsterinsights_sitenote_active":false,"_monsterinsights_sitenote_note":"","_monsterinsights_sitenote_category":0,"jetpack_post_was_ever_published":false,"_jetpack_newsletter_access":"","_jetpack_dont_email_post_to_subs":false,"_jetpack_newsletter_tier_id":0,"_jetpack_memberships_contains_paywalled_content":false,"_jetpack_memberships_contains_paid_content":false,"footnotes":"","jetpack_publicize_message":"","jetpack_publicize_feature_enabled":true,"jetpack_social_post_already_shared":true,"jetpack_social_options":{"image_generator_settings":{"template":"highway","default_image_id":0,"font":"","enabled":false},"version":2},"_wpas_customize_per_network":false},"categories":[104],"tags":[208],"class_list":["post-103557","post","type-post","status-publish","format-standard","has-post-thumbnail","hentry","category-cultura","tag-fiesta-del-durazno","generate-columns","tablet-grid-50","mobile-grid-100","grid-parent","grid-50"],"jetpack_publicize_connections":[],"jetpack_featured_media_url":"https:\/\/www.hoymercedes.com.ar\/principal\/wp-content\/uploads\/2019\/12\/20191206_201603.jpg","wps_subtitle":"Fiestas populares ","jetpack_sharing_enabled":true,"_links":{"self":[{"href":"https:\/\/www.hoymercedes.com.ar\/principal\/wp-json\/wp\/v2\/posts\/103557","targetHints":{"allow":["GET"]}}],"collection":[{"href":"https:\/\/www.hoymercedes.com.ar\/principal\/wp-json\/wp\/v2\/posts"}],"about":[{"href":"https:\/\/www.hoymercedes.com.ar\/principal\/wp-json\/wp\/v2\/types\/post"}],"author":[{"embeddable":true,"href":"https:\/\/www.hoymercedes.com.ar\/principal\/wp-json\/wp\/v2\/users\/1"}],"replies":[{"embeddable":true,"href":"https:\/\/www.hoymercedes.com.ar\/principal\/wp-json\/wp\/v2\/comments?post=103557"}],"version-history":[{"count":0,"href":"https:\/\/www.hoymercedes.com.ar\/principal\/wp-json\/wp\/v2\/posts\/103557\/revisions"}],"wp:featuredmedia":[{"embeddable":true,"href":"https:\/\/www.hoymercedes.com.ar\/principal\/wp-json\/wp\/v2\/media\/103558"}],"wp:attachment":[{"href":"https:\/\/www.hoymercedes.com.ar\/principal\/wp-json\/wp\/v2\/media?parent=103557"}],"wp:term":[{"taxonomy":"category","embeddable":true,"href":"https:\/\/www.hoymercedes.com.ar\/principal\/wp-json\/wp\/v2\/categories?post=103557"},{"taxonomy":"post_tag","embeddable":true,"href":"https:\/\/www.hoymercedes.com.ar\/principal\/wp-json\/wp\/v2\/tags?post=103557"}],"curies":[{"name":"wp","href":"https:\/\/api.w.org\/{rel}","templated":true}]}}