{"id":103600,"date":"2019-12-08T05:16:37","date_gmt":"2019-12-08T08:16:37","guid":{"rendered":"http:\/\/www.hoymercedes.com.ar\/principal\/?p=103600"},"modified":"2019-12-08T05:18:18","modified_gmt":"2019-12-08T08:18:18","slug":"siniestro-vial-en-ruta-acceso-a-tomas-jofre","status":"publish","type":"post","link":"https:\/\/www.hoymercedes.com.ar\/principal\/2019\/12\/08\/siniestro-vial-en-ruta-acceso-a-tomas-jofre\/","title":{"rendered":"Siniestro vial en ruta acceso a Tom\u00e1s Jofre"},"content":{"rendered":"\n<figure class=\"wp-block-image size-large\"><img loading=\"lazy\" decoding=\"async\" width=\"1000\" height=\"665\" data-attachment-id=\"103602\" data-permalink=\"https:\/\/www.hoymercedes.com.ar\/principal\/2019\/12\/08\/siniestro-vial-en-ruta-acceso-a-tomas-jofre\/siniestrovial-jofredsc_0100\/#main\" data-orig-file=\"https:\/\/www.hoymercedes.com.ar\/principal\/wp-content\/uploads\/2019\/12\/siniestrovial-jofreDSC_0100.jpg\" data-orig-size=\"1000,665\" data-comments-opened=\"0\" data-image-meta=\"{&quot;aperture&quot;:&quot;0&quot;,&quot;credit&quot;:&quot;&quot;,&quot;camera&quot;:&quot;&quot;,&quot;caption&quot;:&quot;&quot;,&quot;created_timestamp&quot;:&quot;0&quot;,&quot;copyright&quot;:&quot;&quot;,&quot;focal_length&quot;:&quot;0&quot;,&quot;iso&quot;:&quot;0&quot;,&quot;shutter_speed&quot;:&quot;0&quot;,&quot;title&quot;:&quot;&quot;,&quot;orientation&quot;:&quot;0&quot;}\" data-image-title=\"siniestrovial-jofreDSC_0100\" data-image-description=\"\" data-image-caption=\"\" data-large-file=\"https:\/\/www.hoymercedes.com.ar\/principal\/wp-content\/uploads\/2019\/12\/siniestrovial-jofreDSC_0100.jpg\" src=\"https:\/\/www.hoymercedes.com.ar\/principal\/wp-content\/uploads\/2019\/12\/siniestrovial-jofreDSC_0100.jpg\" alt=\"\" class=\"wp-image-103602\"\/><figcaption>Siniestro vial camino a Tom\u00e1s Jofr\u00e9<\/figcaption><\/figure>\n\n\n\n<p>Durante la tarde-noche de este s\u00e1bado se produjo un siniestro vial en la ruta n\u00b042 direcci\u00f3n a Tomas Jofr\u00e9. <\/p>\n\n\n\n<p>Seg\u00fan se supo extra oficialmente un hombre domiciliado en el mencionado pueblo, por motivos que se desconocen, perdi\u00f3 el control de la camioneta en que se movilizaba y termin\u00f3 saliendo del camino impactando con un \u00e1rbol. <\/p>\n\n\n\n<p>El siniestro sucedi\u00f3 en un sector muy arbolado, siendo una recta, por lo cual se esperan informes oficiales para obtener mayores precisiones. <\/p>\n\n\n\n<figure class=\"wp-block-image size-large\"><img loading=\"lazy\" decoding=\"async\" width=\"1000\" height=\"665\" data-attachment-id=\"103603\" data-permalink=\"https:\/\/www.hoymercedes.com.ar\/principal\/2019\/12\/08\/siniestro-vial-en-ruta-acceso-a-tomas-jofre\/siniestrovial-jofredsc_0104\/#main\" data-orig-file=\"https:\/\/www.hoymercedes.com.ar\/principal\/wp-content\/uploads\/2019\/12\/siniestrovial-jofreDSC_0104.jpg\" data-orig-size=\"1000,665\" data-comments-opened=\"0\" data-image-meta=\"{&quot;aperture&quot;:&quot;0&quot;,&quot;credit&quot;:&quot;&quot;,&quot;camera&quot;:&quot;&quot;,&quot;caption&quot;:&quot;&quot;,&quot;created_timestamp&quot;:&quot;0&quot;,&quot;copyright&quot;:&quot;&quot;,&quot;focal_length&quot;:&quot;0&quot;,&quot;iso&quot;:&quot;0&quot;,&quot;shutter_speed&quot;:&quot;0&quot;,&quot;title&quot;:&quot;&quot;,&quot;orientation&quot;:&quot;0&quot;}\" data-image-title=\"siniestrovial-jofreDSC_0104\" data-image-description=\"\" data-image-caption=\"\" data-large-file=\"https:\/\/www.hoymercedes.com.ar\/principal\/wp-content\/uploads\/2019\/12\/siniestrovial-jofreDSC_0104.jpg\" src=\"https:\/\/www.hoymercedes.com.ar\/principal\/wp-content\/uploads\/2019\/12\/siniestrovial-jofreDSC_0104.jpg\" alt=\"\" class=\"wp-image-103603\"\/><figcaption>Fueste impacto <\/figcaption><\/figure>\n\n\n\n<p>Tras dar aviso a las fuerzas de seguridad y atenci\u00f3n sanitaria los bomberos lo reiteraron del veh\u00edculo en que hab\u00eda quedado atrapado. <\/p>\n\n\n\n<p>Fue trasladado al Hospital Blas L. Dubarry.<\/p>\n\n\n<p><!--EndFragment--><br>\n<br>\n<\/p>","protected":false},"excerpt":{"rendered":"<p>Durante la tarde-noche de este s\u00e1bado se produjo un siniestro vial en la ruta n\u00b042 direcci\u00f3n a Tomas Jofr\u00e9. Seg\u00fan &#8230; <a title=\"Siniestro vial en ruta acceso a Tom\u00e1s Jofre\" class=\"read-more\" href=\"https:\/\/www.hoymercedes.com.ar\/principal\/2019\/12\/08\/siniestro-vial-en-ruta-acceso-a-tomas-jofre\/\" aria-label=\"Leer m\u00e1s sobre Siniestro vial en ruta acceso a Tom\u00e1s Jofre\">Leer m\u00e1s<\/a><\/p>\n","protected":false},"author":1,"featured_media":103603,"comment_status":"closed","ping_status":"open","sticky":false,"template":"","format":"standard","meta":{"_monsterinsights_skip_tracking":false,"_monsterinsights_sitenote_active":false,"_monsterinsights_sitenote_note":"","_monsterinsights_sitenote_category":0,"jetpack_post_was_ever_published":false,"_jetpack_newsletter_access":"","_jetpack_dont_email_post_to_subs":false,"_jetpack_newsletter_tier_id":0,"_jetpack_memberships_contains_paywalled_content":false,"_jetpack_memberships_contains_paid_content":false,"footnotes":"","jetpack_publicize_message":"","jetpack_publicize_feature_enabled":true,"jetpack_social_post_already_shared":true,"jetpack_social_options":{"image_generator_settings":{"template":"highway","default_image_id":0,"font":"","enabled":false},"version":2},"_wpas_customize_per_network":false},"categories":[8],"tags":[10395,6751],"class_list":["post-103600","post","type-post","status-publish","format-standard","has-post-thumbnail","hentry","category-sociedad","tag-siniestro-vial","tag-tomas-jofre-ruta-42","generate-columns","tablet-grid-50","mobile-grid-100","grid-parent","grid-50"],"jetpack_publicize_connections":[],"jetpack_featured_media_url":"https:\/\/www.hoymercedes.com.ar\/principal\/wp-content\/uploads\/2019\/12\/siniestrovial-jofreDSC_0104.jpg","wps_subtitle":"Siniestro vial ","jetpack_sharing_enabled":true,"_links":{"self":[{"href":"https:\/\/www.hoymercedes.com.ar\/principal\/wp-json\/wp\/v2\/posts\/103600","targetHints":{"allow":["GET"]}}],"collection":[{"href":"https:\/\/www.hoymercedes.com.ar\/principal\/wp-json\/wp\/v2\/posts"}],"about":[{"href":"https:\/\/www.hoymercedes.com.ar\/principal\/wp-json\/wp\/v2\/types\/post"}],"author":[{"embeddable":true,"href":"https:\/\/www.hoymercedes.com.ar\/principal\/wp-json\/wp\/v2\/users\/1"}],"replies":[{"embeddable":true,"href":"https:\/\/www.hoymercedes.com.ar\/principal\/wp-json\/wp\/v2\/comments?post=103600"}],"version-history":[{"count":0,"href":"https:\/\/www.hoymercedes.com.ar\/principal\/wp-json\/wp\/v2\/posts\/103600\/revisions"}],"wp:featuredmedia":[{"embeddable":true,"href":"https:\/\/www.hoymercedes.com.ar\/principal\/wp-json\/wp\/v2\/media\/103603"}],"wp:attachment":[{"href":"https:\/\/www.hoymercedes.com.ar\/principal\/wp-json\/wp\/v2\/media?parent=103600"}],"wp:term":[{"taxonomy":"category","embeddable":true,"href":"https:\/\/www.hoymercedes.com.ar\/principal\/wp-json\/wp\/v2\/categories?post=103600"},{"taxonomy":"post_tag","embeddable":true,"href":"https:\/\/www.hoymercedes.com.ar\/principal\/wp-json\/wp\/v2\/tags?post=103600"}],"curies":[{"name":"wp","href":"https:\/\/api.w.org\/{rel}","templated":true}]}}