{"id":103656,"date":"2019-12-08T17:39:00","date_gmt":"2019-12-08T20:39:00","guid":{"rendered":"http:\/\/www.hoymercedes.com.ar\/principal\/?p=103656"},"modified":"2019-12-08T15:11:38","modified_gmt":"2019-12-08T18:11:38","slug":"lujan-parte-oficial-sobre-delito-contra-la-integridad-sexual-de-una-menor-de-edad","status":"publish","type":"post","link":"https:\/\/www.hoymercedes.com.ar\/principal\/2019\/12\/08\/lujan-parte-oficial-sobre-delito-contra-la-integridad-sexual-de-una-menor-de-edad\/","title":{"rendered":"Luj\u00e1n: Parte oficial sobre delito contra la  integridad sexual de una menor de edad"},"content":{"rendered":"\n<p>El domingo 1\u00b0 de diciembre del corriente a\u00f1o se inici\u00f3 una investigaci\u00f3n con intervenci\u00f3n de la\u00a0 UFI N\u00b0 10 Descentralizada de Luj\u00e1n a partir del hallazgo en la v\u00eda p\u00fablica de una menor de edad que presentaba manchas hem\u00e1ticas en su vestimenta. <\/p>\n\n\n\n<figure class=\"wp-block-image size-large\"><img loading=\"lazy\" decoding=\"async\" width=\"800\" height=\"499\" data-attachment-id=\"103658\" data-permalink=\"https:\/\/www.hoymercedes.com.ar\/principal\/2019\/12\/08\/lujan-parte-oficial-sobre-delito-contra-la-integridad-sexual-de-una-menor-de-edad\/08-marcha-fiscalia-graves-incidentes-8-696x434\/#main\" data-orig-file=\"https:\/\/www.hoymercedes.com.ar\/principal\/wp-content\/uploads\/2019\/12\/08-Marcha-Fiscalia-Graves-Incidentes-8-696x434.jpg\" data-orig-size=\"800,499\" data-comments-opened=\"0\" data-image-meta=\"{&quot;aperture&quot;:&quot;0&quot;,&quot;credit&quot;:&quot;&quot;,&quot;camera&quot;:&quot;&quot;,&quot;caption&quot;:&quot;&quot;,&quot;created_timestamp&quot;:&quot;0&quot;,&quot;copyright&quot;:&quot;&quot;,&quot;focal_length&quot;:&quot;0&quot;,&quot;iso&quot;:&quot;0&quot;,&quot;shutter_speed&quot;:&quot;0&quot;,&quot;title&quot;:&quot;&quot;,&quot;orientation&quot;:&quot;0&quot;}\" data-image-title=\"08 Marcha-Fiscalia-Graves-Incidentes-8-696&amp;#215;434\" data-image-description=\"\" data-image-caption=\"&lt;p&gt;Fotograf\u00eda: Luj\u00e1n Hoy&lt;\/p&gt;\n\" data-large-file=\"https:\/\/www.hoymercedes.com.ar\/principal\/wp-content\/uploads\/2019\/12\/08-Marcha-Fiscalia-Graves-Incidentes-8-696x434.jpg\" src=\"https:\/\/www.hoymercedes.com.ar\/principal\/wp-content\/uploads\/2019\/12\/08-Marcha-Fiscalia-Graves-Incidentes-8-696x434.jpg\" alt=\"\" class=\"wp-image-103658\"\/><figcaption>Fotograf\u00eda: Luj\u00e1n Hoy<\/figcaption><\/figure>\n\n\n\n<p>De acuerdo a lo que surge de la\ninvestigaci\u00f3n, alertados por un llamado al 911 personal policial se hizo\npresente en la zona c\u00e9ntrica de la ciudad de Luj\u00e1n donde se hab\u00eda visto a la\njoven y se convoc\u00f3 a la ambulancia de Bomberos Voluntarios de la ciudad para su\ntraslado a un centro de salud. En el mismo nosocomio, y tras la revisaci\u00f3n\nmedica por parte de un galeno, se pudo establecer que la menor presentaba\nlesiones compatibles con las producidas como consecuencia de abuso sexual.<\/p>\n\n\n\n<p>Tras ello, desde la fiscal\u00eda se\ncomenzaron a relevar distintos elementos para el esclarecimiento de los hechos,\nentre ellas la captaci\u00f3n de im\u00e1genes por intermedio de las c\u00e1maras de seguridad\nde la comuna e identificaci\u00f3n de posibles testigos de cualquier evento que\npudiera haber sufrido la v\u00edctima.<\/p>\n\n\n\n<p>Intervino a su vez el Servicio de\nPromoci\u00f3n y Protecci\u00f3n de los Derechos del Ni\u00f1o, Ni\u00f1a y Adolescentes de la\nciudad y el Centro de Asistencia a la V\u00edctima y Acceso a la Justicia del\nMinisterio de Justicia de la provincia de Buenos Aires, brindando contenci\u00f3n y\nacompa\u00f1ando tanto a la menor como a su familia.<\/p>\n\n\n\n<p>En la jornada del d\u00eda martes,\nmientras se realizaban diversas tareas investigativas, la menor fue dada de\nalta del hospital municipal, pero tras ser evaluada por personal del Servicio\nlocal especializado en esta clase de delitos, los mismos determinaron que la\nmenor victima a\u00fan no se encontraba en condiciones para prestar declaraci\u00f3n\nsobre lo acontecido, por lo cual continu\u00f3 su recuperaci\u00f3n en su vivienda.<\/p>\n\n\n\n<p>\u00c9ste viernes, fue nuevamente\nevaluada, pero esta vez por los peritos del Cuerpo T\u00e9cnico Auxiliar del Fuero\nde Responsabilidad Penal Juvenil Departamental quienes concluyeron que la ni\u00f1a\nse encontraba en condiciones de prestar su testimonio, llev\u00e1ndose a cabo en la\nlocalidad e Mercedes, la declaraci\u00f3n en los t\u00e9rminos del art. 102 bis y ter del\nC\u00f3digo Procesal Penal. En ese norte, el Ministerio P\u00fablico el d\u00eda de la fecha\nrealizo diligencias de rigor y en los pr\u00f3ximos d\u00edas&nbsp; recibir\u00e1 declaraci\u00f3n a testigos aportados por\nla propia v\u00edctima.<\/p>\n\n\n\n<p>Asimismo, se hace saber que con\nel objeto de velar el inter\u00e9s superior de la menor, como as\u00ed tambi\u00e9n&nbsp; su no lo revictimizaci\u00f3n se le brind\u00f3 el\ntiempo necesario para que logr\u00e9 poder expresar lo acontecido.<\/p>\n\n\n\n<p>Como dato relevante, y sin brindar hacer mayores inquisiciones en el relato de la menor, desde este Ministerio se descarta de plano estar en presencia de una ataque sexual realizado por m\u00faltiples actores tal como se hubiera difundido en diferentes medios de comunicaci\u00f3n a ra\u00edz de fuentes que no han sido de este Ministerio P\u00fablico y su \u00e1rea de Comunicaci\u00f3n.<\/p>\n\n\n\n<figure class=\"wp-block-image size-large\"><img loading=\"lazy\" decoding=\"async\" width=\"800\" height=\"600\" data-attachment-id=\"103657\" data-permalink=\"https:\/\/www.hoymercedes.com.ar\/principal\/2019\/12\/08\/lujan-parte-oficial-sobre-delito-contra-la-integridad-sexual-de-una-menor-de-edad\/08-marcha-fiscalia-graves-incidentes-6-696x522\/#main\" data-orig-file=\"https:\/\/www.hoymercedes.com.ar\/principal\/wp-content\/uploads\/2019\/12\/08-Marcha-Fiscalia-Graves-Incidentes-6-696x522.jpg\" data-orig-size=\"800,600\" data-comments-opened=\"0\" data-image-meta=\"{&quot;aperture&quot;:&quot;0&quot;,&quot;credit&quot;:&quot;&quot;,&quot;camera&quot;:&quot;&quot;,&quot;caption&quot;:&quot;&quot;,&quot;created_timestamp&quot;:&quot;0&quot;,&quot;copyright&quot;:&quot;&quot;,&quot;focal_length&quot;:&quot;0&quot;,&quot;iso&quot;:&quot;0&quot;,&quot;shutter_speed&quot;:&quot;0&quot;,&quot;title&quot;:&quot;&quot;,&quot;orientation&quot;:&quot;0&quot;}\" data-image-title=\"08 Marcha-Fiscalia-Graves-Incidentes-6-696&amp;#215;522\" data-image-description=\"\" data-image-caption=\"&lt;p&gt;Fotograf\u00eda: Luj\u00e1n Hoy&lt;\/p&gt;\n\" data-large-file=\"https:\/\/www.hoymercedes.com.ar\/principal\/wp-content\/uploads\/2019\/12\/08-Marcha-Fiscalia-Graves-Incidentes-6-696x522.jpg\" src=\"https:\/\/www.hoymercedes.com.ar\/principal\/wp-content\/uploads\/2019\/12\/08-Marcha-Fiscalia-Graves-Incidentes-6-696x522.jpg\" alt=\"\" class=\"wp-image-103657\"\/><figcaption>Fotograf\u00eda: Luj\u00e1n Hoy<\/figcaption><\/figure>\n\n\n\n<p><strong>Manifestaci\u00f3n ante la Fiscal\u00eda<\/strong> <strong>Descentralizada de Luj\u00e1n<\/strong><\/p>\n\n\n\n<p>En la jornada de este viernes, en ocasi\u00f3n que el fiscal subrogante a\ncargo de la investigaci\u00f3n se encontraba ante la plena ejecuci\u00f3n del art\u00edculo\n102 bis y ter en la localidad de Mercedes; en la sede de calle Mitre N\u00b0 371 se\nllev\u00f3 a cabo una movilizaci\u00f3n.<\/p>\n\n\n\n<p>En medio de los reclamos de justicia por el hecho en cuesti\u00f3n, en un\nmomento se presentaron disturbios al irrumpir parte de los movilizados en el\ninterior del edificio y personal policial apostado en el lugar \u2013 a los fines de\nresguardar la seguridad de las personas que estaban en su interior &#8211; debieron\nsolicitar apoyo al personal del GAD y colaboraci\u00f3n de personal del servicio\npenitenciario que se encontraba en la sede al verse superados num\u00e9ricamente.<\/p>\n\n\n\n<p>Tras esa situaci\u00f3n fueron convocados los principales referentes de las\nagrupaciones quienes plantearon sus inquietudes ante los funcionarios presentes\nen el lugar. Posteriormente se retiraron de la dependencia junto con unos pocos\nmanifestantes que para ese entonces se encontraban en la calle.<\/p>\n\n\n\n<p>Los hechos suscitados llevaron a la suspensi\u00f3n de las audiencias y la\nnormal actividad que en la Fiscal\u00eda se desarrollaba.<\/p>\n\n\n\n<p>Cabe aclarar que lo ocurrido deriv\u00f3 en una investigaci\u00f3n que se encuentra en curso para tratar de establecer lo ocurrido. Se convoc\u00f3\u00a0 personal especializado en criminal\u00edstica en el lugar de los hechos donde quedaron arrojados diversos elementos y se constat\u00f3 la rotura de vidrios.<\/p>\n\n\n\n<p>Fuente: Prensa Ministerio P\u00fablico Bonaerense &#8211; Depto Judicial Mercedes<br>Fotograf\u00edas: Luj\u00e1n Hoy<\/p>\n","protected":false},"excerpt":{"rendered":"<p>El domingo 1\u00b0 de diciembre del corriente a\u00f1o se inici\u00f3 una investigaci\u00f3n con intervenci\u00f3n de la\u00a0 UFI N\u00b0 10 Descentralizada &#8230; <a title=\"Luj\u00e1n: Parte oficial sobre delito contra la  integridad sexual de una menor de edad\" class=\"read-more\" href=\"https:\/\/www.hoymercedes.com.ar\/principal\/2019\/12\/08\/lujan-parte-oficial-sobre-delito-contra-la-integridad-sexual-de-una-menor-de-edad\/\" aria-label=\"Leer m\u00e1s sobre Luj\u00e1n: Parte oficial sobre delito contra la  integridad sexual de una menor de edad\">Leer m\u00e1s<\/a><\/p>\n","protected":false},"author":1,"featured_media":103657,"comment_status":"closed","ping_status":"open","sticky":false,"template":"","format":"standard","meta":{"_monsterinsights_skip_tracking":false,"_monsterinsights_sitenote_active":false,"_monsterinsights_sitenote_note":"","_monsterinsights_sitenote_category":0,"jetpack_post_was_ever_published":false,"_jetpack_newsletter_access":"","_jetpack_dont_email_post_to_subs":false,"_jetpack_newsletter_tier_id":0,"_jetpack_memberships_contains_paywalled_content":false,"_jetpack_memberships_contains_paid_content":false,"footnotes":"","jetpack_publicize_message":"","jetpack_publicize_feature_enabled":true,"jetpack_social_post_already_shared":true,"jetpack_social_options":{"image_generator_settings":{"template":"highway","default_image_id":0,"font":"","enabled":false},"version":2},"_wpas_customize_per_network":false},"categories":[85],"tags":[86,16022,16023,96],"class_list":["post-103656","post","type-post","status-publish","format-standard","has-post-thumbnail","hentry","category-policial","tag-lujan","tag-ministerio-publico-fiscal-bonaerense","tag-parte-oficial","tag-policial-2","generate-columns","tablet-grid-50","mobile-grid-100","grid-parent","grid-50"],"jetpack_publicize_connections":[],"jetpack_featured_media_url":"https:\/\/www.hoymercedes.com.ar\/principal\/wp-content\/uploads\/2019\/12\/08-Marcha-Fiscalia-Graves-Incidentes-6-696x522.jpg","wps_subtitle":"Informaci\u00f3n Regional","jetpack_sharing_enabled":true,"_links":{"self":[{"href":"https:\/\/www.hoymercedes.com.ar\/principal\/wp-json\/wp\/v2\/posts\/103656","targetHints":{"allow":["GET"]}}],"collection":[{"href":"https:\/\/www.hoymercedes.com.ar\/principal\/wp-json\/wp\/v2\/posts"}],"about":[{"href":"https:\/\/www.hoymercedes.com.ar\/principal\/wp-json\/wp\/v2\/types\/post"}],"author":[{"embeddable":true,"href":"https:\/\/www.hoymercedes.com.ar\/principal\/wp-json\/wp\/v2\/users\/1"}],"replies":[{"embeddable":true,"href":"https:\/\/www.hoymercedes.com.ar\/principal\/wp-json\/wp\/v2\/comments?post=103656"}],"version-history":[{"count":0,"href":"https:\/\/www.hoymercedes.com.ar\/principal\/wp-json\/wp\/v2\/posts\/103656\/revisions"}],"wp:featuredmedia":[{"embeddable":true,"href":"https:\/\/www.hoymercedes.com.ar\/principal\/wp-json\/wp\/v2\/media\/103657"}],"wp:attachment":[{"href":"https:\/\/www.hoymercedes.com.ar\/principal\/wp-json\/wp\/v2\/media?parent=103656"}],"wp:term":[{"taxonomy":"category","embeddable":true,"href":"https:\/\/www.hoymercedes.com.ar\/principal\/wp-json\/wp\/v2\/categories?post=103656"},{"taxonomy":"post_tag","embeddable":true,"href":"https:\/\/www.hoymercedes.com.ar\/principal\/wp-json\/wp\/v2\/tags?post=103656"}],"curies":[{"name":"wp","href":"https:\/\/api.w.org\/{rel}","templated":true}]}}