{"id":103719,"date":"2019-12-09T16:25:39","date_gmt":"2019-12-09T19:25:39","guid":{"rendered":"http:\/\/www.hoymercedes.com.ar\/principal\/?p=103719"},"modified":"2019-12-10T10:13:21","modified_gmt":"2019-12-10T13:13:21","slug":"incendio-de-automotor-en-ruta-5","status":"publish","type":"post","link":"https:\/\/www.hoymercedes.com.ar\/principal\/2019\/12\/09\/incendio-de-automotor-en-ruta-5\/","title":{"rendered":"Incendio de automotor en ruta 5"},"content":{"rendered":"\n<p> Aproximadamente a las 11:40 horas de la calurosa ma\u00f1ana de hoy lunes 9 de diciembre, se produjo el incendio de un autom\u00f3vil a la altura del km 118.900 de la ruta nacional 5 , jurisdicci\u00f3n del partido de Suipacha.<\/p>\n\n\n\n<p>All\u00ed por causas que se desconocen un veh\u00edculo BMW 328i , dominio MZJ-116 , color gris, conducido por Rodolfo Oscar Adrover , de 76 a\u00f1os , domiciliado en Bragado, que circulaba por ruta 5 , en sentido Mercedes hacia Suipacha, al llegar al km 118,900 comenz\u00f3 a incendiarse r\u00e1pidamente. <\/p>\n\n\n\n<p>Afortunadamente su \u00fanico ocupante logro salir de inmediato del habit\u00e1culo sin heridas que lamentar.<br>Concurrieron al lugar Bomberos Voluntarios, Polic\u00eda Comunal de Suipacha y Polic\u00eda Vial Mercedes. <\/p>\n","protected":false},"excerpt":{"rendered":"<p>Aproximadamente a las 11:40 horas de la calurosa ma\u00f1ana de hoy lunes 9 de diciembre, se produjo el incendio de &#8230; <a title=\"Incendio de automotor en ruta 5\" class=\"read-more\" href=\"https:\/\/www.hoymercedes.com.ar\/principal\/2019\/12\/09\/incendio-de-automotor-en-ruta-5\/\" aria-label=\"Leer m\u00e1s sobre Incendio de automotor en ruta 5\">Leer m\u00e1s<\/a><\/p>\n","protected":false},"author":1,"featured_media":103721,"comment_status":"closed","ping_status":"open","sticky":false,"template":"","format":"standard","meta":{"_monsterinsights_skip_tracking":false,"_monsterinsights_sitenote_active":false,"_monsterinsights_sitenote_note":"","_monsterinsights_sitenote_category":0,"jetpack_post_was_ever_published":false,"_jetpack_newsletter_access":"","_jetpack_dont_email_post_to_subs":false,"_jetpack_newsletter_tier_id":0,"_jetpack_memberships_contains_paywalled_content":false,"_jetpack_memberships_contains_paid_content":false,"footnotes":"","jetpack_publicize_message":"","jetpack_publicize_feature_enabled":true,"jetpack_social_post_already_shared":true,"jetpack_social_options":{"image_generator_settings":{"template":"highway","default_image_id":0,"font":"","enabled":false},"version":2},"_wpas_customize_per_network":false},"categories":[85],"tags":[286,96,538],"class_list":["post-103719","post","type-post","status-publish","format-standard","has-post-thumbnail","hentry","category-policial","tag-incendio","tag-policial-2","tag-ruta-5","generate-columns","tablet-grid-50","mobile-grid-100","grid-parent","grid-50"],"jetpack_publicize_connections":[],"jetpack_featured_media_url":"https:\/\/www.hoymercedes.com.ar\/principal\/wp-content\/uploads\/2019\/12\/09-incendio.jpg","wps_subtitle":"En Suipacha","jetpack_sharing_enabled":true,"_links":{"self":[{"href":"https:\/\/www.hoymercedes.com.ar\/principal\/wp-json\/wp\/v2\/posts\/103719","targetHints":{"allow":["GET"]}}],"collection":[{"href":"https:\/\/www.hoymercedes.com.ar\/principal\/wp-json\/wp\/v2\/posts"}],"about":[{"href":"https:\/\/www.hoymercedes.com.ar\/principal\/wp-json\/wp\/v2\/types\/post"}],"author":[{"embeddable":true,"href":"https:\/\/www.hoymercedes.com.ar\/principal\/wp-json\/wp\/v2\/users\/1"}],"replies":[{"embeddable":true,"href":"https:\/\/www.hoymercedes.com.ar\/principal\/wp-json\/wp\/v2\/comments?post=103719"}],"version-history":[{"count":0,"href":"https:\/\/www.hoymercedes.com.ar\/principal\/wp-json\/wp\/v2\/posts\/103719\/revisions"}],"wp:featuredmedia":[{"embeddable":true,"href":"https:\/\/www.hoymercedes.com.ar\/principal\/wp-json\/wp\/v2\/media\/103721"}],"wp:attachment":[{"href":"https:\/\/www.hoymercedes.com.ar\/principal\/wp-json\/wp\/v2\/media?parent=103719"}],"wp:term":[{"taxonomy":"category","embeddable":true,"href":"https:\/\/www.hoymercedes.com.ar\/principal\/wp-json\/wp\/v2\/categories?post=103719"},{"taxonomy":"post_tag","embeddable":true,"href":"https:\/\/www.hoymercedes.com.ar\/principal\/wp-json\/wp\/v2\/tags?post=103719"}],"curies":[{"name":"wp","href":"https:\/\/api.w.org\/{rel}","templated":true}]}}