{"id":103745,"date":"2019-12-10T11:00:00","date_gmt":"2019-12-10T14:00:00","guid":{"rendered":"http:\/\/www.hoymercedes.com.ar\/principal\/?p=103745"},"modified":"2019-12-10T10:11:39","modified_gmt":"2019-12-10T13:11:39","slug":"municipio-avanza-con-obras-pluviales-en-barrio-la-amistad","status":"publish","type":"post","link":"https:\/\/www.hoymercedes.com.ar\/principal\/2019\/12\/10\/municipio-avanza-con-obras-pluviales-en-barrio-la-amistad\/","title":{"rendered":"Municipio avanza con obras pluviales en barrio La Amistad"},"content":{"rendered":"\n<figure class=\"wp-block-image size-large\"><img loading=\"lazy\" decoding=\"async\" width=\"960\" height=\"720\" data-attachment-id=\"103746\" data-permalink=\"https:\/\/www.hoymercedes.com.ar\/principal\/2019\/12\/10\/municipio-avanza-con-obras-pluviales-en-barrio-la-amistad\/14y49-2\/#main\" data-orig-file=\"https:\/\/www.hoymercedes.com.ar\/principal\/wp-content\/uploads\/2019\/12\/14y49.2.jpg\" data-orig-size=\"960,720\" data-comments-opened=\"0\" data-image-meta=\"{&quot;aperture&quot;:&quot;0&quot;,&quot;credit&quot;:&quot;&quot;,&quot;camera&quot;:&quot;&quot;,&quot;caption&quot;:&quot;&quot;,&quot;created_timestamp&quot;:&quot;0&quot;,&quot;copyright&quot;:&quot;&quot;,&quot;focal_length&quot;:&quot;0&quot;,&quot;iso&quot;:&quot;0&quot;,&quot;shutter_speed&quot;:&quot;0&quot;,&quot;title&quot;:&quot;&quot;,&quot;orientation&quot;:&quot;0&quot;}\" data-image-title=\"14y49.2\" data-image-description=\"\" data-image-caption=\"\" data-large-file=\"https:\/\/www.hoymercedes.com.ar\/principal\/wp-content\/uploads\/2019\/12\/14y49.2.jpg\" src=\"https:\/\/www.hoymercedes.com.ar\/principal\/wp-content\/uploads\/2019\/12\/14y49.2.jpg\" alt=\"\" class=\"wp-image-103746\"\/><figcaption>Obras Pluviales<\/figcaption><\/figure>\n\n\n\n<p>Con el objetivo de brindar mayor\ncalidad de vida y mejorar los diferentes barrios de la ciudad, el Municipio de\nMercedes, en este caso, est\u00e1 llevando adelante una importante obra de pluviales\ny desag\u00fces en el barrio La Amistad (calle 14 y 49). Esta obra tiene como\nfinalidad la captaci\u00f3n y conducci\u00f3n de los excedentes pluviales superficiales.<\/p>\n\n\n\n<p>Adem\u00e1s, estas ca\u00f1er\u00edas estar\u00e1n\nconectadas a un pluvial principal que existe en la avenida 16 y que servir\u00e1\npara que esta zona de la ciudad no sufra anegamientos en los d\u00edas de lluvia. &nbsp;<\/p>\n\n\n\n<figure class=\"wp-block-image size-large\"><img loading=\"lazy\" decoding=\"async\" width=\"960\" height=\"720\" data-attachment-id=\"103747\" data-permalink=\"https:\/\/www.hoymercedes.com.ar\/principal\/2019\/12\/10\/municipio-avanza-con-obras-pluviales-en-barrio-la-amistad\/14y49-3\/#main\" data-orig-file=\"https:\/\/www.hoymercedes.com.ar\/principal\/wp-content\/uploads\/2019\/12\/14y49.3.jpg\" data-orig-size=\"960,720\" data-comments-opened=\"0\" data-image-meta=\"{&quot;aperture&quot;:&quot;0&quot;,&quot;credit&quot;:&quot;&quot;,&quot;camera&quot;:&quot;&quot;,&quot;caption&quot;:&quot;&quot;,&quot;created_timestamp&quot;:&quot;0&quot;,&quot;copyright&quot;:&quot;&quot;,&quot;focal_length&quot;:&quot;0&quot;,&quot;iso&quot;:&quot;0&quot;,&quot;shutter_speed&quot;:&quot;0&quot;,&quot;title&quot;:&quot;&quot;,&quot;orientation&quot;:&quot;0&quot;}\" data-image-title=\"14y49.3\" data-image-description=\"\" data-image-caption=\"\" data-large-file=\"https:\/\/www.hoymercedes.com.ar\/principal\/wp-content\/uploads\/2019\/12\/14y49.3.jpg\" src=\"https:\/\/www.hoymercedes.com.ar\/principal\/wp-content\/uploads\/2019\/12\/14y49.3.jpg\" alt=\"\" class=\"wp-image-103747\"\/><figcaption> Nuevos ca\u00f1os<\/figcaption><\/figure>\n\n\n\n<p>Al respecto, Mat\u00edas Dematei\nse\u00f1al\u00f3 \u201cesta era una zona donde suelen haber inconvenientes en los d\u00edas de\nlluvia, ya que el agua no escurre de manera r\u00e1pida\u201d y agreg\u00f3 \u201ctoda esta zona ha\ncrecido de manera exponencial lo que produce ciertos problemas pluviales, por\nese motivo, con estas obras permitimos solucionar esta problem\u00e1tica\u201d.<\/p>\n\n\n\n<p>\u201cNuestra idea apunta a generar\nrespuestas r\u00e1pidas y efectivas para trabajos que incluyen el mejoramiento de\ncalles, colocaci\u00f3n de piedras, reparaciones de luminarias, desag\u00fces pluviales,\nzanjeos, limpieza integral, desmalezado de espacios verdes, es decir, todo\naquello que hace a la cotidianeidad de los vecinos\u201d subray\u00f3 Mat\u00edas Dematei.<\/p>\n","protected":false},"excerpt":{"rendered":"<p>Con el objetivo de brindar mayor calidad de vida y mejorar los diferentes barrios de la ciudad, el Municipio de &#8230; <a title=\"Municipio avanza con obras pluviales en barrio La Amistad\" class=\"read-more\" href=\"https:\/\/www.hoymercedes.com.ar\/principal\/2019\/12\/10\/municipio-avanza-con-obras-pluviales-en-barrio-la-amistad\/\" aria-label=\"Leer m\u00e1s sobre Municipio avanza con obras pluviales en barrio La Amistad\">Leer m\u00e1s<\/a><\/p>\n","protected":false},"author":1,"featured_media":103746,"comment_status":"closed","ping_status":"open","sticky":false,"template":"","format":"standard","meta":{"_monsterinsights_skip_tracking":false,"_monsterinsights_sitenote_active":false,"_monsterinsights_sitenote_note":"","_monsterinsights_sitenote_category":0,"jetpack_post_was_ever_published":false,"_jetpack_newsletter_access":"","_jetpack_dont_email_post_to_subs":false,"_jetpack_newsletter_tier_id":0,"_jetpack_memberships_contains_paywalled_content":false,"_jetpack_memberships_contains_paid_content":false,"footnotes":"","jetpack_publicize_message":"","jetpack_publicize_feature_enabled":true,"jetpack_social_post_already_shared":true,"jetpack_social_options":{"image_generator_settings":{"template":"highway","default_image_id":0,"font":"","enabled":false},"version":2},"_wpas_customize_per_network":false},"categories":[30],"tags":[600,244,5947,8628,424],"class_list":["post-103745","post","type-post","status-publish","format-standard","has-post-thumbnail","hentry","category-municipio","tag-barrios","tag-municipio-2","tag-obras-publicas","tag-servicios-publicos","tag-ustarroz","generate-columns","tablet-grid-50","mobile-grid-100","grid-parent","grid-50"],"jetpack_publicize_connections":[],"jetpack_featured_media_url":"https:\/\/www.hoymercedes.com.ar\/principal\/wp-content\/uploads\/2019\/12\/14y49.2.jpg","wps_subtitle":"Mejoras barriales","jetpack_sharing_enabled":true,"_links":{"self":[{"href":"https:\/\/www.hoymercedes.com.ar\/principal\/wp-json\/wp\/v2\/posts\/103745","targetHints":{"allow":["GET"]}}],"collection":[{"href":"https:\/\/www.hoymercedes.com.ar\/principal\/wp-json\/wp\/v2\/posts"}],"about":[{"href":"https:\/\/www.hoymercedes.com.ar\/principal\/wp-json\/wp\/v2\/types\/post"}],"author":[{"embeddable":true,"href":"https:\/\/www.hoymercedes.com.ar\/principal\/wp-json\/wp\/v2\/users\/1"}],"replies":[{"embeddable":true,"href":"https:\/\/www.hoymercedes.com.ar\/principal\/wp-json\/wp\/v2\/comments?post=103745"}],"version-history":[{"count":0,"href":"https:\/\/www.hoymercedes.com.ar\/principal\/wp-json\/wp\/v2\/posts\/103745\/revisions"}],"wp:featuredmedia":[{"embeddable":true,"href":"https:\/\/www.hoymercedes.com.ar\/principal\/wp-json\/wp\/v2\/media\/103746"}],"wp:attachment":[{"href":"https:\/\/www.hoymercedes.com.ar\/principal\/wp-json\/wp\/v2\/media?parent=103745"}],"wp:term":[{"taxonomy":"category","embeddable":true,"href":"https:\/\/www.hoymercedes.com.ar\/principal\/wp-json\/wp\/v2\/categories?post=103745"},{"taxonomy":"post_tag","embeddable":true,"href":"https:\/\/www.hoymercedes.com.ar\/principal\/wp-json\/wp\/v2\/tags?post=103745"}],"curies":[{"name":"wp","href":"https:\/\/api.w.org\/{rel}","templated":true}]}}