{"id":103792,"date":"2019-12-10T19:37:42","date_gmt":"2019-12-10T22:37:42","guid":{"rendered":"http:\/\/www.hoymercedes.com.ar\/principal\/?p=103792"},"modified":"2019-12-10T19:49:24","modified_gmt":"2019-12-10T22:49:24","slug":"estudiantes-y-defensores-los-dos-mercedinos-que-pelean-titulo-en-las-inferiores-del-femenino","status":"publish","type":"post","link":"https:\/\/www.hoymercedes.com.ar\/principal\/2019\/12\/10\/estudiantes-y-defensores-los-dos-mercedinos-que-pelean-titulo-en-las-inferiores-del-femenino\/","title":{"rendered":"Estudiantes y Defensores, los dos mercedinos que pelean t\u00edtulo en las inferiores del Femenino"},"content":{"rendered":"\n<p>En Capit\u00e1n Sarmiento se jugaron este domingo las semifinales de las categor\u00edas Sub 12 y Sub 16 del F\u00fatbol Femenino de la Liga Mercedina de F\u00fatbol, ganando el local, La Loma, sus dos encuentros para disputar la final en ambas divisionales ante conjuntos mercedinos. En la menor, los dos partidos se definieron por la m\u00ednima, mientras que en la mayor, fue por penales.<\/p>\n\n\n\n<div class=\"wp-block-image\"><figure class=\"aligncenter size-large\"><img loading=\"lazy\" decoding=\"async\" width=\"650\" height=\"405\" data-attachment-id=\"103793\" data-permalink=\"https:\/\/www.hoymercedes.com.ar\/principal\/2019\/12\/10\/estudiantes-y-defensores-los-dos-mercedinos-que-pelean-titulo-en-las-inferiores-del-femenino\/defensores-sub-16\/#main\" data-orig-file=\"https:\/\/www.hoymercedes.com.ar\/principal\/wp-content\/uploads\/2019\/12\/Defensores-Sub-16.jpg\" data-orig-size=\"650,405\" data-comments-opened=\"0\" data-image-meta=\"{&quot;aperture&quot;:&quot;0&quot;,&quot;credit&quot;:&quot;&quot;,&quot;camera&quot;:&quot;&quot;,&quot;caption&quot;:&quot;&quot;,&quot;created_timestamp&quot;:&quot;0&quot;,&quot;copyright&quot;:&quot;&quot;,&quot;focal_length&quot;:&quot;0&quot;,&quot;iso&quot;:&quot;0&quot;,&quot;shutter_speed&quot;:&quot;0&quot;,&quot;title&quot;:&quot;&quot;,&quot;orientation&quot;:&quot;0&quot;}\" data-image-title=\"Defensores-Sub-16\" data-image-description=\"\" data-image-caption=\"\" data-large-file=\"https:\/\/www.hoymercedes.com.ar\/principal\/wp-content\/uploads\/2019\/12\/Defensores-Sub-16.jpg\" src=\"https:\/\/www.hoymercedes.com.ar\/principal\/wp-content\/uploads\/2019\/12\/Defensores-Sub-16.jpg\" alt=\"\" class=\"wp-image-103793\"\/><\/figure><\/div>\n\n\n\n<p><strong>SUB 12<\/strong><br>Club Estudiantes 2.<br>Los Carteros 1.<\/p>\n\n\n\n<p>Alfa (Olivera) 0.<br>La Loma (Capit\u00e1n Sarmiento) 1.<\/p>\n\n\n\n<p><strong>Final<\/strong><br>Club Estudiantes vs. La Loma.<\/p>\n\n\n\n<p><strong>SUB 16<\/strong><br>La Loma 1 (2).<br>El Front\u00f3n (Giles) 1 (1).<\/p>\n\n\n\n<p>V\u00e9lez S\u00e1rsfield 0 (0)<br>Defensores Juniors 0 (2).<\/p>\n\n\n\n<p><strong>Final<\/strong><br>La Loma vs. Defensores Juniors.<\/p>\n","protected":false},"excerpt":{"rendered":"<p>En Capit\u00e1n Sarmiento se jugaron este domingo las semifinales de las categor\u00edas Sub 12 y Sub 16 del F\u00fatbol Femenino &#8230; <a title=\"Estudiantes y Defensores, los dos mercedinos que pelean t\u00edtulo en las inferiores del Femenino\" class=\"read-more\" href=\"https:\/\/www.hoymercedes.com.ar\/principal\/2019\/12\/10\/estudiantes-y-defensores-los-dos-mercedinos-que-pelean-titulo-en-las-inferiores-del-femenino\/\" aria-label=\"Leer m\u00e1s sobre Estudiantes y Defensores, los dos mercedinos que pelean t\u00edtulo en las inferiores del Femenino\">Leer m\u00e1s<\/a><\/p>\n","protected":false},"author":1,"featured_media":103793,"comment_status":"closed","ping_status":"open","sticky":false,"template":"","format":"standard","meta":{"_monsterinsights_skip_tracking":false,"_monsterinsights_sitenote_active":false,"_monsterinsights_sitenote_note":"","_monsterinsights_sitenote_category":0,"jetpack_post_was_ever_published":false,"_jetpack_newsletter_access":"","_jetpack_dont_email_post_to_subs":false,"_jetpack_newsletter_tier_id":0,"_jetpack_memberships_contains_paywalled_content":false,"_jetpack_memberships_contains_paid_content":false,"footnotes":"","jetpack_publicize_message":"","jetpack_publicize_feature_enabled":true,"jetpack_social_post_already_shared":true,"jetpack_social_options":{"image_generator_settings":{"template":"highway","default_image_id":0,"font":"","enabled":false},"version":2},"_wpas_customize_per_network":false},"categories":[21],"tags":[16038,10462,15564],"class_list":["post-103792","post","type-post","status-publish","format-standard","has-post-thumbnail","hentry","category-deportes","tag-capitan-sarmiento","tag-defensores-junior","tag-los-carteros","generate-columns","tablet-grid-50","mobile-grid-100","grid-parent","grid-50"],"jetpack_publicize_connections":[],"jetpack_featured_media_url":"https:\/\/www.hoymercedes.com.ar\/principal\/wp-content\/uploads\/2019\/12\/Defensores-Sub-16.jpg","wps_subtitle":"F\u00fatbol Femenino","jetpack_sharing_enabled":true,"_links":{"self":[{"href":"https:\/\/www.hoymercedes.com.ar\/principal\/wp-json\/wp\/v2\/posts\/103792","targetHints":{"allow":["GET"]}}],"collection":[{"href":"https:\/\/www.hoymercedes.com.ar\/principal\/wp-json\/wp\/v2\/posts"}],"about":[{"href":"https:\/\/www.hoymercedes.com.ar\/principal\/wp-json\/wp\/v2\/types\/post"}],"author":[{"embeddable":true,"href":"https:\/\/www.hoymercedes.com.ar\/principal\/wp-json\/wp\/v2\/users\/1"}],"replies":[{"embeddable":true,"href":"https:\/\/www.hoymercedes.com.ar\/principal\/wp-json\/wp\/v2\/comments?post=103792"}],"version-history":[{"count":0,"href":"https:\/\/www.hoymercedes.com.ar\/principal\/wp-json\/wp\/v2\/posts\/103792\/revisions"}],"wp:featuredmedia":[{"embeddable":true,"href":"https:\/\/www.hoymercedes.com.ar\/principal\/wp-json\/wp\/v2\/media\/103793"}],"wp:attachment":[{"href":"https:\/\/www.hoymercedes.com.ar\/principal\/wp-json\/wp\/v2\/media?parent=103792"}],"wp:term":[{"taxonomy":"category","embeddable":true,"href":"https:\/\/www.hoymercedes.com.ar\/principal\/wp-json\/wp\/v2\/categories?post=103792"},{"taxonomy":"post_tag","embeddable":true,"href":"https:\/\/www.hoymercedes.com.ar\/principal\/wp-json\/wp\/v2\/tags?post=103792"}],"curies":[{"name":"wp","href":"https:\/\/api.w.org\/{rel}","templated":true}]}}