{"id":103878,"date":"2019-12-11T16:40:00","date_gmt":"2019-12-11T19:40:00","guid":{"rendered":"http:\/\/www.hoymercedes.com.ar\/principal\/?p=103878"},"modified":"2019-12-11T15:43:01","modified_gmt":"2019-12-11T18:43:01","slug":"mario-quaglia-asumio-la-jefatura-del-cuerpo-de-bomberos-voluntarios","status":"publish","type":"post","link":"https:\/\/www.hoymercedes.com.ar\/principal\/2019\/12\/11\/mario-quaglia-asumio-la-jefatura-del-cuerpo-de-bomberos-voluntarios\/","title":{"rendered":"Mario Quaglia asumi\u00f3 la Jefatura del cuerpo de Bomberos Voluntarios"},"content":{"rendered":"\n<p><em>El Jefe 1\u00b0 estar\u00e1 acompa\u00f1ado por el segundo jefe Alejandro Mazza. En la fiesta del domingo \u00faltimo entregaron reconocimientos a los bomberos en actividades y juraron 21 nuevos integrantes al cuerpo activo, entre ellos 15 mujeres. <\/em><\/p>\n\n\n\n<figure class=\"wp-block-image size-large\"><img loading=\"lazy\" decoding=\"async\" width=\"800\" height=\"600\" data-attachment-id=\"103864\" data-permalink=\"https:\/\/www.hoymercedes.com.ar\/principal\/bomberos11\/\" data-orig-file=\"https:\/\/www.hoymercedes.com.ar\/principal\/wp-content\/uploads\/2019\/12\/Bomberos11.jpg\" data-orig-size=\"800,600\" data-comments-opened=\"0\" data-image-meta=\"{&quot;aperture&quot;:&quot;0&quot;,&quot;credit&quot;:&quot;&quot;,&quot;camera&quot;:&quot;&quot;,&quot;caption&quot;:&quot;&quot;,&quot;created_timestamp&quot;:&quot;0&quot;,&quot;copyright&quot;:&quot;&quot;,&quot;focal_length&quot;:&quot;0&quot;,&quot;iso&quot;:&quot;0&quot;,&quot;shutter_speed&quot;:&quot;0&quot;,&quot;title&quot;:&quot;&quot;,&quot;orientation&quot;:&quot;0&quot;}\" data-image-title=\"Bomberos11\" data-image-description=\"\" data-image-caption=\"&lt;p&gt;CRECE EL CUERPO: 21 nuevos integrantes suman los Bomberos de Mercedes, entre ellos 15 mujeres.  &lt;\/p&gt;\n\" data-large-file=\"https:\/\/www.hoymercedes.com.ar\/principal\/wp-content\/uploads\/2019\/12\/Bomberos11.jpg\" src=\"https:\/\/www.hoymercedes.com.ar\/principal\/wp-content\/uploads\/2019\/12\/Bomberos11.jpg\" alt=\"\" class=\"wp-image-103864\"\/><figcaption>CRECE EL CUERPO: 21 nuevos integrantes suman los Bomberos de Mercedes, entre ellos 15 mujeres.  <\/figcaption><\/figure>\n\n\n\n<p>La jornada del\ndomingo \u00faltimo fue un d\u00eda de festejo para los Bomberos Voluntarios de Mercedes\npese a que ese d\u00eda, quien era Jefe del cuerpo presentar\u00eda su pase a reserva. No\nobstante, ese d\u00eda, nuevos bomberos prestar\u00edan juramento, entre ellos 15\nmujeres, y un nuevo jefe asumir\u00eda su cargo. Mario Quaglia oficializar\u00eda su\ncargo como Primer Jefe el d\u00eda lunes. <\/p>\n\n\n\n<p>Fue muy emotivo\nel acto en que el que Quaglia asumi\u00f3 la jefatura. Agradeci\u00f3 al cuerpo activo y\na la comisi\u00f3n directiva de la Asociaci\u00f3n Cooperadora, y coment\u00f3 que desde antes\nde asumir como Primer Jefe, junto a Guti\u00e9rrez hab\u00edan planteado objetivos para\nhacer crecer la instituci\u00f3n, muchos de ellos que se fueron cumpliendo este a\u00f1o.\n<\/p>\n\n\n\n<p>No obstante,\nexisten planea a largo y corto plazos que le permitir\u00e1n crecer mucho m\u00e1s. Uno\nde ellos es el pase de la comunicaci\u00f3n anal\u00f3gica a la digital. \u201cEs un salto\ncualitativo en cuanto a las comunicaciones que nos permitir\u00e1 adaptarnos y que\nrepercutir\u00e1 en el servicio de emergencia\u201d, explic\u00f3 el Jefe Quaglia que estar\u00e1\nsecundado por Alejandro Mazza que a ven\u00eda formando parte del equipo de jefatura\nde antes. <\/p>\n\n\n\n<p>El domingo\npasado, en el Sal\u00f3n de Gendarmer\u00eda se dieron cita toda la familia bomberil que\nintegran el cuerpo activo y pasivo de los Bomberos Voluntarios. En ese marco\ndespidieron el a\u00f1o, a su jefe, pero tambi\u00e9n entregaron reconocimientos y le\nprestaron juramento a los 21 nuevos bomberos y bomberas que se suman al cuerpo\nactivo. <\/p>\n\n\n\n<p>Entre los reconocimientos otorgados, recibieron los suyos por los a\u00f1os de antig\u00fcedad en el cuerpo m\u00e1s all\u00e1 de que algunos hace varios a\u00f1os son Bomberos de Reserva. Entre ellos\u00a0 el Cte. Gral. Juan Jos\u00e9 Valle (55 a\u00f1os), Of. Aux. de Dotaci\u00f3n Juan Alterino (45 a\u00f1os), Of. Aux. de Dot. Eduardo Mosca (40 a\u00f1os), Bombero Jorge Villa (40 a\u00f1os), Ayte. 1\u00aa Carlos Sarco (30 a\u00f1os), Ayudante Mayor Alejandro Mazza y Ayudante Principal Mat\u00edas Picardi (25 a\u00f1os), Sub Ayudante Mat\u00edas Vaccotti y Bombero Eduardo Penayo (20 a\u00f1os); Sub Ayudante Javier Campos (15 a\u00f1os); el bombero Mat\u00edas Russi (10 a\u00f1os)y a los Bomberos Esteban Selensky, Demi\u00e1n Silva Pazos e Iv\u00e1n Pin (5 a\u00f1os). <\/p>\n\n\n\n<figure class=\"wp-block-image size-large\"><img loading=\"lazy\" decoding=\"async\" width=\"800\" height=\"534\" data-attachment-id=\"103865\" data-permalink=\"https:\/\/www.hoymercedes.com.ar\/principal\/bomberos11-quaglia\/\" data-orig-file=\"https:\/\/www.hoymercedes.com.ar\/principal\/wp-content\/uploads\/2019\/12\/Bomberos11-Quaglia.jpg\" data-orig-size=\"800,534\" data-comments-opened=\"0\" data-image-meta=\"{&quot;aperture&quot;:&quot;0&quot;,&quot;credit&quot;:&quot;&quot;,&quot;camera&quot;:&quot;&quot;,&quot;caption&quot;:&quot;&quot;,&quot;created_timestamp&quot;:&quot;0&quot;,&quot;copyright&quot;:&quot;&quot;,&quot;focal_length&quot;:&quot;0&quot;,&quot;iso&quot;:&quot;0&quot;,&quot;shutter_speed&quot;:&quot;0&quot;,&quot;title&quot;:&quot;&quot;,&quot;orientation&quot;:&quot;0&quot;}\" data-image-title=\"Bomberos11 Quaglia\" data-image-description=\"\" data-image-caption=\"&lt;p&gt;NUEVO JEFE: Mario Quaglia asumi\u00f3 como 1\u00b0 Jefe del cuerpo con el Jefe Guti\u00e9rrez que pas\u00f3 a formar parte de la reserva. &lt;\/p&gt;\n\" data-large-file=\"https:\/\/www.hoymercedes.com.ar\/principal\/wp-content\/uploads\/2019\/12\/Bomberos11-Quaglia.jpg\" src=\"https:\/\/www.hoymercedes.com.ar\/principal\/wp-content\/uploads\/2019\/12\/Bomberos11-Quaglia.jpg\" alt=\"\" class=\"wp-image-103865\"\/><figcaption>NUEVO JEFE: Mario Quaglia asumi\u00f3 como 1\u00b0 Jefe del cuerpo con el Jefe Guti\u00e9rrez que pas\u00f3 a formar parte de la reserva. <\/figcaption><\/figure>\n\n\n\n<p>Tambi\u00e9n se\nentregaron los diplomas a los cursos de jerarqu\u00eda; 3\u00aa Categor\u00eda: Bombero Daniel\nBeneitez y 4\u00aa Categor\u00eda: Bombero Mariano Luque y Bombero Sebasti\u00e1n Guti\u00e9rrez. Cursos\nde Especializaci\u00f3n Profesional: Cepro de instructor (Cepi): Ayte. Ppal. Mat\u00edas\nPicardi y Bomberos Mauricio Beneitez, Cristian Paglieri y Sebasti\u00e1n\nGuti\u00e9rrez.&nbsp;<\/p>\n\n\n\n<p>Reconocimiento\nRotary Club al Bombero del A\u00f1o: Sebasti\u00e1n Guti\u00e9rrez<\/p>\n\n\n\n<p>y de Cabana\nPropiedades al Bombero Ricardo Petrolatti, Reconocimiento al personal que\nreacondicion\u00f3 la cuadra para el personal femenino: Ayte. My. Alejandro Mazza,\nBombero Miguel Deambrosio, Bombero Ricardo Petrolatti, Sub Ayte. Alejandro Del\nIntento, Sub Ayte. Mat\u00edas Vaccotti, Sub Ayte. Javier Campos.<\/p>\n\n\n\n<p>Adem\u00e1s, le\nentregaron reconocimientos a personal externo al Dr. Ricardo Ceretti, quien\nasesorar en los aspectos legales a los aspirantes a Bomberos; al Dr. Mario\nPerretti, quien tuvo la tarea de realizar el an\u00e1lisis Psicol\u00f3gico de cada uno\nde los nuevos bomberos; al Dr. Diego Arzani quien realiz\u00f3 los ex\u00e1menes f\u00edsicos\npara determinar la aptitud del personal.<\/p>\n\n\n\n<p>Los nuevos\nbomberos que prestaron juramento son: Ezequiel Libares, Ayl\u00edn Milagros Gollo, Liliana\nGaleano, Morena Avila Fresnes, Andrea Caroline Javier, Dami\u00e1n Alfredo Butr\u00f3n, Nicol\u00e1s\nQuaglia, Candela Asperue, Romina Pertosi, Y\u00e9sica Ort\u00edz, Mart\u00edn Ariel Ramponi, Estefan\u00eda\nGim\u00e9nez Romero, Nahuel Facundo Casta\u00f1eda, Gast\u00f3n Arigoni, Stella Maris Gatti, Antonella\nLeiva, Lucrecia Aldana Solivella, Emanuel S\u00e1nchez, Yanina S\u00e1nchez, Marianela\nAvagnina y An\u00edbal Quevedo. <\/p>\n","protected":false},"excerpt":{"rendered":"<p>El Jefe 1\u00b0 estar\u00e1 acompa\u00f1ado por el segundo jefe Alejandro Mazza. En la fiesta del domingo \u00faltimo entregaron reconocimientos a &#8230; <a title=\"Mario Quaglia asumi\u00f3 la Jefatura del cuerpo de Bomberos Voluntarios\" class=\"read-more\" href=\"https:\/\/www.hoymercedes.com.ar\/principal\/2019\/12\/11\/mario-quaglia-asumio-la-jefatura-del-cuerpo-de-bomberos-voluntarios\/\" aria-label=\"Leer m\u00e1s sobre Mario Quaglia asumi\u00f3 la Jefatura del cuerpo de Bomberos Voluntarios\">Leer m\u00e1s<\/a><\/p>\n","protected":false},"author":1,"featured_media":103865,"comment_status":"closed","ping_status":"open","sticky":false,"template":"","format":"standard","meta":{"_monsterinsights_skip_tracking":false,"_monsterinsights_sitenote_active":false,"_monsterinsights_sitenote_note":"","_monsterinsights_sitenote_category":0,"jetpack_post_was_ever_published":false,"_jetpack_newsletter_access":"","_jetpack_dont_email_post_to_subs":false,"_jetpack_newsletter_tier_id":0,"_jetpack_memberships_contains_paywalled_content":false,"_jetpack_memberships_contains_paid_content":false,"footnotes":"","jetpack_publicize_message":"","jetpack_publicize_feature_enabled":true,"jetpack_social_post_already_shared":true,"jetpack_social_options":{"image_generator_settings":{"template":"highway","default_image_id":0,"font":"","enabled":false},"version":2},"_wpas_customize_per_network":false},"categories":[8],"tags":[865,9346,16045],"class_list":["post-103878","post","type-post","status-publish","format-standard","has-post-thumbnail","hentry","category-sociedad","tag-bomberos-voluntarios","tag-jefe","tag-promocion-mixta","generate-columns","tablet-grid-50","mobile-grid-100","grid-parent","grid-50"],"jetpack_publicize_connections":[],"jetpack_featured_media_url":"https:\/\/www.hoymercedes.com.ar\/principal\/wp-content\/uploads\/2019\/12\/Bomberos11-Quaglia.jpg","wps_subtitle":"Nuevas autoridades en la instituci\u00f3n","jetpack_sharing_enabled":true,"_links":{"self":[{"href":"https:\/\/www.hoymercedes.com.ar\/principal\/wp-json\/wp\/v2\/posts\/103878","targetHints":{"allow":["GET"]}}],"collection":[{"href":"https:\/\/www.hoymercedes.com.ar\/principal\/wp-json\/wp\/v2\/posts"}],"about":[{"href":"https:\/\/www.hoymercedes.com.ar\/principal\/wp-json\/wp\/v2\/types\/post"}],"author":[{"embeddable":true,"href":"https:\/\/www.hoymercedes.com.ar\/principal\/wp-json\/wp\/v2\/users\/1"}],"replies":[{"embeddable":true,"href":"https:\/\/www.hoymercedes.com.ar\/principal\/wp-json\/wp\/v2\/comments?post=103878"}],"version-history":[{"count":0,"href":"https:\/\/www.hoymercedes.com.ar\/principal\/wp-json\/wp\/v2\/posts\/103878\/revisions"}],"wp:featuredmedia":[{"embeddable":true,"href":"https:\/\/www.hoymercedes.com.ar\/principal\/wp-json\/wp\/v2\/media\/103865"}],"wp:attachment":[{"href":"https:\/\/www.hoymercedes.com.ar\/principal\/wp-json\/wp\/v2\/media?parent=103878"}],"wp:term":[{"taxonomy":"category","embeddable":true,"href":"https:\/\/www.hoymercedes.com.ar\/principal\/wp-json\/wp\/v2\/categories?post=103878"},{"taxonomy":"post_tag","embeddable":true,"href":"https:\/\/www.hoymercedes.com.ar\/principal\/wp-json\/wp\/v2\/tags?post=103878"}],"curies":[{"name":"wp","href":"https:\/\/api.w.org\/{rel}","templated":true}]}}