{"id":103895,"date":"2019-12-11T21:37:00","date_gmt":"2019-12-12T00:37:00","guid":{"rendered":"http:\/\/www.hoymercedes.com.ar\/principal\/?p=103895"},"modified":"2019-12-11T20:44:35","modified_gmt":"2019-12-11T23:44:35","slug":"nuevos-consejeros-escolares-juraron-sus-cargos-hasta-2023","status":"publish","type":"post","link":"https:\/\/www.hoymercedes.com.ar\/principal\/2019\/12\/11\/nuevos-consejeros-escolares-juraron-sus-cargos-hasta-2023\/","title":{"rendered":"Nuevos Consejeros Escolares juraron sus cargos hasta 2023"},"content":{"rendered":"\n<p>Florencia Comalini, Daniel Ivaldis y Jos\u00e9 Luis Pisano tomaron juramento como Consejeros Escolares. Se le suman a Soledad Alfredo, Gustavo Freites y Agust\u00edn Bavastro que siguen hasta el 2021.<\/p>\n\n\n\n<figure class=\"wp-block-image size-large\"><img loading=\"lazy\" decoding=\"async\" width=\"800\" height=\"534\" data-attachment-id=\"103899\" data-permalink=\"https:\/\/www.hoymercedes.com.ar\/principal\/2019\/12\/11\/nuevos-consejeros-escolares-juraron-sus-cargos-hasta-2023\/jura-ce-pisano-800x534\/#main\" data-orig-file=\"https:\/\/www.hoymercedes.com.ar\/principal\/wp-content\/uploads\/2019\/12\/Jura-CE-Pisano-800x534.jpg\" data-orig-size=\"800,534\" data-comments-opened=\"0\" data-image-meta=\"{&quot;aperture&quot;:&quot;0&quot;,&quot;credit&quot;:&quot;&quot;,&quot;camera&quot;:&quot;&quot;,&quot;caption&quot;:&quot;&quot;,&quot;created_timestamp&quot;:&quot;0&quot;,&quot;copyright&quot;:&quot;&quot;,&quot;focal_length&quot;:&quot;0&quot;,&quot;iso&quot;:&quot;0&quot;,&quot;shutter_speed&quot;:&quot;0&quot;,&quot;title&quot;:&quot;&quot;,&quot;orientation&quot;:&quot;0&quot;}\" data-image-title=\"Jura CE Pisano-800&amp;#215;534\" data-image-description=\"\" data-image-caption=\"\" data-large-file=\"https:\/\/www.hoymercedes.com.ar\/principal\/wp-content\/uploads\/2019\/12\/Jura-CE-Pisano-800x534.jpg\" src=\"https:\/\/www.hoymercedes.com.ar\/principal\/wp-content\/uploads\/2019\/12\/Jura-CE-Pisano-800x534.jpg\" alt=\"\" class=\"wp-image-103899\"\/><\/figure>\n\n\n\n<p>Promediando la ma\u00f1ana del mi\u00e9rcoles, los integrantes del Consejo Escolar se dieron cita en el Palacio Municipal para prestar juramento a los nuevos integrantes del cuerpo. Florencia Comalini, Daniel Ivaldis y Jos\u00e9 Luis Pisano que renueva su cargo, juraron en los cargos que ocupar\u00e1n por cuatro a\u00f1os como representantes locales de la Direcci\u00f3n General de Escuelas de la provincia. <\/p>\n\n\n\n<p>El secretario t\u00e9cnico, Sebasti\u00e1n Cosi, dio inicio a la sesi\u00f3n tras la lectura del acta y resoluci\u00f3n luego de la sesi\u00f3n preparatoria que el nuevo cuerpo de Consejeros Escolares llev\u00f3 adelante el lunes pasado. <\/p>\n\n\n\n<p>En la lectura se expres\u00f3 p\u00fablicamente la conformaci\u00f3n del cuerpo que encabeza Jos\u00e9 Luis Pisano como presidente del cuerpo, Daniel Ivaldis como vicepresidente, Soledad Alfredo en la secretar\u00eda del cuerpo, Mar\u00eda Florencia Comalini en la tesorer\u00eda, y los vocales Agust\u00edn Bavastro y Gustavo Freites. <\/p>\n\n\n\n<figure class=\"wp-block-image size-large\"><img loading=\"lazy\" decoding=\"async\" width=\"800\" height=\"534\" data-attachment-id=\"103900\" data-permalink=\"https:\/\/www.hoymercedes.com.ar\/principal\/2019\/12\/11\/nuevos-consejeros-escolares-juraron-sus-cargos-hasta-2023\/jura-ce-ivaldis-800x534\/#main\" data-orig-file=\"https:\/\/www.hoymercedes.com.ar\/principal\/wp-content\/uploads\/2019\/12\/Jura-CE-Ivaldis-800x534.jpg\" data-orig-size=\"800,534\" data-comments-opened=\"0\" data-image-meta=\"{&quot;aperture&quot;:&quot;0&quot;,&quot;credit&quot;:&quot;&quot;,&quot;camera&quot;:&quot;&quot;,&quot;caption&quot;:&quot;&quot;,&quot;created_timestamp&quot;:&quot;0&quot;,&quot;copyright&quot;:&quot;&quot;,&quot;focal_length&quot;:&quot;0&quot;,&quot;iso&quot;:&quot;0&quot;,&quot;shutter_speed&quot;:&quot;0&quot;,&quot;title&quot;:&quot;&quot;,&quot;orientation&quot;:&quot;0&quot;}\" data-image-title=\"Jura CE Ivaldis-800&amp;#215;534\" data-image-description=\"\" data-image-caption=\"\" data-large-file=\"https:\/\/www.hoymercedes.com.ar\/principal\/wp-content\/uploads\/2019\/12\/Jura-CE-Ivaldis-800x534.jpg\" src=\"https:\/\/www.hoymercedes.com.ar\/principal\/wp-content\/uploads\/2019\/12\/Jura-CE-Ivaldis-800x534.jpg\" alt=\"\" class=\"wp-image-103900\"\/><\/figure>\n\n\n\n<p>El primero en tomar juramento, fue el Consejero que renov\u00f3 su cargo cuatro a\u00f1os m\u00e1s y que fue designado como Presidente del cuerpo, Jos\u00e9 Luis Pisano. Quien le tom\u00f3 juramento fue el Secretario T\u00e9cnico Cosi. Seguidamente ser\u00eda Pisano el que le tom\u00f3 juramento a Ivaldis y a Comalini, el primero de Juntos por el Cambio y la segunda de Frente de Todos. Cada uno agreg\u00f3 en su juramento por quien m\u00e1s juraba teniendo en com\u00fan la educaci\u00f3n p\u00fablica. <\/p>\n\n\n\n<p>Luego, Pisano dirigir\u00eda unas palabras ante los presentes rompiendo con un protocolo que el Consejo Escolar no tiene establecido. \u201cEs muy importante la apertura de la toma de juramento de los nuevos consejeros para visibilizar un organismo que muchas veces es invisibilizado\u201d, expres\u00f3. <\/p>\n\n\n\n<p>\u201cNuestro objetivo es un Consejo Escolar a puertas abiertas. Que cada uno de los docentes, de los auxiliares, de los padres, pueda acercarse a presentar proyectos e inquietudes. Con el gobierno provincial y nacional comienza una transformaci\u00f3n del sistema educativo para retomar la senda de docentes que a lo largo de la historia han ido creando, construyendo, el sistema educativo. Pensando siempre que la \u00fanica herramienta capaz de transformar nuestra realidad es la educaci\u00f3n\u201d, agreg\u00f3 y agradeci\u00f3 a los presentes enfatizando en los consejeros que se despidieron, en los que est\u00e1n y en los que ingresan. <\/p>\n\n\n\n<figure class=\"wp-block-image size-large\"><img loading=\"lazy\" decoding=\"async\" width=\"800\" height=\"534\" data-attachment-id=\"103898\" data-permalink=\"https:\/\/www.hoymercedes.com.ar\/principal\/2019\/12\/11\/nuevos-consejeros-escolares-juraron-sus-cargos-hasta-2023\/jura-ce-comalini-800x534\/#main\" data-orig-file=\"https:\/\/www.hoymercedes.com.ar\/principal\/wp-content\/uploads\/2019\/12\/Jura-CE-Comalini-800x534.jpg\" data-orig-size=\"800,534\" data-comments-opened=\"0\" data-image-meta=\"{&quot;aperture&quot;:&quot;0&quot;,&quot;credit&quot;:&quot;&quot;,&quot;camera&quot;:&quot;&quot;,&quot;caption&quot;:&quot;&quot;,&quot;created_timestamp&quot;:&quot;0&quot;,&quot;copyright&quot;:&quot;&quot;,&quot;focal_length&quot;:&quot;0&quot;,&quot;iso&quot;:&quot;0&quot;,&quot;shutter_speed&quot;:&quot;0&quot;,&quot;title&quot;:&quot;&quot;,&quot;orientation&quot;:&quot;0&quot;}\" data-image-title=\"Jura CE Comalini-800&amp;#215;534\" data-image-description=\"\" data-image-caption=\"\" data-large-file=\"https:\/\/www.hoymercedes.com.ar\/principal\/wp-content\/uploads\/2019\/12\/Jura-CE-Comalini-800x534.jpg\" src=\"https:\/\/www.hoymercedes.com.ar\/principal\/wp-content\/uploads\/2019\/12\/Jura-CE-Comalini-800x534.jpg\" alt=\"\" class=\"wp-image-103898\"\/><\/figure>\n\n\n\n<p>Es as\u00ed como Pisano aprovech\u00f3 la oportunidad para darle un reconocimiento a Mat\u00edas G\u00f3mez que se retir\u00f3 del Consejo Escolar y que hab\u00eda anticipado que volver\u00e1 a dictar clases de matem\u00e1ticas en las distintas escuelas donde es titular como docente del nivel secundario. En tanto, destacar la labor de Ana Darritchon, \u201cpese a las diferencias\u201d que al terminar su per\u00edodo como Consejera debi\u00f3 volver a sus cargos en el nivel primario que a\u00fan no terminaron el ciclo lectivo. <\/p>\n\n\n\n<p>Como \u00faltimo, el flamante presidente del Consejo Escolar destac\u00f3 que los integrantes del organismo \u201cdejan de lado las diferencias ideol\u00f3gicas\u201d para comenzar con el trabajo \u201cen defensa de la educaci\u00f3n p\u00fablica y en la resoluci\u00f3n de los problemas de los alumnos\u201d. <\/p>\n\n\n\n<figure class=\"wp-block-image size-large\"><img loading=\"lazy\" decoding=\"async\" width=\"800\" height=\"534\" data-attachment-id=\"103897\" data-permalink=\"https:\/\/www.hoymercedes.com.ar\/principal\/2019\/12\/11\/nuevos-consejeros-escolares-juraron-sus-cargos-hasta-2023\/jura-ce-consejo-escolar-800x534\/#main\" data-orig-file=\"https:\/\/www.hoymercedes.com.ar\/principal\/wp-content\/uploads\/2019\/12\/Jura-CE-Consejo-Escolar-800x534.jpg\" data-orig-size=\"800,534\" data-comments-opened=\"0\" data-image-meta=\"{&quot;aperture&quot;:&quot;0&quot;,&quot;credit&quot;:&quot;&quot;,&quot;camera&quot;:&quot;&quot;,&quot;caption&quot;:&quot;&quot;,&quot;created_timestamp&quot;:&quot;0&quot;,&quot;copyright&quot;:&quot;&quot;,&quot;focal_length&quot;:&quot;0&quot;,&quot;iso&quot;:&quot;0&quot;,&quot;shutter_speed&quot;:&quot;0&quot;,&quot;title&quot;:&quot;&quot;,&quot;orientation&quot;:&quot;0&quot;}\" data-image-title=\"Jura CE Consejo Escolar-800&amp;#215;534\" data-image-description=\"\" data-image-caption=\"\" data-large-file=\"https:\/\/www.hoymercedes.com.ar\/principal\/wp-content\/uploads\/2019\/12\/Jura-CE-Consejo-Escolar-800x534.jpg\" src=\"https:\/\/www.hoymercedes.com.ar\/principal\/wp-content\/uploads\/2019\/12\/Jura-CE-Consejo-Escolar-800x534.jpg\" alt=\"\" class=\"wp-image-103897\"\/><\/figure>\n","protected":false},"excerpt":{"rendered":"<p>Florencia Comalini, Daniel Ivaldis y Jos\u00e9 Luis Pisano tomaron juramento como Consejeros Escolares. Se le suman a Soledad Alfredo, Gustavo &#8230; <a title=\"Nuevos Consejeros Escolares juraron sus cargos hasta 2023\" class=\"read-more\" href=\"https:\/\/www.hoymercedes.com.ar\/principal\/2019\/12\/11\/nuevos-consejeros-escolares-juraron-sus-cargos-hasta-2023\/\" aria-label=\"Leer m\u00e1s sobre Nuevos Consejeros Escolares juraron sus cargos hasta 2023\">Leer m\u00e1s<\/a><\/p>\n","protected":false},"author":1,"featured_media":103897,"comment_status":"closed","ping_status":"open","sticky":false,"template":"","format":"standard","meta":{"_monsterinsights_skip_tracking":false,"_monsterinsights_sitenote_active":false,"_monsterinsights_sitenote_note":"","_monsterinsights_sitenote_category":0,"jetpack_post_was_ever_published":false,"_jetpack_newsletter_access":"","_jetpack_dont_email_post_to_subs":false,"_jetpack_newsletter_tier_id":0,"_jetpack_memberships_contains_paywalled_content":false,"_jetpack_memberships_contains_paid_content":false,"footnotes":"","jetpack_publicize_message":"","jetpack_publicize_feature_enabled":true,"jetpack_social_post_already_shared":true,"jetpack_social_options":{"image_generator_settings":{"template":"highway","default_image_id":0,"font":"","enabled":false},"version":2},"_wpas_customize_per_network":false},"categories":[23],"tags":[],"class_list":["post-103895","post","type-post","status-publish","format-standard","has-post-thumbnail","hentry","category-educacion","generate-columns","tablet-grid-50","mobile-grid-100","grid-parent","grid-50"],"jetpack_publicize_connections":[],"jetpack_featured_media_url":"https:\/\/www.hoymercedes.com.ar\/principal\/wp-content\/uploads\/2019\/12\/Jura-CE-Consejo-Escolar-800x534.jpg","wps_subtitle":"Autoridades educativas","jetpack_sharing_enabled":true,"_links":{"self":[{"href":"https:\/\/www.hoymercedes.com.ar\/principal\/wp-json\/wp\/v2\/posts\/103895","targetHints":{"allow":["GET"]}}],"collection":[{"href":"https:\/\/www.hoymercedes.com.ar\/principal\/wp-json\/wp\/v2\/posts"}],"about":[{"href":"https:\/\/www.hoymercedes.com.ar\/principal\/wp-json\/wp\/v2\/types\/post"}],"author":[{"embeddable":true,"href":"https:\/\/www.hoymercedes.com.ar\/principal\/wp-json\/wp\/v2\/users\/1"}],"replies":[{"embeddable":true,"href":"https:\/\/www.hoymercedes.com.ar\/principal\/wp-json\/wp\/v2\/comments?post=103895"}],"version-history":[{"count":0,"href":"https:\/\/www.hoymercedes.com.ar\/principal\/wp-json\/wp\/v2\/posts\/103895\/revisions"}],"wp:featuredmedia":[{"embeddable":true,"href":"https:\/\/www.hoymercedes.com.ar\/principal\/wp-json\/wp\/v2\/media\/103897"}],"wp:attachment":[{"href":"https:\/\/www.hoymercedes.com.ar\/principal\/wp-json\/wp\/v2\/media?parent=103895"}],"wp:term":[{"taxonomy":"category","embeddable":true,"href":"https:\/\/www.hoymercedes.com.ar\/principal\/wp-json\/wp\/v2\/categories?post=103895"},{"taxonomy":"post_tag","embeddable":true,"href":"https:\/\/www.hoymercedes.com.ar\/principal\/wp-json\/wp\/v2\/tags?post=103895"}],"curies":[{"name":"wp","href":"https:\/\/api.w.org\/{rel}","templated":true}]}}