{"id":103939,"date":"2019-12-13T07:06:42","date_gmt":"2019-12-13T10:06:42","guid":{"rendered":"http:\/\/www.hoymercedes.com.ar\/principal\/?p=103939"},"modified":"2019-12-12T18:14:51","modified_gmt":"2019-12-12T21:14:51","slug":"el-torneo-de-del-progreso-cada-vez-mas-cerca-de-la-definicion","status":"publish","type":"post","link":"https:\/\/www.hoymercedes.com.ar\/principal\/2019\/12\/13\/el-torneo-de-del-progreso-cada-vez-mas-cerca-de-la-definicion\/","title":{"rendered":"El torneo de Del Progreso, cada vez m\u00e1s cerca de la definici\u00f3n"},"content":{"rendered":"\n<p>En Club Del Progreso se realiz\u00f3 la quinta jornada del torneo Cierre de A\u00f1o de Ajedrez, que hasta el momento tiene tres punteros. Este viernes se jugar\u00e1 la Sexta fecha.<\/p>\n\n\n\n<figure class=\"wp-block-gallery columns-3 is-cropped wp-block-gallery-1 is-layout-flex wp-block-gallery-is-layout-flex\"><ul class=\"blocks-gallery-grid\"><li class=\"blocks-gallery-item\"><figure><img loading=\"lazy\" decoding=\"async\" width=\"1280\" height=\"960\" data-attachment-id=\"103940\" data-permalink=\"https:\/\/www.hoymercedes.com.ar\/principal\/2019\/12\/13\/el-torneo-de-del-progreso-cada-vez-mas-cerca-de-la-definicion\/79461986_3072137489480713_5415403712384335872_n-1\/#main\" data-orig-file=\"https:\/\/www.hoymercedes.com.ar\/principal\/wp-content\/uploads\/2019\/12\/79461986_3072137489480713_5415403712384335872_n-1.jpg\" data-orig-size=\"1280,960\" data-comments-opened=\"0\" data-image-meta=\"{&quot;aperture&quot;:&quot;0&quot;,&quot;credit&quot;:&quot;&quot;,&quot;camera&quot;:&quot;&quot;,&quot;caption&quot;:&quot;&quot;,&quot;created_timestamp&quot;:&quot;0&quot;,&quot;copyright&quot;:&quot;&quot;,&quot;focal_length&quot;:&quot;0&quot;,&quot;iso&quot;:&quot;0&quot;,&quot;shutter_speed&quot;:&quot;0&quot;,&quot;title&quot;:&quot;&quot;,&quot;orientation&quot;:&quot;0&quot;}\" data-image-title=\"79461986_3072137489480713_5415403712384335872_n-1\" data-image-description=\"\" data-image-caption=\"\" data-large-file=\"https:\/\/www.hoymercedes.com.ar\/principal\/wp-content\/uploads\/2019\/12\/79461986_3072137489480713_5415403712384335872_n-1.jpg\" src=\"https:\/\/www.hoymercedes.com.ar\/principal\/wp-content\/uploads\/2019\/12\/79461986_3072137489480713_5415403712384335872_n-1.jpg\" alt=\"\" data-id=\"103940\" data-link=\"https:\/\/www.hoymercedes.com.ar\/principal\/?attachment_id=103940\" class=\"wp-image-103940\"\/><\/figure><\/li><li class=\"blocks-gallery-item\"><figure><img loading=\"lazy\" decoding=\"async\" width=\"1280\" height=\"960\" data-attachment-id=\"103941\" data-permalink=\"https:\/\/www.hoymercedes.com.ar\/principal\/2019\/12\/13\/el-torneo-de-del-progreso-cada-vez-mas-cerca-de-la-definicion\/79110946_768397653624867_7782481646590099456_n-1\/#main\" data-orig-file=\"https:\/\/www.hoymercedes.com.ar\/principal\/wp-content\/uploads\/2019\/12\/79110946_768397653624867_7782481646590099456_n-1.jpg\" data-orig-size=\"1280,960\" data-comments-opened=\"0\" data-image-meta=\"{&quot;aperture&quot;:&quot;0&quot;,&quot;credit&quot;:&quot;&quot;,&quot;camera&quot;:&quot;&quot;,&quot;caption&quot;:&quot;&quot;,&quot;created_timestamp&quot;:&quot;0&quot;,&quot;copyright&quot;:&quot;&quot;,&quot;focal_length&quot;:&quot;0&quot;,&quot;iso&quot;:&quot;0&quot;,&quot;shutter_speed&quot;:&quot;0&quot;,&quot;title&quot;:&quot;&quot;,&quot;orientation&quot;:&quot;0&quot;}\" data-image-title=\"79110946_768397653624867_7782481646590099456_n-1\" data-image-description=\"\" data-image-caption=\"\" data-large-file=\"https:\/\/www.hoymercedes.com.ar\/principal\/wp-content\/uploads\/2019\/12\/79110946_768397653624867_7782481646590099456_n-1.jpg\" src=\"https:\/\/www.hoymercedes.com.ar\/principal\/wp-content\/uploads\/2019\/12\/79110946_768397653624867_7782481646590099456_n-1.jpg\" alt=\"\" data-id=\"103941\" data-link=\"https:\/\/www.hoymercedes.com.ar\/principal\/?attachment_id=103941\" class=\"wp-image-103941\"\/><\/figure><\/li><li class=\"blocks-gallery-item\"><figure><img loading=\"lazy\" decoding=\"async\" width=\"1280\" height=\"960\" data-attachment-id=\"103942\" data-permalink=\"https:\/\/www.hoymercedes.com.ar\/principal\/2019\/12\/13\/el-torneo-de-del-progreso-cada-vez-mas-cerca-de-la-definicion\/78991897_560695074508103_4892491736154112_n-1\/#main\" data-orig-file=\"https:\/\/www.hoymercedes.com.ar\/principal\/wp-content\/uploads\/2019\/12\/78991897_560695074508103_4892491736154112_n-1.jpg\" data-orig-size=\"1280,960\" data-comments-opened=\"0\" data-image-meta=\"{&quot;aperture&quot;:&quot;0&quot;,&quot;credit&quot;:&quot;&quot;,&quot;camera&quot;:&quot;&quot;,&quot;caption&quot;:&quot;&quot;,&quot;created_timestamp&quot;:&quot;0&quot;,&quot;copyright&quot;:&quot;&quot;,&quot;focal_length&quot;:&quot;0&quot;,&quot;iso&quot;:&quot;0&quot;,&quot;shutter_speed&quot;:&quot;0&quot;,&quot;title&quot;:&quot;&quot;,&quot;orientation&quot;:&quot;0&quot;}\" data-image-title=\"78991897_560695074508103_4892491736154112_n-1\" data-image-description=\"\" data-image-caption=\"\" data-large-file=\"https:\/\/www.hoymercedes.com.ar\/principal\/wp-content\/uploads\/2019\/12\/78991897_560695074508103_4892491736154112_n-1.jpg\" src=\"https:\/\/www.hoymercedes.com.ar\/principal\/wp-content\/uploads\/2019\/12\/78991897_560695074508103_4892491736154112_n-1.jpg\" alt=\"\" data-id=\"103942\" data-link=\"https:\/\/www.hoymercedes.com.ar\/principal\/?attachment_id=103942\" class=\"wp-image-103942\"\/><\/figure><\/li><\/ul><\/figure>\n","protected":false},"excerpt":{"rendered":"<p>En Club Del Progreso se realiz\u00f3 la quinta jornada del torneo Cierre de A\u00f1o de Ajedrez, que hasta el momento &#8230; <a title=\"El torneo de Del Progreso, cada vez m\u00e1s cerca de la definici\u00f3n\" class=\"read-more\" href=\"https:\/\/www.hoymercedes.com.ar\/principal\/2019\/12\/13\/el-torneo-de-del-progreso-cada-vez-mas-cerca-de-la-definicion\/\" aria-label=\"Leer m\u00e1s sobre El torneo de Del Progreso, cada vez m\u00e1s cerca de la definici\u00f3n\">Leer m\u00e1s<\/a><\/p>\n","protected":false},"author":1,"featured_media":103940,"comment_status":"closed","ping_status":"open","sticky":false,"template":"","format":"standard","meta":{"_monsterinsights_skip_tracking":false,"_monsterinsights_sitenote_active":false,"_monsterinsights_sitenote_note":"","_monsterinsights_sitenote_category":0,"jetpack_post_was_ever_published":false,"_jetpack_newsletter_access":"","_jetpack_dont_email_post_to_subs":false,"_jetpack_newsletter_tier_id":0,"_jetpack_memberships_contains_paywalled_content":false,"_jetpack_memberships_contains_paid_content":false,"footnotes":"","jetpack_publicize_message":"","jetpack_publicize_feature_enabled":true,"jetpack_social_post_already_shared":true,"jetpack_social_options":{"image_generator_settings":{"template":"highway","default_image_id":0,"font":"","enabled":false},"version":2},"_wpas_customize_per_network":false},"categories":[21],"tags":[9871],"class_list":["post-103939","post","type-post","status-publish","format-standard","has-post-thumbnail","hentry","category-deportes","tag-ajedrez","generate-columns","tablet-grid-50","mobile-grid-100","grid-parent","grid-50"],"jetpack_publicize_connections":[],"jetpack_featured_media_url":"https:\/\/www.hoymercedes.com.ar\/principal\/wp-content\/uploads\/2019\/12\/79461986_3072137489480713_5415403712384335872_n-1.jpg","wps_subtitle":"Ajedrez","jetpack_sharing_enabled":true,"jetpack-related-posts":[{"id":68736,"url":"https:\/\/www.hoymercedes.com.ar\/principal\/2017\/10\/25\/comenzo-un-nuevo-torneo-de-ajedrez-en-del-progreso\/","url_meta":{"origin":103939,"position":0},"title":"Comenz\u00f3 un nuevo torneo de Ajedrez en Del Progreso","author":"hoymercedes","date":"25 octubre, 2017","format":false,"excerpt":"Como ocurri\u00f3 entre Oto\u00f1o - Invierno, este viernes por la noche comenz\u00f3 a disputarse un nuevo torneo de ajedrez en Club Del Progreso con una primera fecha en la que s\u00f3lo se disputaron cuatro encuentros. Mart\u00edn Gioscio venci\u00f3 a Daniel Picardi, Ariel Quijano a Ling Ming Fu, Francisco Viola a\u2026","rel":"","context":"En \u00abDeportes\u00bb","block_context":{"text":"Deportes","link":"https:\/\/www.hoymercedes.com.ar\/principal\/category\/deportes\/"},"img":{"alt_text":"","src":"","width":0,"height":0},"classes":[]},{"id":75287,"url":"https:\/\/www.hoymercedes.com.ar\/principal\/2018\/05\/02\/este-viernes-comienza-un-nuevo-torneo-de-ajedrez-en-del-progreso\/","url_meta":{"origin":103939,"position":1},"title":"Este viernes comienza un nuevo torneo de ajedrez en Del Progreso","author":"hoymercedes","date":"2 mayo, 2018","format":false,"excerpt":"La Escuela de Ajedrez Pe\u00f3n R\u00e1pido organiz\u00f3 el torneo de Ajedrez \"Abierto de Oto\u00f1o\", que se llevar\u00e1 a cabo durante siete viernes consecutivos en el Club Del Progreso. El certamen se jugar\u00e1 con sistema suizo a siete rondas y el ritmo de juego es de 90 minutos por jugador. Habr\u00e1\u2026","rel":"","context":"En \u00abDeportes\u00bb","block_context":{"text":"Deportes","link":"https:\/\/www.hoymercedes.com.ar\/principal\/category\/deportes\/"},"img":{"alt_text":"","src":"https:\/\/i0.wp.com\/www.hoymercedes.com.ar\/principal\/wp-content\/uploads\/2018\/05\/24116551_1688783077833055_1160445831_o.jpg?resize=350%2C200&ssl=1","width":350,"height":200,"srcset":"https:\/\/i0.wp.com\/www.hoymercedes.com.ar\/principal\/wp-content\/uploads\/2018\/05\/24116551_1688783077833055_1160445831_o.jpg?resize=350%2C200&ssl=1 1x, https:\/\/i0.wp.com\/www.hoymercedes.com.ar\/principal\/wp-content\/uploads\/2018\/05\/24116551_1688783077833055_1160445831_o.jpg?resize=525%2C300&ssl=1 1.5x, https:\/\/i0.wp.com\/www.hoymercedes.com.ar\/principal\/wp-content\/uploads\/2018\/05\/24116551_1688783077833055_1160445831_o.jpg?resize=700%2C400&ssl=1 2x, https:\/\/i0.wp.com\/www.hoymercedes.com.ar\/principal\/wp-content\/uploads\/2018\/05\/24116551_1688783077833055_1160445831_o.jpg?resize=1050%2C600&ssl=1 3x"},"classes":[]},{"id":98790,"url":"https:\/\/www.hoymercedes.com.ar\/principal\/2019\/08\/24\/abierta-la-inscripcion-para-el-torneo-de-ajedrez-en-del-progreso\/","url_meta":{"origin":103939,"position":2},"title":"Abierta la inscripci\u00f3n para el torneo de ajedrez en Del Progreso","author":"hoymercedes","date":"24 agosto, 2019","format":false,"excerpt":"Luego de un primer semestre sin actividad, desde Club Del Progreso dieron a conocer el comienzo del primer torneo de ajedrez del a\u00f1o que tendr\u00e1 el nombre de Ciudad de Mercedes y repartir\u00e1 premios para los tres que completen el podio. Se jugar\u00e1 con sistema suizo a 7 rondas y\u2026","rel":"","context":"En \u00abDeportes\u00bb","block_context":{"text":"Deportes","link":"https:\/\/www.hoymercedes.com.ar\/principal\/category\/deportes\/"},"img":{"alt_text":"","src":"https:\/\/i0.wp.com\/www.hoymercedes.com.ar\/principal\/wp-content\/uploads\/2018\/05\/Ajedrez-Del-Progreso-Ronda-2-Oto%C3%B1o-2018.jpg?resize=350%2C200&ssl=1","width":350,"height":200,"srcset":"https:\/\/i0.wp.com\/www.hoymercedes.com.ar\/principal\/wp-content\/uploads\/2018\/05\/Ajedrez-Del-Progreso-Ronda-2-Oto%C3%B1o-2018.jpg?resize=350%2C200&ssl=1 1x, https:\/\/i0.wp.com\/www.hoymercedes.com.ar\/principal\/wp-content\/uploads\/2018\/05\/Ajedrez-Del-Progreso-Ronda-2-Oto%C3%B1o-2018.jpg?resize=525%2C300&ssl=1 1.5x, https:\/\/i0.wp.com\/www.hoymercedes.com.ar\/principal\/wp-content\/uploads\/2018\/05\/Ajedrez-Del-Progreso-Ronda-2-Oto%C3%B1o-2018.jpg?resize=700%2C400&ssl=1 2x, https:\/\/i0.wp.com\/www.hoymercedes.com.ar\/principal\/wp-content\/uploads\/2018\/05\/Ajedrez-Del-Progreso-Ronda-2-Oto%C3%B1o-2018.jpg?resize=1050%2C600&ssl=1 3x"},"classes":[]},{"id":80691,"url":"https:\/\/www.hoymercedes.com.ar\/principal\/2018\/09\/06\/un-nuevo-torneo-de-ajedrez-comienza-en-del-progreso\/","url_meta":{"origin":103939,"position":3},"title":"Un nuevo torneo de Ajedrez comienza en Del Progreso","author":"hoymercedes","date":"6 septiembre, 2018","format":false,"excerpt":"Una vez m\u00e1s, la Escuela de Ajedrez Pe\u00f3n R\u00e1pido, organiz\u00f3 un torneo que se llevar\u00e1 a cabo en el Club Del Progreso y que se denominar\u00e1 Septiembre 2018 y que nuevamente, como los que habitualmente se juegan en la sede de calle 25, ser\u00e1 con sistema Suizo, a siete rondas.\u2026","rel":"","context":"En \u00abDeportes\u00bb","block_context":{"text":"Deportes","link":"https:\/\/www.hoymercedes.com.ar\/principal\/category\/deportes\/"},"img":{"alt_text":"","src":"https:\/\/i0.wp.com\/www.hoymercedes.com.ar\/principal\/wp-content\/uploads\/2018\/09\/40642289_542614946173673_7654696937785917440_n.jpg?resize=350%2C200","width":350,"height":200},"classes":[]},{"id":102223,"url":"https:\/\/www.hoymercedes.com.ar\/principal\/2019\/11\/12\/el-segundo-torneo-del-ano-en-del-progreso-esta-en-marcha\/","url_meta":{"origin":103939,"position":4},"title":"El segundo torneo del a\u00f1o en Del Progreso est\u00e1 en marcha","author":"hoymercedes","date":"12 noviembre, 2019","format":false,"excerpt":"Comenz\u00f3 el segundo torneo de Ajedrez en Club Del Progreso este viernes por la noche que se denominar\u00e1 \"Cierre de A\u00f1o\" que, como acostumbra a jugarse, ser\u00e1 en siete rondas, con sistema Suizo y un ritmo de juego de 90 minutos por jugador. Adem\u00e1s, este viernes 15, el ajedrecista Francisco\u2026","rel":"","context":"En \u00abDeportes\u00bb","block_context":{"text":"Deportes","link":"https:\/\/www.hoymercedes.com.ar\/principal\/category\/deportes\/"},"img":{"alt_text":"","src":"https:\/\/i0.wp.com\/www.hoymercedes.com.ar\/principal\/wp-content\/uploads\/2019\/11\/74802915_1190469221147864_1891129518391820288_n.jpg?resize=350%2C200&ssl=1","width":350,"height":200,"srcset":"https:\/\/i0.wp.com\/www.hoymercedes.com.ar\/principal\/wp-content\/uploads\/2019\/11\/74802915_1190469221147864_1891129518391820288_n.jpg?resize=350%2C200&ssl=1 1x, https:\/\/i0.wp.com\/www.hoymercedes.com.ar\/principal\/wp-content\/uploads\/2019\/11\/74802915_1190469221147864_1891129518391820288_n.jpg?resize=525%2C300&ssl=1 1.5x, https:\/\/i0.wp.com\/www.hoymercedes.com.ar\/principal\/wp-content\/uploads\/2019\/11\/74802915_1190469221147864_1891129518391820288_n.jpg?resize=700%2C400&ssl=1 2x, https:\/\/i0.wp.com\/www.hoymercedes.com.ar\/principal\/wp-content\/uploads\/2019\/11\/74802915_1190469221147864_1891129518391820288_n.jpg?resize=1050%2C600&ssl=1 3x"},"classes":[]},{"id":53328,"url":"https:\/\/www.hoymercedes.com.ar\/principal\/2016\/08\/10\/inicia-torneo-de-ajedrez-de-invierno\/","url_meta":{"origin":103939,"position":5},"title":"Inicia torneo de Ajedrez de Invierno","author":"hoymercedes","date":"10 agosto, 2016","format":false,"excerpt":"La Escuela de Ajedrez, \"Pe\u00f3n R\u00e1pido\" organiza un nuevo \"Torneo Abierto de Ajedrez\" en el Club Del Progreso, con el auspicio de \u00e9ste. El abierto de invierno 2016, comenzar\u00e1 el martes 16 de agosto, en la sede del club en calle 25 N\u00ba523 \u00a0de Mercedes.\u00a0 El torneo se jugar\u00e1 con\u2026","rel":"","context":"En \u00abCiudad\u00bb","block_context":{"text":"Ciudad","link":"https:\/\/www.hoymercedes.com.ar\/principal\/category\/ciudad\/"},"img":{"alt_text":"","src":"","width":0,"height":0},"classes":[]}],"_links":{"self":[{"href":"https:\/\/www.hoymercedes.com.ar\/principal\/wp-json\/wp\/v2\/posts\/103939","targetHints":{"allow":["GET"]}}],"collection":[{"href":"https:\/\/www.hoymercedes.com.ar\/principal\/wp-json\/wp\/v2\/posts"}],"about":[{"href":"https:\/\/www.hoymercedes.com.ar\/principal\/wp-json\/wp\/v2\/types\/post"}],"author":[{"embeddable":true,"href":"https:\/\/www.hoymercedes.com.ar\/principal\/wp-json\/wp\/v2\/users\/1"}],"replies":[{"embeddable":true,"href":"https:\/\/www.hoymercedes.com.ar\/principal\/wp-json\/wp\/v2\/comments?post=103939"}],"version-history":[{"count":0,"href":"https:\/\/www.hoymercedes.com.ar\/principal\/wp-json\/wp\/v2\/posts\/103939\/revisions"}],"wp:featuredmedia":[{"embeddable":true,"href":"https:\/\/www.hoymercedes.com.ar\/principal\/wp-json\/wp\/v2\/media\/103940"}],"wp:attachment":[{"href":"https:\/\/www.hoymercedes.com.ar\/principal\/wp-json\/wp\/v2\/media?parent=103939"}],"wp:term":[{"taxonomy":"category","embeddable":true,"href":"https:\/\/www.hoymercedes.com.ar\/principal\/wp-json\/wp\/v2\/categories?post=103939"},{"taxonomy":"post_tag","embeddable":true,"href":"https:\/\/www.hoymercedes.com.ar\/principal\/wp-json\/wp\/v2\/tags?post=103939"}],"curies":[{"name":"wp","href":"https:\/\/api.w.org\/{rel}","templated":true}]}}