{"id":103988,"date":"2019-12-13T12:19:28","date_gmt":"2019-12-13T15:19:28","guid":{"rendered":"http:\/\/www.hoymercedes.com.ar\/principal\/?p=103988"},"modified":"2019-12-13T12:35:58","modified_gmt":"2019-12-13T15:35:58","slug":"el-comercio-mercedino-festeja-sorprende-y-dara-regalos-a-sus-clientes","status":"publish","type":"post","link":"https:\/\/www.hoymercedes.com.ar\/principal\/2019\/12\/13\/el-comercio-mercedino-festeja-sorprende-y-dara-regalos-a-sus-clientes\/","title":{"rendered":"El Comercio Mercedino festeja, sorprende y dar\u00e1 regalos a sus clientes"},"content":{"rendered":"\n<p><em>Entre las 19 y las 23 horas de este s\u00e1bado 14, la calle 25 y calles aleda\u00f1as ser\u00e1n espacios para compartir la Fiesta del Comercio Mercedino. Los vecinos podr\u00e1n participar de sorteos y sorpresas que m\u00e1s de 90 comercios proponen anticipando las fiestas de fin de a\u00f1o. <\/em><\/p>\n\n\n\n<figure class=\"wp-block-image size-large\"><img loading=\"lazy\" decoding=\"async\" width=\"800\" height=\"450\" data-attachment-id=\"103989\" data-permalink=\"https:\/\/www.hoymercedes.com.ar\/principal\/2019\/12\/13\/el-comercio-mercedino-festeja-sorprende-y-dara-regalos-a-sus-clientes\/img-20191212-wa0013\/#main\" data-orig-file=\"https:\/\/www.hoymercedes.com.ar\/principal\/wp-content\/uploads\/2019\/12\/IMG-20191212-WA0013.jpg\" data-orig-size=\"800,450\" data-comments-opened=\"0\" data-image-meta=\"{&quot;aperture&quot;:&quot;0&quot;,&quot;credit&quot;:&quot;&quot;,&quot;camera&quot;:&quot;&quot;,&quot;caption&quot;:&quot;&quot;,&quot;created_timestamp&quot;:&quot;0&quot;,&quot;copyright&quot;:&quot;&quot;,&quot;focal_length&quot;:&quot;0&quot;,&quot;iso&quot;:&quot;0&quot;,&quot;shutter_speed&quot;:&quot;0&quot;,&quot;title&quot;:&quot;&quot;,&quot;orientation&quot;:&quot;0&quot;}\" data-image-title=\"IMG-20191212-WA0013\" data-image-description=\"\" data-image-caption=\"\" data-large-file=\"https:\/\/www.hoymercedes.com.ar\/principal\/wp-content\/uploads\/2019\/12\/IMG-20191212-WA0013.jpg\" src=\"https:\/\/www.hoymercedes.com.ar\/principal\/wp-content\/uploads\/2019\/12\/IMG-20191212-WA0013.jpg\" alt=\"\" class=\"wp-image-103989\"\/><\/figure>\n\n\n\n<p>Durante\nla tarde del s\u00e1bado 14 de diciembre, la calle 25 ser\u00e1 el epicentro de la Fiesta\ndel Comercio Mercedino. Entre las calles 16 y 26, la arteria c\u00e9ntrica ser\u00e1\npeatonal para que los clientes de los comercios locales aprovechen la comodidad\nde caminar y comprar a cielo abierto. <\/p>\n\n\n\n<p>A trav\u00e9s\nde una conferencia de prensa, la C\u00e1mara Econ\u00f3mica Mercedina acompa\u00f1ada por la\nDirecci\u00f3n de Turismo, ampliaron la invitaci\u00f3n a todos los vecinos a compartir\nla acci\u00f3n comercial que se llevar\u00e1 a cabo a partir de la hora 19. <\/p>\n\n\n\n<p>El\nGerente de la CEM, Ariel Pietrucha, junto a Natalia Facciolo&nbsp; y Adri\u00e1n Marenco ambos de la Comisi\u00f3n\nDirectiva de la C\u00e1mara Econ\u00f3mica, y&nbsp; el\nDirector de Turismo Municipal Mart\u00edn Boragno explicaron que entre las 19 y las\n23 horas, la calle 25, entre calles 16 y 26, ser\u00e1 peatonal. \u201cDentro de esa franja\nhoraria se realizar\u00e1n distintas acciones comerciales que atraer\u00e1n a los\nclientes al centro comercial\u201d, expres\u00f3 Pietrucha. <\/p>\n\n\n\n<p>\u201cDurante\nla tarde, adem\u00e1s, habr\u00e1 espect\u00e1culos musicales en vivo, patios de comidas y\ncerveza. Tendremos sorteos durante esas horas. El premio m\u00e1s importante es una\nmoto, pero tambi\u00e9n habr\u00e1 \u00f3rdenes de compra dispuestos por los comerciantes que\nse sumaron. Son m\u00e1s de 90 comercios y emprendimientos que adhirieron a la\npropuesta y tendr\u00e1n sorpresas para sus clientes en ese d\u00eda\u201d, agreg\u00f3 el gerente\nde la C\u00e1mara Econ\u00f3mica. <\/p>\n\n\n\n<p>Por su\nparte, los dos socios de la CEM presentes, Natalia Facciolo y Adri\u00e1n Marenco,\ndestacaron que la propuesta busca revalorizar el \u201ccompre mercedino\u201d, unificar a\nlos comerciantes de la calle 25, y \u201crevalorizar la Navidad para que la familia\ntenga un ambiente para compartir y no hacer todo a \u00faltimo momento y puedan\nadelantar sus compras de fin de a\u00f1o\u201d. <\/p>\n\n\n\n<p>Por su\nparte, Boragno del Municipio, destac\u00f3 la propuesta de la C\u00e1mara Econ\u00f3mica para\nestablecerlo dentro del cronograma anual de actividades de la comuna. \u201cTal como\nlo est\u00e1n los comerciantes, nosotros desde el Municipio, estamos comprometidos\ncon las distintas \u00e1reas involucradas para el evento del s\u00e1bado. Ojala este\nevento sea una fecha para quedarse y buscar ampliarla para el D\u00eda del Padre, de\nla Madre o del Ni\u00f1o\u201d, resalt\u00f3 el responsable de Turismo del Municipio. <\/p>\n\n\n\n<p><strong>Bonos para el sorteo<\/strong><\/p>\n\n\n\n<p>Los comercios y empresas que estar\u00e1n entregando bonos para participar\ndel sorteo del d\u00eda s\u00e1bado 14 de diciembre son: La Boutique (25 N\u00b0 592); Puntos\nCardinales (25 N\u00b0 471); Litlle House (25 n\u00b0 528 local 8); Calzados Simon (24 N\u00b0\n636); Diet\u00e9tica El Granero (25 N\u00b0 486); Librer\u00eda Canali (Galer\u00eda Jardin por\ncalle 22); Ni Fu Ni Fa (25 N\u00b0 528); Mora Morita (25 e\/ 22 y 24 Galer\u00eda Jard\u00edn);\nEmotiva (26 N\u00b0 471); Legacy (26 y 25); \u00d3ptica Smith (25 N\u00b0 518); La Catedral 25\ne\/ 24 y 22); Una Pasi\u00f3n (25 N\u00b0 522); La Roca (22 y 25); Bohemia (24 N\u00b0 562);\nPuerto Nogal (25 N\u00b0 492); Gigi (25 N\u00b0 482); Peperina (25 e\/ 22 y 24); Gabisor\n(25 N\u00b0 389).<br>\nTambi\u00e9n en Paolo Massi (25 N\u00b0 479); Valeria Martin (25 N\u00b0 489); Moor (24 N\u00b0\n622); Restar (25 N\u00b0 569); Etikka (25 N\u00b0 338); Mimo &amp; Co (25 N\u00b0 535); Frida\nKahlo (25 N\u00b0 523); Freedom (25 N\u00b0 983); Bijouterie \u00c1frica (25 N\u00b0 369);&nbsp;\nCrash (25 N\u00b0 693); 18 Kilates (25 N\u00b0 458); \u00d3ptica Dagnino (25 N\u00b0 572); Entr\u00e1 y\nMir\u00e1 (25 e\/22 y 24 local 2); Compucenter (16 N\u00b0 587); Magadan (24 casi 25);\nCamila (25 e\/ 16 y 18); Madre Selva (21 N\u00b0 753); Kiosco Drugstore (25 N\u00b0 396);\nTodo Color Pinturer\u00eda (18 N\u00b0 620); Simona (26 N\u00b0 575); Casa Tomas (22 e\/ 29 y\n27): La Casa de Claudia (16 y 25); SyP B\u00e1sicos (25 e\/26 y28); Giro Did\u00e1ctico\n(24 N\u00b0 382); Rosario Pl\u00e1stico (17 e\/ 12 y 14); Veterinaria Colota (22 N\u00b0 583);\nOxi-Mercedes (31 e\/ 12 y 14); AMueblaMe Mucho (22 N\u00b0 290); Neukar (20 N\u00b0 411);\n\u00d3ptica Subigaray (20 N\u00b0 707); Prodelimp (26 N\u00b0 991); El S\u00faper Anfitri\u00f3n (12\ne\/29 y 27); Mercedes Rodamiento (14 N\u00b0 596); Corral\u00f3n Los Abuelos (22 bis N\u00b0\n3356); Vidrios Mercedes (2 N\u00b0 3527); Casa Lor\u00e9 (29 y 12); Clonaquim (2 y\n1), Distribuidora\nLudmarc (24 N\u00b0 3169), Now Sport (27 N\u00b0 375), Lombardi Abel S.A. (18 y\n25) y Salve Regina (20 e\/23 y 25). <\/p>\n","protected":false},"excerpt":{"rendered":"<p>Entre las 19 y las 23 horas de este s\u00e1bado 14, la calle 25 y calles aleda\u00f1as ser\u00e1n espacios para &#8230; <a title=\"El Comercio Mercedino festeja, sorprende y dar\u00e1 regalos a sus clientes\" class=\"read-more\" href=\"https:\/\/www.hoymercedes.com.ar\/principal\/2019\/12\/13\/el-comercio-mercedino-festeja-sorprende-y-dara-regalos-a-sus-clientes\/\" aria-label=\"Leer m\u00e1s sobre El Comercio Mercedino festeja, sorprende y dar\u00e1 regalos a sus clientes\">Leer m\u00e1s<\/a><\/p>\n","protected":false},"author":1,"featured_media":103989,"comment_status":"closed","ping_status":"open","sticky":false,"template":"","format":"standard","meta":{"_monsterinsights_skip_tracking":false,"_monsterinsights_sitenote_active":false,"_monsterinsights_sitenote_note":"","_monsterinsights_sitenote_category":0,"jetpack_post_was_ever_published":false,"_jetpack_newsletter_access":"","_jetpack_dont_email_post_to_subs":false,"_jetpack_newsletter_tier_id":0,"_jetpack_memberships_contains_paywalled_content":false,"_jetpack_memberships_contains_paid_content":false,"footnotes":"","jetpack_publicize_message":"","jetpack_publicize_feature_enabled":true,"jetpack_social_post_already_shared":true,"jetpack_social_options":{"image_generator_settings":{"template":"highway","default_image_id":0,"font":"","enabled":false},"version":2},"_wpas_customize_per_network":false},"categories":[8],"tags":[682,9723,10309],"class_list":["post-103988","post","type-post","status-publish","format-standard","has-post-thumbnail","hentry","category-sociedad","tag-cem","tag-comerciantes","tag-fiesta-del-comercio","generate-columns","tablet-grid-50","mobile-grid-100","grid-parent","grid-50"],"jetpack_publicize_connections":[],"jetpack_featured_media_url":"https:\/\/www.hoymercedes.com.ar\/principal\/wp-content\/uploads\/2019\/12\/IMG-20191212-WA0013.jpg","wps_subtitle":"Para el s\u00e1bado 14","jetpack_sharing_enabled":true,"_links":{"self":[{"href":"https:\/\/www.hoymercedes.com.ar\/principal\/wp-json\/wp\/v2\/posts\/103988","targetHints":{"allow":["GET"]}}],"collection":[{"href":"https:\/\/www.hoymercedes.com.ar\/principal\/wp-json\/wp\/v2\/posts"}],"about":[{"href":"https:\/\/www.hoymercedes.com.ar\/principal\/wp-json\/wp\/v2\/types\/post"}],"author":[{"embeddable":true,"href":"https:\/\/www.hoymercedes.com.ar\/principal\/wp-json\/wp\/v2\/users\/1"}],"replies":[{"embeddable":true,"href":"https:\/\/www.hoymercedes.com.ar\/principal\/wp-json\/wp\/v2\/comments?post=103988"}],"version-history":[{"count":0,"href":"https:\/\/www.hoymercedes.com.ar\/principal\/wp-json\/wp\/v2\/posts\/103988\/revisions"}],"wp:featuredmedia":[{"embeddable":true,"href":"https:\/\/www.hoymercedes.com.ar\/principal\/wp-json\/wp\/v2\/media\/103989"}],"wp:attachment":[{"href":"https:\/\/www.hoymercedes.com.ar\/principal\/wp-json\/wp\/v2\/media?parent=103988"}],"wp:term":[{"taxonomy":"category","embeddable":true,"href":"https:\/\/www.hoymercedes.com.ar\/principal\/wp-json\/wp\/v2\/categories?post=103988"},{"taxonomy":"post_tag","embeddable":true,"href":"https:\/\/www.hoymercedes.com.ar\/principal\/wp-json\/wp\/v2\/tags?post=103988"}],"curies":[{"name":"wp","href":"https:\/\/api.w.org\/{rel}","templated":true}]}}