{"id":104053,"date":"2019-12-14T12:24:13","date_gmt":"2019-12-14T15:24:13","guid":{"rendered":"http:\/\/www.hoymercedes.com.ar\/principal\/?p=104053"},"modified":"2019-12-14T12:30:24","modified_gmt":"2019-12-14T15:30:24","slug":"violenta-colision-entre-dos-camiones-y-un-automovil-sobre-ruta-5","status":"publish","type":"post","link":"https:\/\/www.hoymercedes.com.ar\/principal\/2019\/12\/14\/violenta-colision-entre-dos-camiones-y-un-automovil-sobre-ruta-5\/","title":{"rendered":"Violenta colisi\u00f3n entre dos camiones y un autom\u00f3vil sobre ruta 5"},"content":{"rendered":"\n<p>A las 23:20 horas de la noche del viernes 13 se produjo una violenta colisi\u00f3n entre dos camiones de gran porte y un autom\u00f3vil a la altura del km 134.200 de la ruta nacional 5 , jurisdicci\u00f3n del partido de Suipacha.<\/p>\n\n\n\n<figure class=\"wp-block-image size-large\"><img loading=\"lazy\" decoding=\"async\" width=\"800\" height=\"533\" data-attachment-id=\"104051\" data-permalink=\"https:\/\/www.hoymercedes.com.ar\/principal\/14-choque5-2\/\" data-orig-file=\"https:\/\/www.hoymercedes.com.ar\/principal\/wp-content\/uploads\/2019\/12\/14-choque5-2.jpg\" data-orig-size=\"800,533\" data-comments-opened=\"0\" data-image-meta=\"{&quot;aperture&quot;:&quot;0&quot;,&quot;credit&quot;:&quot;&quot;,&quot;camera&quot;:&quot;&quot;,&quot;caption&quot;:&quot;&quot;,&quot;created_timestamp&quot;:&quot;0&quot;,&quot;copyright&quot;:&quot;&quot;,&quot;focal_length&quot;:&quot;0&quot;,&quot;iso&quot;:&quot;0&quot;,&quot;shutter_speed&quot;:&quot;0&quot;,&quot;title&quot;:&quot;&quot;,&quot;orientation&quot;:&quot;0&quot;}\" data-image-title=\"14 choque5 2\" data-image-description=\"\" data-image-caption=\"\" data-large-file=\"https:\/\/www.hoymercedes.com.ar\/principal\/wp-content\/uploads\/2019\/12\/14-choque5-2.jpg\" src=\"https:\/\/www.hoymercedes.com.ar\/principal\/wp-content\/uploads\/2019\/12\/14-choque5-2.jpg\" alt=\"\" class=\"wp-image-104051\"\/><\/figure>\n\n\n\n<p>En el siniestro intervienen dos camiones de gran porte con semirremolque, de la empresa de transportes Imaz, que circulaban por ruta 5 en sentido Suipacha-Chivilcoy, cargados con mercader\u00eda desde Capital Federal hacia Bariloche, y un autom\u00f3vil Chevrolet Onix, color blanco, que circulaba en sentido contrario, es decir desde Chivilcoy hacia Suipacha, donde viajaba una pareja de origen paraguayo y su peque\u00f1a hija.<\/p>\n\n\n\n<p>La colisi\u00f3n se habr\u00eda producido cuando un cami\u00f3n Volvo 370, color amarillo, dominio LIF923, con semirremolque conducido por Luciano Zu\u00f1iga ,domiciliado en Bariloche, al adelantarse a otro veh\u00edculo colisiona con su parte delantera izquierda contra el lateral izquierdo de un autom\u00f3vil Chevrolet Onix, color blanco , dominio AD351KU, que circulaba en sentido contrario , conducido por Mariano Recalde, domiciliado en Pilar, quien viajaba acompa\u00f1ado por su esposa Amelia Natalia Bareiro ambos de nacionalidad paraguaya y la peque\u00f1a hija de la pareja, luego de esta colisi\u00f3n el autom\u00f3vil sin control se cruza a la mano contraria donde es embestido por otro cami\u00f3n de gran porte, marca Iveco 450 , con semirremolque , color blanco, dominio EPP972 , conducido por H\u00e9ctor Daniel Delgado., luego de este impacto el Chevrolet queda detenido en el centro de la calzada en sentido inverso al que circulaba.<\/p>\n\n\n\n<p>Afortunadamente y a pesar de las caracter\u00edsticas del siniestro, los ocupantes del Chevrolet Onix, que fueron trasladados por ambulancias del Same al Hospital Esteban Iribarne de Suipacha solo presentar\u00edan lesiones de car\u00e1cter leve.<\/p>\n\n\n\n<p>Intervinieron Bomberos Voluntarios, ambulancias del Homei, Polic\u00eda Comunal, de Suipacha, polic\u00eda Vial Chivilcoy y m\u00f3viles del concesionario vial CCA Green, el tr\u00e1nsito de la ruta 5 estuvo interrumpido en tanto se realizaban las tareas de rescate, pericias y limpieza de la cinta asf\u00e1ltica.<\/p>\n\n\n\n<p>Fuente: Jorge Lasala<\/p>\n\n\n\n<figure class=\"wp-block-image size-large\"><img loading=\"lazy\" decoding=\"async\" width=\"800\" height=\"533\" data-attachment-id=\"104050\" data-permalink=\"https:\/\/www.hoymercedes.com.ar\/principal\/14-choque5-1\/\" data-orig-file=\"https:\/\/www.hoymercedes.com.ar\/principal\/wp-content\/uploads\/2019\/12\/14-choque5-1.jpg\" data-orig-size=\"800,533\" data-comments-opened=\"0\" data-image-meta=\"{&quot;aperture&quot;:&quot;0&quot;,&quot;credit&quot;:&quot;&quot;,&quot;camera&quot;:&quot;&quot;,&quot;caption&quot;:&quot;&quot;,&quot;created_timestamp&quot;:&quot;0&quot;,&quot;copyright&quot;:&quot;&quot;,&quot;focal_length&quot;:&quot;0&quot;,&quot;iso&quot;:&quot;0&quot;,&quot;shutter_speed&quot;:&quot;0&quot;,&quot;title&quot;:&quot;&quot;,&quot;orientation&quot;:&quot;0&quot;}\" data-image-title=\"14 choque5 1\" data-image-description=\"\" data-image-caption=\"\" data-large-file=\"https:\/\/www.hoymercedes.com.ar\/principal\/wp-content\/uploads\/2019\/12\/14-choque5-1.jpg\" src=\"https:\/\/www.hoymercedes.com.ar\/principal\/wp-content\/uploads\/2019\/12\/14-choque5-1.jpg\" alt=\"\" class=\"wp-image-104050\"\/><\/figure>\n","protected":false},"excerpt":{"rendered":"<p>A las 23:20 horas de la noche del viernes 13 se produjo una violenta colisi\u00f3n entre dos camiones de gran &#8230; <a title=\"Violenta colisi\u00f3n entre dos camiones y un autom\u00f3vil sobre ruta 5\" class=\"read-more\" href=\"https:\/\/www.hoymercedes.com.ar\/principal\/2019\/12\/14\/violenta-colision-entre-dos-camiones-y-un-automovil-sobre-ruta-5\/\" aria-label=\"Leer m\u00e1s sobre Violenta colisi\u00f3n entre dos camiones y un autom\u00f3vil sobre ruta 5\">Leer m\u00e1s<\/a><\/p>\n","protected":false},"author":1,"featured_media":104050,"comment_status":"closed","ping_status":"open","sticky":false,"template":"","format":"standard","meta":{"_monsterinsights_skip_tracking":false,"_monsterinsights_sitenote_active":false,"_monsterinsights_sitenote_note":"","_monsterinsights_sitenote_category":0,"jetpack_post_was_ever_published":false,"_jetpack_newsletter_access":"","_jetpack_dont_email_post_to_subs":false,"_jetpack_newsletter_tier_id":0,"_jetpack_memberships_contains_paywalled_content":false,"_jetpack_memberships_contains_paid_content":false,"footnotes":"","jetpack_publicize_message":"","jetpack_publicize_feature_enabled":true,"jetpack_social_post_already_shared":true,"jetpack_social_options":{"image_generator_settings":{"template":"highway","default_image_id":0,"font":"","enabled":false},"version":2},"_wpas_customize_per_network":false},"categories":[85],"tags":[16056,96,538,10395],"class_list":["post-104053","post","type-post","status-publish","format-standard","has-post-thumbnail","hentry","category-policial","tag-colision","tag-policial-2","tag-ruta-5","tag-siniestro-vial","generate-columns","tablet-grid-50","mobile-grid-100","grid-parent","grid-50"],"jetpack_publicize_connections":[],"jetpack_featured_media_url":"https:\/\/www.hoymercedes.com.ar\/principal\/wp-content\/uploads\/2019\/12\/14-choque5-1.jpg","wps_subtitle":"Noche del viernes","jetpack_sharing_enabled":true,"_links":{"self":[{"href":"https:\/\/www.hoymercedes.com.ar\/principal\/wp-json\/wp\/v2\/posts\/104053","targetHints":{"allow":["GET"]}}],"collection":[{"href":"https:\/\/www.hoymercedes.com.ar\/principal\/wp-json\/wp\/v2\/posts"}],"about":[{"href":"https:\/\/www.hoymercedes.com.ar\/principal\/wp-json\/wp\/v2\/types\/post"}],"author":[{"embeddable":true,"href":"https:\/\/www.hoymercedes.com.ar\/principal\/wp-json\/wp\/v2\/users\/1"}],"replies":[{"embeddable":true,"href":"https:\/\/www.hoymercedes.com.ar\/principal\/wp-json\/wp\/v2\/comments?post=104053"}],"version-history":[{"count":0,"href":"https:\/\/www.hoymercedes.com.ar\/principal\/wp-json\/wp\/v2\/posts\/104053\/revisions"}],"wp:featuredmedia":[{"embeddable":true,"href":"https:\/\/www.hoymercedes.com.ar\/principal\/wp-json\/wp\/v2\/media\/104050"}],"wp:attachment":[{"href":"https:\/\/www.hoymercedes.com.ar\/principal\/wp-json\/wp\/v2\/media?parent=104053"}],"wp:term":[{"taxonomy":"category","embeddable":true,"href":"https:\/\/www.hoymercedes.com.ar\/principal\/wp-json\/wp\/v2\/categories?post=104053"},{"taxonomy":"post_tag","embeddable":true,"href":"https:\/\/www.hoymercedes.com.ar\/principal\/wp-json\/wp\/v2\/tags?post=104053"}],"curies":[{"name":"wp","href":"https:\/\/api.w.org\/{rel}","templated":true}]}}