{"id":10409,"date":"2012-01-18T10:18:50","date_gmt":"2012-01-18T10:18:50","guid":{"rendered":"http:\/\/www.hoymercedes.com.ar\/principal\/?p=10409"},"modified":"2012-01-18T10:18:50","modified_gmt":"2012-01-18T10:18:50","slug":"gen-solicita-informes-sobre-los-cortes-de-energia-electrica-vividos","status":"publish","type":"post","link":"https:\/\/www.hoymercedes.com.ar\/principal\/2012\/01\/18\/gen-solicita-informes-sobre-los-cortes-de-energia-electrica-vividos\/","title":{"rendered":"GEN solicita informes sobre los cortes de energ\u00eda el\u00e9ctrica vividos"},"content":{"rendered":"<p>El concejal Jos\u00e9 Luis Ramos (GEN) se refiri\u00f3 al \u00faltimo corte de energ\u00eda el\u00e9ctrica ocurrido en nuestro Partido expresando \u201cque si bien lo acontecido se debi\u00f3 a causas de la naturaleza, fuerte viento y lluvia incesante, que la violencia del temporal produjo, entre otros imponderables; ca\u00eddas de \u00e1rboles, corte de cables de electricidad y telef\u00f3nicos.<\/p>\n<p>Por eso dada la intensidad del fen\u00f3meno, los Bomberos Voluntarios; debieron extremar su actividad a los efectos de acudir a la gran cantidad de pedidos de auxilio efectuados por la comunidad misma y que entre otras, tuvieron que acudir a prestar un servicio alternativo, al mism\u00edsimo Hospital Zonal General de Agudos \u201cBlas Dubarry\u201d de nuestra ciudad, y no solo debe ser una preocupaci\u00f3n de los ciudadanos mercedinos, sino de todos los de la provincia que se encuentran comprendidos dentro de la zona; y que por tanto, debe responder el nosocomio; con eficiencia y calidad.<\/p>\n<p>Es nuestro deber controlar o propender a dar soluciones r\u00e1pidas y lo m\u00e1s eficientes posibles, enti\u00e9ndase que tener equipos de alta complejidad; tambi\u00e9n necesitan contar de una log\u00edstica adecuada acorde a las circunstancias, mucho m\u00e1s cuando estamos al cuidado de la salud de la poblaci\u00f3n; que es un derecho elemental del ciudadano y una prioridad indelegable del Estado.<\/p>\n<p>Por lo tanto, desde nuestro bloque solicitamos que se nos informe a trav\u00e9s del Sr Director del Hospital Zonal General de Agudos \u201cBlas Dubarry\u201d, de la Regi\u00f3n Sanitaria X sobre los siguientes puntos<\/p>\n<p>De cuantos grupos electr\u00f3genos dispone en la actualidad el Hospital Zonal de Agudos \u201cBlas Dubarry\u201d.<\/p>\n<p>Cuales son las condiciones de funcionamiento.<\/p>\n<p>Cu\u00e1l es el motivo por el que se solicito la asistencia del Cuerpo de Bomberos local, a los efectos de proveer de un grupo electr\u00f3geno el d\u00eda 21\/12\/11.<\/p>\n<p>El o los equipos, que quedaron fuera de servicio el d\u00eda 21\/12\/11 como consecuencia del temporal, fallaron ese d\u00eda, o bien estaban fuera del mismo, antes de esta fecha.<\/p>\n<p>Ante esta situaci\u00f3n, se procedi\u00f3 a dar aviso a una instancia superior dentro de la organizaci\u00f3n del Ministerio de Salud de la Provincia de Buenos Aires, para que se proceda a la reparaci\u00f3n adecuada e inmediata.<\/p>\n<p>Existe UPS (fuentes ininterrumpidas de energ\u00eda que incluyen bater\u00edas internas).<\/p>\n<p>Se cumple con alg\u00fan protocolo, en cuanto a operaciones o trabajos de mantenimiento de estos equipos tan esenciales, para la normal operatividad de un centro de salud.<\/p>\n<p>El mantenimiento de los mismos, se efect\u00faa con personal propio, o es un servicio contratado o tercerizado.<\/p>\n","protected":false},"excerpt":{"rendered":"<p>El concejal Jos\u00e9 Luis Ramos (GEN) se refiri\u00f3 al \u00faltimo corte de energ\u00eda el\u00e9ctrica ocurrido en nuestro Partido expresando \u201cque &#8230; <a title=\"GEN solicita informes sobre los cortes de energ\u00eda el\u00e9ctrica vividos\" class=\"read-more\" href=\"https:\/\/www.hoymercedes.com.ar\/principal\/2012\/01\/18\/gen-solicita-informes-sobre-los-cortes-de-energia-electrica-vividos\/\" aria-label=\"Leer m\u00e1s sobre GEN solicita informes sobre los cortes de energ\u00eda el\u00e9ctrica vividos\">Leer m\u00e1s<\/a><\/p>\n","protected":false},"author":1,"featured_media":0,"comment_status":"open","ping_status":"open","sticky":false,"template":"","format":"standard","meta":{"_monsterinsights_skip_tracking":false,"_monsterinsights_sitenote_active":false,"_monsterinsights_sitenote_note":"","_monsterinsights_sitenote_category":0,"jetpack_post_was_ever_published":false,"_jetpack_newsletter_access":"","_jetpack_dont_email_post_to_subs":false,"_jetpack_newsletter_tier_id":0,"_jetpack_memberships_contains_paywalled_content":false,"_jetpack_memberships_contains_paid_content":false,"footnotes":"","jetpack_publicize_message":"","jetpack_publicize_feature_enabled":true,"jetpack_social_post_already_shared":false,"jetpack_social_options":{"image_generator_settings":{"template":"highway","default_image_id":0,"font":"","enabled":false},"version":2},"_wpas_customize_per_network":false},"categories":[5],"tags":[362],"class_list":["post-10409","post","type-post","status-publish","format-standard","hentry","category-politica","tag-gen-mercedes","generate-columns","tablet-grid-50","mobile-grid-100","grid-parent","grid-50"],"jetpack_publicize_connections":[],"jetpack_featured_media_url":"","wps_subtitle":"","jetpack_sharing_enabled":true,"_links":{"self":[{"href":"https:\/\/www.hoymercedes.com.ar\/principal\/wp-json\/wp\/v2\/posts\/10409","targetHints":{"allow":["GET"]}}],"collection":[{"href":"https:\/\/www.hoymercedes.com.ar\/principal\/wp-json\/wp\/v2\/posts"}],"about":[{"href":"https:\/\/www.hoymercedes.com.ar\/principal\/wp-json\/wp\/v2\/types\/post"}],"author":[{"embeddable":true,"href":"https:\/\/www.hoymercedes.com.ar\/principal\/wp-json\/wp\/v2\/users\/1"}],"replies":[{"embeddable":true,"href":"https:\/\/www.hoymercedes.com.ar\/principal\/wp-json\/wp\/v2\/comments?post=10409"}],"version-history":[{"count":0,"href":"https:\/\/www.hoymercedes.com.ar\/principal\/wp-json\/wp\/v2\/posts\/10409\/revisions"}],"wp:attachment":[{"href":"https:\/\/www.hoymercedes.com.ar\/principal\/wp-json\/wp\/v2\/media?parent=10409"}],"wp:term":[{"taxonomy":"category","embeddable":true,"href":"https:\/\/www.hoymercedes.com.ar\/principal\/wp-json\/wp\/v2\/categories?post=10409"},{"taxonomy":"post_tag","embeddable":true,"href":"https:\/\/www.hoymercedes.com.ar\/principal\/wp-json\/wp\/v2\/tags?post=10409"}],"curies":[{"name":"wp","href":"https:\/\/api.w.org\/{rel}","templated":true}]}}