{"id":104149,"date":"2019-12-18T07:30:00","date_gmt":"2019-12-18T10:30:00","guid":{"rendered":"http:\/\/www.hoymercedes.com.ar\/principal\/?p=104149"},"modified":"2019-12-18T09:17:42","modified_gmt":"2019-12-18T12:17:42","slug":"con-expo-1700-participantes-y-30-disciplinas-cerraron-los-talleres-culturales","status":"publish","type":"post","link":"https:\/\/www.hoymercedes.com.ar\/principal\/2019\/12\/18\/con-expo-1700-participantes-y-30-disciplinas-cerraron-los-talleres-culturales\/","title":{"rendered":"Con expo, 1700 participantes y 30 disciplinas cerraron los talleres culturales"},"content":{"rendered":"\n<figure class=\"wp-block-embed-youtube wp-block-embed is-type-video is-provider-youtube wp-embed-aspect-16-9 wp-has-aspect-ratio\"><div class=\"wp-block-embed__wrapper\">\n<span class=\"embed-youtube\" style=\"text-align:center; display: block;\"><iframe loading=\"lazy\" class=\"youtube-player\" width=\"1200\" height=\"675\" src=\"https:\/\/www.youtube.com\/embed\/lvE4IS7ENz4?version=3&#038;rel=1&#038;showsearch=0&#038;showinfo=1&#038;iv_load_policy=1&#038;fs=1&#038;hl=es-ES&#038;autohide=2&#038;wmode=transparent\" allowfullscreen=\"true\" style=\"border:0;\" sandbox=\"allow-scripts allow-same-origin allow-popups allow-presentation allow-popups-to-escape-sandbox\"><\/iframe><\/span>\n<\/div><\/figure>\n\n\n\n<p>Con un gran marco de p\u00fablico se\nrealz\u00f3 el cierre de los talleres culturales de la Municipalidad. Fue en La\nTrocha. Los talleres contaron con 1700 participantes en m\u00e1s de 30 disciplinas\ninclusivas. <\/p>\n\n\n\n<p>Con la presencia del Intendente\nJuan Ignacio Ustarroz, la directora de cultura Luc\u00eda Capaccio y m\u00e1s de 30\ntalleres estuvieron presentando los trabajos realizados durante el a\u00f1o,\nincluyendo los talleres culturales inclusivos, como Musicoterapia, que realiz\u00f3\nuna muestra con temas cl\u00e1sicos que hizo deleitar al p\u00fablico que estallo en\nincansables aplausos, con representaciones de Gilda, Pimpinella y Gladys la\nbomba Tucumana. <\/p>\n\n\n\n<p>Tambi\u00e9n se vivi\u00f3 un momento\nparticular con el taller de Bater\u00eda del Tano Giorgione con m\u00e1s de 15 bater\u00edas\nen escena. <\/p>\n\n\n\n<p>El jefe comunal felicit\u00f3 a todos\nlos profesores, los trabajadores municipales y de cultura por \u201cesta propuesta\nespectacular\u201d y que \u201cpermiti\u00f3 un gran desarrollo para cada participante\u201d con \u201caprendizajes\ny una valiosa socializaci\u00f3n a trav\u00e9s de la cultura\u201d. <\/p>\n\n\n\n<p>Sobre el escenario hicieron sus presentaciones los talleres\nTango y Folclore y Malambo y Fantas\u00eda que mostro sus destrezas con boleadoras\nal ritmo de los bombos, sin olvidar que estuvieron tambi\u00e9n teatro y producci\u00f3n,\nentre otras especialidades. <\/p>\n","protected":false},"excerpt":{"rendered":"<p>Con un gran marco de p\u00fablico se realz\u00f3 el cierre de los talleres culturales de la Municipalidad. Fue en La &#8230; <a title=\"Con expo, 1700 participantes y 30 disciplinas cerraron los talleres culturales\" class=\"read-more\" href=\"https:\/\/www.hoymercedes.com.ar\/principal\/2019\/12\/18\/con-expo-1700-participantes-y-30-disciplinas-cerraron-los-talleres-culturales\/\" aria-label=\"Leer m\u00e1s sobre Con expo, 1700 participantes y 30 disciplinas cerraron los talleres culturales\">Leer m\u00e1s<\/a><\/p>\n","protected":false},"author":1,"featured_media":104150,"comment_status":"closed","ping_status":"open","sticky":false,"template":"","format":"standard","meta":{"_monsterinsights_skip_tracking":false,"_monsterinsights_sitenote_active":false,"_monsterinsights_sitenote_note":"","_monsterinsights_sitenote_category":0,"jetpack_post_was_ever_published":false,"_jetpack_newsletter_access":"","_jetpack_dont_email_post_to_subs":false,"_jetpack_newsletter_tier_id":0,"_jetpack_memberships_contains_paywalled_content":false,"_jetpack_memberships_contains_paid_content":false,"footnotes":"","jetpack_publicize_message":"","jetpack_publicize_feature_enabled":true,"jetpack_social_post_already_shared":true,"jetpack_social_options":{"image_generator_settings":{"template":"highway","default_image_id":0,"font":"","enabled":false},"version":2},"_wpas_customize_per_network":false},"categories":[30],"tags":[10398,585,226],"class_list":["post-104149","post","type-post","status-publish","format-standard","has-post-thumbnail","hentry","category-municipio","tag-cierre-de-ano","tag-juan-ustarroz","tag-talleres-culturales","generate-columns","tablet-grid-50","mobile-grid-100","grid-parent","grid-50"],"jetpack_publicize_connections":[],"jetpack_featured_media_url":"https:\/\/www.hoymercedes.com.ar\/principal\/wp-content\/uploads\/2019\/12\/1.jpg","wps_subtitle":"Cultura y Sociedad","jetpack_sharing_enabled":true,"_links":{"self":[{"href":"https:\/\/www.hoymercedes.com.ar\/principal\/wp-json\/wp\/v2\/posts\/104149","targetHints":{"allow":["GET"]}}],"collection":[{"href":"https:\/\/www.hoymercedes.com.ar\/principal\/wp-json\/wp\/v2\/posts"}],"about":[{"href":"https:\/\/www.hoymercedes.com.ar\/principal\/wp-json\/wp\/v2\/types\/post"}],"author":[{"embeddable":true,"href":"https:\/\/www.hoymercedes.com.ar\/principal\/wp-json\/wp\/v2\/users\/1"}],"replies":[{"embeddable":true,"href":"https:\/\/www.hoymercedes.com.ar\/principal\/wp-json\/wp\/v2\/comments?post=104149"}],"version-history":[{"count":0,"href":"https:\/\/www.hoymercedes.com.ar\/principal\/wp-json\/wp\/v2\/posts\/104149\/revisions"}],"wp:featuredmedia":[{"embeddable":true,"href":"https:\/\/www.hoymercedes.com.ar\/principal\/wp-json\/wp\/v2\/media\/104150"}],"wp:attachment":[{"href":"https:\/\/www.hoymercedes.com.ar\/principal\/wp-json\/wp\/v2\/media?parent=104149"}],"wp:term":[{"taxonomy":"category","embeddable":true,"href":"https:\/\/www.hoymercedes.com.ar\/principal\/wp-json\/wp\/v2\/categories?post=104149"},{"taxonomy":"post_tag","embeddable":true,"href":"https:\/\/www.hoymercedes.com.ar\/principal\/wp-json\/wp\/v2\/tags?post=104149"}],"curies":[{"name":"wp","href":"https:\/\/api.w.org\/{rel}","templated":true}]}}