{"id":104153,"date":"2019-12-18T09:12:59","date_gmt":"2019-12-18T12:12:59","guid":{"rendered":"http:\/\/www.hoymercedes.com.ar\/principal\/?p=104153"},"modified":"2019-12-18T09:17:10","modified_gmt":"2019-12-18T12:17:10","slug":"dos-detenidos-por-tenencia-de-drogas-para-comercio","status":"publish","type":"post","link":"https:\/\/www.hoymercedes.com.ar\/principal\/2019\/12\/18\/dos-detenidos-por-tenencia-de-drogas-para-comercio\/","title":{"rendered":"Dos detenidos por tenencia de drogas para comercio"},"content":{"rendered":"\n<p>En la jornada del pasado viernes, en horas de la tarde, en el marco de un operativo realizado por la Polic\u00eda Federal Departamental Mercedes fue interceptado un veh\u00edculo a la altura del peaje de Olivera de la ruta nacional N.\u00ba 5. En el interior del mismo se encontraron envoltorios por un pesaje total de alrededor de 30 gramos de clorohidrato de coca\u00edna. Los dos ocupantes del autom\u00f3vil, un hombre de 58 y otro de 35\u00a0 a\u00f1os oriundos de la ciudad de Mercedes -quedaron aprehendidos.<\/p>\n\n\n\n<p>La interceptaci\u00f3n de los mismos se dio en el marco de un operativo\nmontado a ra\u00edz de un llamado telef\u00f3nico an\u00f3nimo dando&nbsp; cuenta de un viaje como maniobra para la\ncompra de estupefacientes. Los numerarios policiales de la Delegaci\u00f3n realizaron\ntareas investigativas&nbsp; y se logr\u00f3\ninterceptarlos cuando pasaban el peaje en sentido Luj\u00e1n- Mercedes, tras la\nidentificaci\u00f3n del veh\u00edculo en el que se movilizaban. <\/p>\n\n\n\n<p>El estupefaciente se encontraba fraccionado en dosis destinadas\ndirectamente a&nbsp; los consumidores en la\nmodalidad com\u00fanmente denominada al menudeo.<\/p>\n\n\n\n<p>En la jornada del s\u00e1bado 14 comparecieron ante el agente fiscal a cargo\nde la Unidad Funcional de Instrucci\u00f3n y Juicio N.\u00ba 4 del Departamento Judicial\nMercedes \u2013 a cargo del dr. Lisandro Mass\u00f3n &#8211; en el marco la audiencia de\ndeclaraci\u00f3n en los t\u00e9rminos del art. 308 del C\u00f3digo Procesal Penal por el\ndelito de \u201cTenencia de estupefacientes con fines de comercializaci\u00f3n\nfraccionadas en dosis destinadas directamente a los consumidores\u201d.<\/p>\n\n\n\n<p>Por disposici\u00f3n del Juzgado de Garant\u00edas N\u00b0 2 Departamental, a cargo del Dr. Facundo Oliva fueron alojados en unidades penitenciarias seg\u00fan disponga el Ministerio de Seguridad de la Provincia.<\/p>\n\n\n\n<p>Fuente: Ministerio P\u00fablico Fiscal &#8211; Depto. Judicial Mercedes. <\/p>\n","protected":false},"excerpt":{"rendered":"<p>En la jornada del pasado viernes, en horas de la tarde, en el marco de un operativo realizado por la &#8230; <a title=\"Dos detenidos por tenencia de drogas para comercio\" class=\"read-more\" href=\"https:\/\/www.hoymercedes.com.ar\/principal\/2019\/12\/18\/dos-detenidos-por-tenencia-de-drogas-para-comercio\/\" aria-label=\"Leer m\u00e1s sobre Dos detenidos por tenencia de drogas para comercio\">Leer m\u00e1s<\/a><\/p>\n","protected":false},"author":1,"featured_media":90495,"comment_status":"closed","ping_status":"open","sticky":false,"template":"","format":"standard","meta":{"_monsterinsights_skip_tracking":false,"_monsterinsights_sitenote_active":false,"_monsterinsights_sitenote_note":"","_monsterinsights_sitenote_category":0,"jetpack_post_was_ever_published":false,"_jetpack_newsletter_access":"","_jetpack_dont_email_post_to_subs":false,"_jetpack_newsletter_tier_id":0,"_jetpack_memberships_contains_paywalled_content":false,"_jetpack_memberships_contains_paid_content":false,"footnotes":"","jetpack_publicize_message":"","jetpack_publicize_feature_enabled":true,"jetpack_social_post_already_shared":true,"jetpack_social_options":{"image_generator_settings":{"template":"highway","default_image_id":0,"font":"","enabled":false},"version":2},"_wpas_customize_per_network":false},"categories":[85],"tags":[215,10,16063,96],"class_list":["post-104153","post","type-post","status-publish","format-standard","has-post-thumbnail","hentry","category-policial","tag-detenciones","tag-mercedes","tag-ministerio-fiscal","tag-policial-2","generate-columns","tablet-grid-50","mobile-grid-100","grid-parent","grid-50"],"jetpack_publicize_connections":[],"jetpack_featured_media_url":"https:\/\/www.hoymercedes.com.ar\/principal\/wp-content\/uploads\/2019\/04\/01-policial.jpg","wps_subtitle":"Menudeo","jetpack_sharing_enabled":true,"_links":{"self":[{"href":"https:\/\/www.hoymercedes.com.ar\/principal\/wp-json\/wp\/v2\/posts\/104153","targetHints":{"allow":["GET"]}}],"collection":[{"href":"https:\/\/www.hoymercedes.com.ar\/principal\/wp-json\/wp\/v2\/posts"}],"about":[{"href":"https:\/\/www.hoymercedes.com.ar\/principal\/wp-json\/wp\/v2\/types\/post"}],"author":[{"embeddable":true,"href":"https:\/\/www.hoymercedes.com.ar\/principal\/wp-json\/wp\/v2\/users\/1"}],"replies":[{"embeddable":true,"href":"https:\/\/www.hoymercedes.com.ar\/principal\/wp-json\/wp\/v2\/comments?post=104153"}],"version-history":[{"count":0,"href":"https:\/\/www.hoymercedes.com.ar\/principal\/wp-json\/wp\/v2\/posts\/104153\/revisions"}],"wp:featuredmedia":[{"embeddable":true,"href":"https:\/\/www.hoymercedes.com.ar\/principal\/wp-json\/wp\/v2\/media\/90495"}],"wp:attachment":[{"href":"https:\/\/www.hoymercedes.com.ar\/principal\/wp-json\/wp\/v2\/media?parent=104153"}],"wp:term":[{"taxonomy":"category","embeddable":true,"href":"https:\/\/www.hoymercedes.com.ar\/principal\/wp-json\/wp\/v2\/categories?post=104153"},{"taxonomy":"post_tag","embeddable":true,"href":"https:\/\/www.hoymercedes.com.ar\/principal\/wp-json\/wp\/v2\/tags?post=104153"}],"curies":[{"name":"wp","href":"https:\/\/api.w.org\/{rel}","templated":true}]}}