{"id":104164,"date":"2019-12-18T10:14:00","date_gmt":"2019-12-18T13:14:00","guid":{"rendered":"http:\/\/www.hoymercedes.com.ar\/principal\/?p=104164"},"modified":"2019-12-19T16:45:32","modified_gmt":"2019-12-19T19:45:32","slug":"hoy-curso-de-rcp-y-primeros-auxilios-en-agote","status":"publish","type":"post","link":"https:\/\/www.hoymercedes.com.ar\/principal\/2019\/12\/18\/hoy-curso-de-rcp-y-primeros-auxilios-en-agote\/","title":{"rendered":"Hoy curso de RCP y Primeros auxilios en Agote"},"content":{"rendered":"\n<p>El \u00e1rea de Protecci\u00f3n Civil de la Municipalidad de Mercedes junto al equipo de salud del CAPS Agote llevar\u00e1 a cabo un nuevo curso de primeros auxilios y RCP (Reanimaci\u00f3n cardiopulmonar) para los vecinos de manera totalmente gratuita. La misma se realizar\u00e1 el mi\u00e9rcoles 18 a las 14:00 en el SUM del CAPS Agote (511 entre 504 y 50).<\/p>\n\n\n\n<p>\u201cApuntamos a que los vecinos tengan conocimientos b\u00e1sicos sobre atenci\u00f3n pre hospitalaria, con la idea de estar capacitados para las distintas emergencias\u201d se\u00f1alaron desde el \u00e1rea de Protecci\u00f3n Civil y agregaron \u201cnos va a servir mucho como sociedad y ante cualquier situaci\u00f3n poder dar una mano al pr\u00f3jimo\u201d.<\/p>\n\n\n\n<p>El RCP (Reanimaci\u00f3n cardiopulmonar) una t\u00e9cnica para salvar vidas en aquellas situaciones de emergencias cuando la respiraci\u00f3n y los latidos del coraz\u00f3n se han detenido. El curso est\u00e1 dirigido a todos los vecinos mayores de 14 a\u00f1os.<\/p>\n\n\n\n<p>El objetivo de este tipo de campa\u00f1a es que los vecinos de nuestra ciudad puedan tener los conocimientos b\u00e1sicos sobre t\u00e9cnicas de salud e informaci\u00f3n que pueden llegar a salvar vidas<\/p>\n\n\n\n<p>Fuente: Prensa Municipal<\/p>\n","protected":false},"excerpt":{"rendered":"<p>El \u00e1rea de Protecci\u00f3n Civil de la Municipalidad de Mercedes junto al equipo de salud del CAPS Agote llevar\u00e1 a &#8230; <a title=\"Hoy curso de RCP y Primeros auxilios en Agote\" class=\"read-more\" href=\"https:\/\/www.hoymercedes.com.ar\/principal\/2019\/12\/18\/hoy-curso-de-rcp-y-primeros-auxilios-en-agote\/\" aria-label=\"Leer m\u00e1s sobre Hoy curso de RCP y Primeros auxilios en Agote\">Leer m\u00e1s<\/a><\/p>\n","protected":false},"author":1,"featured_media":54095,"comment_status":"closed","ping_status":"open","sticky":false,"template":"","format":"standard","meta":{"_monsterinsights_skip_tracking":false,"_monsterinsights_sitenote_active":false,"_monsterinsights_sitenote_note":"","_monsterinsights_sitenote_category":0,"jetpack_post_was_ever_published":false,"_jetpack_newsletter_access":"","_jetpack_dont_email_post_to_subs":false,"_jetpack_newsletter_tier_id":0,"_jetpack_memberships_contains_paywalled_content":false,"_jetpack_memberships_contains_paid_content":false,"footnotes":"","jetpack_publicize_message":"","jetpack_publicize_feature_enabled":true,"jetpack_social_post_already_shared":true,"jetpack_social_options":{"image_generator_settings":{"template":"highway","default_image_id":0,"font":"","enabled":false},"version":2},"_wpas_customize_per_network":false},"categories":[30],"tags":[244,9122,9774],"class_list":["post-104164","post","type-post","status-publish","format-standard","has-post-thumbnail","hentry","category-municipio","tag-municipio-2","tag-proteccion-civil","tag-rcp","generate-columns","tablet-grid-50","mobile-grid-100","grid-parent","grid-50"],"jetpack_publicize_connections":[],"jetpack_featured_media_url":"https:\/\/www.hoymercedes.com.ar\/principal\/wp-content\/uploads\/2016\/08\/31-rcp-1.jpg","wps_subtitle":"Para mayores de 14 a\u00f1os","jetpack_sharing_enabled":true,"_links":{"self":[{"href":"https:\/\/www.hoymercedes.com.ar\/principal\/wp-json\/wp\/v2\/posts\/104164","targetHints":{"allow":["GET"]}}],"collection":[{"href":"https:\/\/www.hoymercedes.com.ar\/principal\/wp-json\/wp\/v2\/posts"}],"about":[{"href":"https:\/\/www.hoymercedes.com.ar\/principal\/wp-json\/wp\/v2\/types\/post"}],"author":[{"embeddable":true,"href":"https:\/\/www.hoymercedes.com.ar\/principal\/wp-json\/wp\/v2\/users\/1"}],"replies":[{"embeddable":true,"href":"https:\/\/www.hoymercedes.com.ar\/principal\/wp-json\/wp\/v2\/comments?post=104164"}],"version-history":[{"count":0,"href":"https:\/\/www.hoymercedes.com.ar\/principal\/wp-json\/wp\/v2\/posts\/104164\/revisions"}],"wp:featuredmedia":[{"embeddable":true,"href":"https:\/\/www.hoymercedes.com.ar\/principal\/wp-json\/wp\/v2\/media\/54095"}],"wp:attachment":[{"href":"https:\/\/www.hoymercedes.com.ar\/principal\/wp-json\/wp\/v2\/media?parent=104164"}],"wp:term":[{"taxonomy":"category","embeddable":true,"href":"https:\/\/www.hoymercedes.com.ar\/principal\/wp-json\/wp\/v2\/categories?post=104164"},{"taxonomy":"post_tag","embeddable":true,"href":"https:\/\/www.hoymercedes.com.ar\/principal\/wp-json\/wp\/v2\/tags?post=104164"}],"curies":[{"name":"wp","href":"https:\/\/api.w.org\/{rel}","templated":true}]}}