{"id":104183,"date":"2019-12-18T17:03:26","date_gmt":"2019-12-18T20:03:26","guid":{"rendered":"http:\/\/www.hoymercedes.com.ar\/principal\/?p=104183"},"modified":"2019-12-19T16:44:33","modified_gmt":"2019-12-19T19:44:33","slug":"una-nueva-promocion-se-egreso-del-fines-trayecto-secundario","status":"publish","type":"post","link":"https:\/\/www.hoymercedes.com.ar\/principal\/2019\/12\/18\/una-nueva-promocion-se-egreso-del-fines-trayecto-secundario\/","title":{"rendered":"Una nueva promoci\u00f3n se egres\u00f3 del FINES Trayecto Secundario"},"content":{"rendered":"\n<p><em>Ocho comisiones que cursaron en la EP 11; EP 37, EP 7, en CTEP, en la Comunidad Ra\u00edces y en El Hornero, los 135 adultos completaron sus estudios secundarios. Recibieron sus medallas y certificados.<\/em><\/p>\n\n\n\n<figure class=\"wp-block-image size-large\"><img loading=\"lazy\" decoding=\"async\" width=\"800\" height=\"458\" data-attachment-id=\"104195\" data-permalink=\"https:\/\/www.hoymercedes.com.ar\/principal\/2019\/12\/18\/una-nueva-promocion-se-egreso-del-fines-trayecto-secundario\/egresados-fines-2019-000\/#main\" data-orig-file=\"https:\/\/www.hoymercedes.com.ar\/principal\/wp-content\/uploads\/2019\/12\/egresados-Fines-2019-000.jpg\" data-orig-size=\"800,458\" data-comments-opened=\"0\" data-image-meta=\"{&quot;aperture&quot;:&quot;0&quot;,&quot;credit&quot;:&quot;&quot;,&quot;camera&quot;:&quot;&quot;,&quot;caption&quot;:&quot;&quot;,&quot;created_timestamp&quot;:&quot;0&quot;,&quot;copyright&quot;:&quot;&quot;,&quot;focal_length&quot;:&quot;0&quot;,&quot;iso&quot;:&quot;0&quot;,&quot;shutter_speed&quot;:&quot;0&quot;,&quot;title&quot;:&quot;&quot;,&quot;orientation&quot;:&quot;0&quot;}\" data-image-title=\"egresados Fines 2019 000\" data-image-description=\"\" data-image-caption=\"\" data-large-file=\"https:\/\/www.hoymercedes.com.ar\/principal\/wp-content\/uploads\/2019\/12\/egresados-Fines-2019-000.jpg\" src=\"https:\/\/www.hoymercedes.com.ar\/principal\/wp-content\/uploads\/2019\/12\/egresados-Fines-2019-000.jpg\" alt=\"\" class=\"wp-image-104195\"\/><\/figure>\n\n\n\n<p>Alegr\u00eda, entusiasmo, expectativas y nostalgia\nson sensaciones, emociones, que produce el fin del a\u00f1o escolar. Un balance de\nlo aprendido, momentos compartidos entre alumnos y con los docentes. La emoci\u00f3n\ncrece cuando quienes terminan sus estudios son adultos que por distintos\nmotivos debieron abandonar sus estudios secundarios durante sus adolescencias.\nEl esfuerzo es mayor y terminar sus estudios secundarios es un logro que debe\ncelebrarse. <\/p>\n\n\n\n<p>Este martes se realiz\u00f3 un nuevo acto de egreso\nde los estudiantes secundarios del plan FINES. Ciento treinta y cinco adultos\nrecibieron la medalla por haber terminado sus estudios. En la entrada de la\nEscuela T\u00e9cnica N\u00b0 1 se dieron cita los egresados y sus familias para ser parte\nde un emotivo momento. <\/p>\n\n\n\n<p>El Director del CENS N\u00b0 451, de quien depende\nel plan de secundarios para adultos, Marcelo Ponti, dio la bienvenida a los\npresentes luego de que ingresasen los abanderados de la promoci\u00f3n quienes a su\nvez fueron los mejores de promedios entre los alumnos que completaron los tres\na\u00f1os del plan. La Bandera Nacional la port\u00f3 Daniel Baiotti, acompa\u00f1ado de Mar\u00eda\nCecilia Fern\u00e1ndez y Juan Bautista Zelaya Soul\u00e9 .En tanto, la Bandera Provincial\nla port\u00f3 Paola Riforzi, junto a Mar\u00eda Patricia Pereira y Ver\u00f3nica Caba\u00f1es. <\/p>\n\n\n\n<p>Previamente, una de las comisiones que egresaba\nsolicit\u00f3 hacer un homenaje a una de sus compa\u00f1eras que falleci\u00f3 el corriente\na\u00f1o a pocos meses de concluir sus estudios secundarios. Es as\u00ed como la comisi\u00f3n\nM de la sede CTEP, record\u00f3 a Luc\u00eda Gamez brind\u00e1ndole unas palabras en su\nmemoria y agradeci\u00e9ndole a su marido el acompa\u00f1amiento y esfuerzo que ella hizo\nlos a\u00f1os de estudios. <\/p>\n\n\n\n<p>En nombre de los alumnos Mat\u00edas Montenegro se\ndirigi\u00f3 a los presentes y resalt\u00f3 los sentimientos de quienes terminaban una etapa\nsignificativa en sus vidas. Representando al equipo de docentes, quien tom\u00f3 la\npalabra fue la profesora de Lengua y Literatura Mercedes Reinoso. <\/p>\n\n\n\n<p>Luego s\u00ed, ser\u00eda el momento de entrega de medallas, un diploma y los regalos de parte de los padrinos. A medida que eran convocados por los coordinadores Lorena Chirieleison, Ornela Sabbatasso y Armando Montovio,  cada comisi\u00f3n subi\u00f3 al escenario para recibir los elementos simb\u00f3licos y sacar las fotos con sus compa\u00f1eros. <\/p>\n\n\n\n<div class=\"wp-block-jetpack-slideshow aligncenter\" data-effect=\"slide\"><div class=\"wp-block-jetpack-slideshow_container swiper-container\"><ul class=\"wp-block-jetpack-slideshow_swiper-wrapper swiper-wrapper\"><li class=\"wp-block-jetpack-slideshow_slide swiper-slide\"><figure><img loading=\"lazy\" decoding=\"async\" width=\"800\" height=\"458\" alt=\"\" class=\"wp-block-jetpack-slideshow_image wp-image-104195\" data-id=\"104195\" src=\"https:\/\/www.hoymercedes.com.ar\/principal\/wp-content\/uploads\/2019\/12\/egresados-Fines-2019-000.jpg\"><\/figure><\/li><li class=\"wp-block-jetpack-slideshow_slide swiper-slide\"><figure><img loading=\"lazy\" decoding=\"async\" width=\"800\" height=\"534\" alt=\"\" class=\"wp-block-jetpack-slideshow_image wp-image-104184\" data-id=\"104184\" src=\"https:\/\/www.hoymercedes.com.ar\/principal\/wp-content\/uploads\/2019\/12\/egresados-Fines-2019-110.jpg\"><\/figure><\/li><li class=\"wp-block-jetpack-slideshow_slide swiper-slide\"><figure><img loading=\"lazy\" decoding=\"async\" width=\"800\" height=\"534\" alt=\"\" class=\"wp-block-jetpack-slideshow_image wp-image-104185\" data-id=\"104185\" src=\"https:\/\/www.hoymercedes.com.ar\/principal\/wp-content\/uploads\/2019\/12\/egresados-Fines-2019-100.jpg\"><\/figure><\/li><li class=\"wp-block-jetpack-slideshow_slide swiper-slide\"><figure><img loading=\"lazy\" decoding=\"async\" width=\"800\" height=\"534\" alt=\"\" class=\"wp-block-jetpack-slideshow_image wp-image-104186\" data-id=\"104186\" src=\"https:\/\/www.hoymercedes.com.ar\/principal\/wp-content\/uploads\/2019\/12\/egresados-Fines-2019-090.jpg\"><\/figure><\/li><li class=\"wp-block-jetpack-slideshow_slide swiper-slide\"><figure><img loading=\"lazy\" decoding=\"async\" width=\"800\" height=\"534\" alt=\"\" class=\"wp-block-jetpack-slideshow_image wp-image-104187\" data-id=\"104187\" src=\"https:\/\/www.hoymercedes.com.ar\/principal\/wp-content\/uploads\/2019\/12\/egresados-Fines-2019-080.jpg\"><\/figure><\/li><li class=\"wp-block-jetpack-slideshow_slide swiper-slide\"><figure><img loading=\"lazy\" decoding=\"async\" width=\"800\" height=\"534\" alt=\"\" class=\"wp-block-jetpack-slideshow_image wp-image-104188\" data-id=\"104188\" src=\"https:\/\/www.hoymercedes.com.ar\/principal\/wp-content\/uploads\/2019\/12\/egresados-Fines-2019-070.jpg\"><\/figure><\/li><li class=\"wp-block-jetpack-slideshow_slide swiper-slide\"><figure><img loading=\"lazy\" decoding=\"async\" width=\"800\" height=\"534\" alt=\"\" class=\"wp-block-jetpack-slideshow_image wp-image-104189\" data-id=\"104189\" src=\"https:\/\/www.hoymercedes.com.ar\/principal\/wp-content\/uploads\/2019\/12\/egresados-Fines-2019-060.jpg\"><\/figure><\/li><li class=\"wp-block-jetpack-slideshow_slide swiper-slide\"><figure><img loading=\"lazy\" decoding=\"async\" width=\"800\" height=\"534\" alt=\"\" class=\"wp-block-jetpack-slideshow_image wp-image-104190\" data-id=\"104190\" src=\"https:\/\/www.hoymercedes.com.ar\/principal\/wp-content\/uploads\/2019\/12\/egresados-Fines-2019-051.jpg\"><\/figure><\/li><li class=\"wp-block-jetpack-slideshow_slide swiper-slide\"><figure><img loading=\"lazy\" decoding=\"async\" width=\"800\" height=\"534\" alt=\"\" class=\"wp-block-jetpack-slideshow_image wp-image-104194\" data-id=\"104194\" src=\"https:\/\/www.hoymercedes.com.ar\/principal\/wp-content\/uploads\/2019\/12\/egresados-Fines-2019-031.jpg\"><\/figure><\/li><li class=\"wp-block-jetpack-slideshow_slide swiper-slide\"><figure><img loading=\"lazy\" decoding=\"async\" width=\"800\" height=\"534\" alt=\"\" class=\"wp-block-jetpack-slideshow_image wp-image-104193\" data-id=\"104193\" src=\"https:\/\/www.hoymercedes.com.ar\/principal\/wp-content\/uploads\/2019\/12\/egresados-Fines-2019-020.jpg\"><\/figure><\/li><li class=\"wp-block-jetpack-slideshow_slide swiper-slide\"><figure><img loading=\"lazy\" decoding=\"async\" width=\"800\" height=\"534\" alt=\"\" class=\"wp-block-jetpack-slideshow_image wp-image-104192\" data-id=\"104192\" src=\"https:\/\/www.hoymercedes.com.ar\/principal\/wp-content\/uploads\/2019\/12\/egresados-Fines-2019-011.jpg\"><\/figure><\/li><li class=\"wp-block-jetpack-slideshow_slide swiper-slide\"><figure><img loading=\"lazy\" decoding=\"async\" width=\"800\" height=\"534\" alt=\"\" class=\"wp-block-jetpack-slideshow_image wp-image-104191\" data-id=\"104191\" src=\"https:\/\/www.hoymercedes.com.ar\/principal\/wp-content\/uploads\/2019\/12\/egresados-Fines-2019-041.jpg\"><\/figure><\/li><\/ul><a class=\"wp-block-jetpack-slideshow_button-prev swiper-button-prev swiper-button-white\" role=\"button\"><\/a><a class=\"wp-block-jetpack-slideshow_button-next swiper-button-next swiper-button-white\" role=\"button\"><\/a><a aria-label=\"Pause Slideshow\" class=\"wp-block-jetpack-slideshow_button-pause\" role=\"button\"><\/a><div class=\"wp-block-jetpack-slideshow_pagination swiper-pagination swiper-pagination-white\"><\/div><\/div><\/div>\n\n\n\n<p>Los egresados del segundo cuatrimestre de 2019 son: <\/p>\n\n\n\n<p>Sede CTEP Comisi\u00f3n E: Julio Barrera (Mejor Compa\u00f1ero),\nVer\u00f3nica Caba\u00f1es, F\u00e1tima Crevani, Roxana Mart\u00ednez, Paola Rinforzi, Jimena\nAguilera, Mariela Ayala, Roc\u00edo Barca, Silvia Barrionuevo, Lourdes D\u00edaz,\nGeraldine Minetto, Marian Molina, Antonella Palleros, Mateo Recalde, Silvina\nReinoso, Nadia Villalba, Iara Villalba, Pamela Caino y Gonzalo Marmol. Padrinos:\nBetina Caballero y Dar\u00edo Gonz\u00e1lez. <\/p>\n\n\n\n<p>Sede CTEP Comisi\u00f3n M: Mar\u00eda Cecilia Fern\u00e1ndez (Mejor\nCompa\u00f1era), Micaela Atencio, Micaela Casco, Nahuel Gonz\u00e1lez, Valeria Ju\u00e1rez,\nMar\u00eda Cecilia Pareira, Marcelo Suarez, Mariana Bedonetti, Ver\u00f3nica Cadenazzo,\nGabriela D\u00edaz, Nahuel Grassi, Ignacio Roa, Mar\u00eda Laura Torres, Delfina Vivas y\nJoaqu\u00edn Paoletta. Padrinos: Profesores Betina Caballero, Sandra Benedetti y\nCintia Oviedo. <\/p>\n\n\n\n<p>Sede EP N\u00b0 37 Comisi\u00f3n B: Yesica Piacentini Pai (Mejor Compa\u00f1era),\nMarina Basualdo, Silvio Cerd\u00e1, Rosa G\u00f3mez, Mat\u00edas Gonz\u00e1lez, Mailen Isusi, Elba\nMansilla, Jonathan Mart\u00ednez, Axel Zunino, Nicol\u00e1s \u00c1vila, Mariano Contardi,\nAndrea Odda, Soledad Odda, Pedro Vi\u00f1ez, Agust\u00edn Frustoli y Debora Maciel. Padrinos:\nProfesores Araceli Tessore y Dar\u00edo Gonz\u00e1lez. <\/p>\n\n\n\n<p>Sede Ra\u00edces. Comisi\u00f3n A: Mar\u00eda Carina Casco (Mejor\nCompa\u00f1ero), Julieta \u00c1vila, Gonzalo Blasco, Marcia Bustos, Pedro Canario, Diego\nChappe, Silvana Fern\u00e1ndez, Jorge Guzm\u00e1n, Ra\u00fal Lavitola, Dar\u00edo Marquez, Ana\nLaura Moyano, Lorena Paez, Gustavo Pereira, Laura Pi\u00f1ero, Adriana Rossi,\nMat\u00edas&nbsp; Stanisci y Johana Torres. Padrinos:\nProfesores Betina Caballero, Mercedes Reinoso, Guillermo Dabove y Ana Laura\nGiumelli. <\/p>\n\n\n\n<p>Sede EP N\u00b0 7 Comisi\u00f3n H: Gustavo Bartolomeo (Mejor\nCompa\u00f1ero), Hugo Aveni, Luc\u00eda Aranda, Micaela Campillay, Jorgelina Fern\u00e1ndez,\nSara P\u00e9rez Aquino, Adriana Abruendiez, Roxana Leguizam\u00f3n, Daniela Tamburro,\nIsabel Casas, Mar\u00eda Antonella Rodr\u00edguez y Mar\u00eda Bel\u00e9n Sotelo. Padrinos:\nProfesores Sergio Vera y Ana Laura Giumelli. <\/p>\n\n\n\n<p>Sede EP N\u00b0 7 Comisi\u00f3n C: Juan Bautista Zelaya Soul\u00e9 (Mejor\nCompa\u00f1ero), Mar\u00eda Isabel Aramayo, Daniel Baiotti, Valeria Barbagallo, Juan Pablo\nDe Antoni, Cristina D\u00edaz, Lucas Garc\u00eda, Mat\u00edas Montenegro, Mauro Narvaez,\nYamila Olivieri, Liliana Osorio, Alejandro Vallejos, M\u00f3nica Vizcarra, Yesica\nAnselmo, Maximiliano Becerra, Luc\u00eda Ben\u00edtez, Bel\u00e9n Cardozo, Santiago Garc\u00eda,\nMariela Real, Mar\u00eda Jos\u00e9 Salva, Daiana Segovia, y Lucas Torres. Padrinos:\nProfesores Sergio Vera y Ana Laura Giumelli. <\/p>\n\n\n\n<p>Sede El Hornero: Brenda Colicigno (Mejor Compa\u00f1era), &nbsp;Andrea Arraigada, Micaela Bustos, Fiama\nCabral, Lorena Roseo, Joaqu\u00edn Bori, Daniela Gutierrez y Mat\u00edas Roseo. Padrinos:\nProfesores Ezequiel Bubello y Bettina Caballero. <\/p>\n\n\n\n<p>Sede EP N\u00b0 11: Ulises Pratolongo (Mejor Compa\u00f1ero), Roc\u00edo\nMoreno, Daniela M\u00e9ndez, Juliana Cont\u00edn, Ail\u00e9n Yeri, Emiliano Torres, Leonela\nRodr\u00edguez, Rams\u00e9s Cabral, Sof\u00eda Salto, Jennifer Manfr\u00edas, Florencia Sequeira,\nsof\u00eda Disperato, Loana Villalba, D\u00e9bora Fredes, Leila Guti\u00e9rrez,&nbsp; Cristian D\u00edaz, &nbsp;Roc\u00edo Tapia, Mario Real, Carlos More y\nFlorencia Nu\u00f1ez. Padrinos: Profesores Valeria Ratari, Mercedes Reinoso y Ana\nPaula Beneitez. <\/p>\n","protected":false},"excerpt":{"rendered":"<p>Ocho comisiones que cursaron en la EP 11; EP 37, EP 7, en CTEP, en la Comunidad Ra\u00edces y en &#8230; <a title=\"Una nueva promoci\u00f3n se egres\u00f3 del FINES Trayecto Secundario\" class=\"read-more\" href=\"https:\/\/www.hoymercedes.com.ar\/principal\/2019\/12\/18\/una-nueva-promocion-se-egreso-del-fines-trayecto-secundario\/\" aria-label=\"Leer m\u00e1s sobre Una nueva promoci\u00f3n se egres\u00f3 del FINES Trayecto Secundario\">Leer m\u00e1s<\/a><\/p>\n","protected":false},"author":1,"featured_media":104195,"comment_status":"closed","ping_status":"open","sticky":false,"template":"","format":"standard","meta":{"_monsterinsights_skip_tracking":false,"_monsterinsights_sitenote_active":false,"_monsterinsights_sitenote_note":"","_monsterinsights_sitenote_category":0,"jetpack_post_was_ever_published":false,"_jetpack_newsletter_access":"","_jetpack_dont_email_post_to_subs":false,"_jetpack_newsletter_tier_id":0,"_jetpack_memberships_contains_paywalled_content":false,"_jetpack_memberships_contains_paid_content":false,"footnotes":"","jetpack_publicize_message":"","jetpack_publicize_feature_enabled":true,"jetpack_social_post_already_shared":true,"jetpack_social_options":{"image_generator_settings":{"template":"highway","default_image_id":0,"font":"","enabled":false},"version":2},"_wpas_customize_per_network":false},"categories":[23],"tags":[47,1665,7044,15464],"class_list":["post-104183","post","type-post","status-publish","format-standard","has-post-thumbnail","hentry","category-educacion","tag-educacion-2","tag-egresados","tag-fines","tag-promocion-2019","generate-columns","tablet-grid-50","mobile-grid-100","grid-parent","grid-50"],"jetpack_publicize_connections":[],"jetpack_featured_media_url":"https:\/\/www.hoymercedes.com.ar\/principal\/wp-content\/uploads\/2019\/12\/egresados-Fines-2019-000.jpg","wps_subtitle":"Fin de un ciclo","jetpack_sharing_enabled":true,"_links":{"self":[{"href":"https:\/\/www.hoymercedes.com.ar\/principal\/wp-json\/wp\/v2\/posts\/104183","targetHints":{"allow":["GET"]}}],"collection":[{"href":"https:\/\/www.hoymercedes.com.ar\/principal\/wp-json\/wp\/v2\/posts"}],"about":[{"href":"https:\/\/www.hoymercedes.com.ar\/principal\/wp-json\/wp\/v2\/types\/post"}],"author":[{"embeddable":true,"href":"https:\/\/www.hoymercedes.com.ar\/principal\/wp-json\/wp\/v2\/users\/1"}],"replies":[{"embeddable":true,"href":"https:\/\/www.hoymercedes.com.ar\/principal\/wp-json\/wp\/v2\/comments?post=104183"}],"version-history":[{"count":0,"href":"https:\/\/www.hoymercedes.com.ar\/principal\/wp-json\/wp\/v2\/posts\/104183\/revisions"}],"wp:featuredmedia":[{"embeddable":true,"href":"https:\/\/www.hoymercedes.com.ar\/principal\/wp-json\/wp\/v2\/media\/104195"}],"wp:attachment":[{"href":"https:\/\/www.hoymercedes.com.ar\/principal\/wp-json\/wp\/v2\/media?parent=104183"}],"wp:term":[{"taxonomy":"category","embeddable":true,"href":"https:\/\/www.hoymercedes.com.ar\/principal\/wp-json\/wp\/v2\/categories?post=104183"},{"taxonomy":"post_tag","embeddable":true,"href":"https:\/\/www.hoymercedes.com.ar\/principal\/wp-json\/wp\/v2\/tags?post=104183"}],"curies":[{"name":"wp","href":"https:\/\/api.w.org\/{rel}","templated":true}]}}