{"id":104223,"date":"2019-12-19T16:40:54","date_gmt":"2019-12-19T19:40:54","guid":{"rendered":"http:\/\/www.hoymercedes.com.ar\/principal\/?p=104223"},"modified":"2019-12-19T16:43:10","modified_gmt":"2019-12-19T19:43:10","slug":"entregan-reconocimientos-a-mejores-promedios-y-companeros-de-la-promocion-2019","status":"publish","type":"post","link":"https:\/\/www.hoymercedes.com.ar\/principal\/2019\/12\/19\/entregan-reconocimientos-a-mejores-promedios-y-companeros-de-la-promocion-2019\/","title":{"rendered":"Entregan reconocimientos a mejores promedios y compa\u00f1eros de  la promoci\u00f3n 2019"},"content":{"rendered":"\n<p>La Municipalidad de Mercedes y el Concejo Deliberante entrega las medallas en reconocimientos a los mejores promedios y mejores compa\u00f1eros de la promoci\u00f3n 2019. Egresados de escuelas de gesti\u00f3n p\u00fablica y de gesti\u00f3n privada se dieron cita para que referentes del Departamento Ejecutivo encabezado por el Intendente Municipal Juan Ustarroz y Concejales les entregasen las distinciones. <\/p>\n\n\n\n<figure class=\"wp-block-image size-large\"><img loading=\"lazy\" decoding=\"async\" width=\"800\" height=\"533\" data-attachment-id=\"104224\" data-permalink=\"https:\/\/www.hoymercedes.com.ar\/principal\/2019\/12\/19\/entregan-reconocimientos-a-mejores-promedios-y-companeros-de-la-promocion-2019\/19-promocion-alumnos\/#main\" data-orig-file=\"https:\/\/www.hoymercedes.com.ar\/principal\/wp-content\/uploads\/2019\/12\/19-promocion-alumnos.jpg\" data-orig-size=\"800,533\" data-comments-opened=\"0\" data-image-meta=\"{&quot;aperture&quot;:&quot;0&quot;,&quot;credit&quot;:&quot;&quot;,&quot;camera&quot;:&quot;&quot;,&quot;caption&quot;:&quot;&quot;,&quot;created_timestamp&quot;:&quot;0&quot;,&quot;copyright&quot;:&quot;&quot;,&quot;focal_length&quot;:&quot;0&quot;,&quot;iso&quot;:&quot;0&quot;,&quot;shutter_speed&quot;:&quot;0&quot;,&quot;title&quot;:&quot;&quot;,&quot;orientation&quot;:&quot;0&quot;}\" data-image-title=\"19 promocion alumnos\" data-image-description=\"\" data-image-caption=\"\" data-large-file=\"https:\/\/www.hoymercedes.com.ar\/principal\/wp-content\/uploads\/2019\/12\/19-promocion-alumnos.jpg\" src=\"https:\/\/www.hoymercedes.com.ar\/principal\/wp-content\/uploads\/2019\/12\/19-promocion-alumnos.jpg\" alt=\"\" class=\"wp-image-104224\"\/><\/figure>\n\n\n\n<p>Los alumnos distinguidos fueron:<br>Escuela Secundaria N\u00b0 | (Media 1): <br>Bachiller en Ciencias Sociales: Como mejor Compa\u00f1ero: MEDINA JONATAN. Como mejor promedio: BARBIERI, EVELYN. <br>Bachiller en Arte \u2013 Artes Visuales: Como mejor Compa\u00f1ero: ANTINORI, MAR\u00cdA EUGENIA. Como mejor promedio: LUCERO MILAGROS<br>En el Bachillerato de Adultos: <br>Orientaci\u00f3n Gesti\u00f3n y Administraci\u00f3n: Mejor Compa\u00f1era: OTAZUA ANABELLA. Como mejor promedio: LAGOS KAREN<br>Orientaci\u00f3n Producci\u00f3n de Bienes y Servicios: Mejor Compa\u00f1era: BRAGA FATIMA. Como mejor promedio: LEZA MILENA<\/p>\n\n\n\n<p>Escuela Secundaria N\u00b03 (Colegio Nacional Florentino Ameghino): <br>Mejor Promedio: 6\u00b0 a Naturales\u00a0 Heidel Magali; 6 \u00b0 B Naturales Chimente Franco; 6\u00b0 A Sociales\u00a0 Mar\u00eda Paz Cardoso; 6\u00b0 A Econom\u00eda\u00a0 Delintento Magali Yazmin; <br>Mejor compa\u00f1ero: 6\u00b0 A Naturales\u00a0 Irupe Ailen Chavez; 6\u00b0B Naturales\u00a0 Gonz\u00e1lez Vautretto Katherine, 6\u00b0 A Sociales\u00a0 Tilli Gaston; 6\u00b0 A\u00a0 Econom\u00eda\u00a0 Caputo Miguel Angel; 6\u00b0 A Econom\u00eda\u00a0 Arias Jonathan<\/p>\n\n\n\n<p>Escuela Secundaria N\u00b0 5\u00a0 (Escuela Normal Justo Jos\u00e9 de Urquiza): <br>Mejor Promedio: <br>Mejor Compa\u00f1ero: D\u00edaz, Agustina Aylen (6to 1era); Milagros Romay (6to 3era); Beltr\u00e1me Alan de (6 2) y Lucas Alifano (6to 3ra)<\/p>\n\n\n\n<p>Escuela Secundaria N\u00b0 7: <br>Mejor Promedio: Romero Brisa<br>Mejor compa\u00f1era: Romero Milagros<\/p>\n\n\n\n<p>Escuela Secundaria\u00a0 N\u00b0 8: <br>Mejor Promedio: Ram\u00edrez Nicole<br>Mejor Compa\u00f1ero: Sebasti\u00e1n Baiotti y Carrizo Axel<\/p>\n\n\n\n<p>Escuela Secundaria N\u00b0 9: <br>Mejor Promedio Uboldi Franco<br>Mejor Compa\u00f1ero Uboldi Franco<\/p>\n\n\n\n<p>Escuela Secundaria N\u00b0 10: <br>Mejor promedio Sosa Sof\u00eda<br>Mejor compa\u00f1era Zuleta natalia<\/p>\n\n\n\n<p>Escuela Secundaria N\u00b011: <br>Mejor Promedio: Candela L\u00e9rtora<br>Mejor Compa\u00f1ero: Sandoval Jos\u00e9<\/p>\n\n\n\n<p>Escuela Secundaria N\u00b0 12: <br>Mejor Promedio: Alan Videla<br>Mejor Compa\u00f1ero: Lucas Pinilla<\/p>\n\n\n\n<p>Escuela secundaria N\u00b0 13: <br>Mejor Promedio: Candela De Antoni<br>Mejor Compa\u00f1ero: Sayago Tania<\/p>\n\n\n\n<p>Escuela secundaria N\u00b0 14: <br>Mejor compa\u00f1era: Ruiz D\u00edaz Rocio<br>Mejor promedio: Chaparro Marcelo<\/p>\n\n\n\n<p>Escuela Secundaria N\u00b0 2 (Unidad 5 &#8211; CENS 452)<br>Mejor Promedio: Fabi\u00e1n Escalante\u00a0 (3 A\u00f1o turno tarde)<br>Mejor Compa\u00f1ero: Javier Ferreyra (Sociales turno Ma\u00f1ana), Gast\u00f3n Garc\u00eda (Gesti\u00f3n turno tarde); Escalante Fabi\u00e1n Sociales turno tarde<\/p>\n\n\n\n<p>Escuela de T\u00e9cnica N\u00b0 1: <br>T\u00e9cnico en electromec\u00e1nica; Mejor Promedio: Poggio Edgardo y Mejor Compa\u00f1ero: L\u00f3pez Gabriel<br>T\u00e9cnico en administraci\u00f3n de las organizaciones: Mejor Promedio: Mieras Roc\u00edo Bayu y Mejor Compa\u00f1era: C\u00e1ceres Yohana\u00a0<br>Maestro Mayor de Obra: \u00a0Mejor Promedio Bobic Juan Ignacio y Mejor Compa\u00f1ero Reckinger Alejandro<\/p>\n\n\n\n<p>\u00a0Escuela T\u00e9cnica N\u00b0 2: <br>Mejor compa\u00f1era: Maximiliano Correa<br>Mejor promedio: Melany Aylen Vargas Montero<\/p>\n\n\n\n<p>Escuela Agrot\u00e9cnica: <br>Mejor Promedio: Milagros Gonzalez<br>Mejor compa\u00f1ero: Joaqu\u00edn Utemur<\/p>\n\n\n\n<p>Centro para la Producci\u00f3n Total N\u00b0 4: <br>Mejor Promedio: Rocio Bidart <br>Mejor Compa\u00f1ero: Roc\u00edo Bidart<\/p>\n\n\n\n<p>Centro de Formaci\u00f3n Integral\u00a0 N\u00b0 1: <br>Mejor Promedio Joaqu\u00edn Rol\u00f3n<br>Mejor Compa\u00f1ero: Samuel Francesetti<\/p>\n\n\n\n<p>CENS 451: <br>Mejor Promedio:\u00a0Romero Dami\u00e1n<br>Mejor compa\u00f1ero:\u00a0\u00a0 Cecilia Massa, Montero Sergio; Jaramillo Javier<\/p>\n\n\n\n<p>Colegio San Antonio de Padua: <br>Mejor Promedio Naturales: Mayra Ferrari<br>Mejor promedio Sociales: Mar\u00eda Paz\u00a0 Rivadineyra<br>Mejor Compa\u00f1ero Naturales\u00a0 Guzzo Ezequiel<br>Mejor compa\u00f1ero Sociales: Mar\u00eda del pilar Roman<\/p>\n\n\n\n<p>Colegio Nuestra Se\u00f1ora de la Misericordia: <br>Mejor Promedio: Mar\u00eda Clara Petitti<br>Mejor Compa\u00f1ero: Dante Garcia<\/p>\n\n\n\n<p>Instituto Santa Mar\u00eda: <br>Mejor Promedio 6\u00b0 A: Agust\u00edn Guti\u00e9rrez<br>Mejor Promedio 6\u00b0 B : Julieta Belanguer<br>Mejor Compa\u00f1ero 6\u00b0 A: Tob\u00edas Espinoza<br>Mejor Compa\u00f1ero 6\u00b0 B: Alejo Collazo<\/p>\n\n\n\n<p>Instituto Padre Ansaldo: <br>Mejor Promedio: Mar\u00eda Bel\u00e9n Luppi<br>Mejor Compa\u00f1ero 6\u00b0 A : Cestari Santiago<br>Mejor Compa\u00f1ero 6\u00b0 B: Agustin Bali\u00f1o, Joaqu\u00edn Rizzo Patron<\/p>\n\n\n\n<p>Colegio San Patricio: <br>Mejor Promedio 6 Sociales: Lucia Mart\u00ednez<br>Mejor Promedio 6 Naturales: Camila Dorado<br>Mejor Compa\u00f1ero naturales: Valentino Niciforo<br>Mejor Compa\u00f1era sociales: Lucia Martinez<\/p>\n\n\n\n<p>Instituto San Benito: <br>Mejor Promedio: Zuffo Fiorella<br>Mejor Compa\u00f1ero: Luis Mayor Moreno<\/p>\n\n\n\n<p>Colegio Camila Rol\u00f3n: <br>Mejor promedio: Camila Diaz<br>Mejor compa\u00f1ero turno ma\u00f1ana: Gabriel Valiente<br>Mejor compa\u00f1ero turno tarde: Minetti Tiziana<\/p>\n\n\n\n<p>Fuente: Prensa Municipal<\/p>\n","protected":false},"excerpt":{"rendered":"<p>La Municipalidad de Mercedes y el Concejo Deliberante entrega las medallas en reconocimientos a los mejores promedios y mejores compa\u00f1eros &#8230; <a title=\"Entregan reconocimientos a mejores promedios y compa\u00f1eros de  la promoci\u00f3n 2019\" class=\"read-more\" href=\"https:\/\/www.hoymercedes.com.ar\/principal\/2019\/12\/19\/entregan-reconocimientos-a-mejores-promedios-y-companeros-de-la-promocion-2019\/\" aria-label=\"Leer m\u00e1s sobre Entregan reconocimientos a mejores promedios y compa\u00f1eros de  la promoci\u00f3n 2019\">Leer m\u00e1s<\/a><\/p>\n","protected":false},"author":1,"featured_media":104224,"comment_status":"closed","ping_status":"open","sticky":false,"template":"","format":"standard","meta":{"_monsterinsights_skip_tracking":false,"_monsterinsights_sitenote_active":false,"_monsterinsights_sitenote_note":"","_monsterinsights_sitenote_category":0,"jetpack_post_was_ever_published":false,"_jetpack_newsletter_access":"","_jetpack_dont_email_post_to_subs":false,"_jetpack_newsletter_tier_id":0,"_jetpack_memberships_contains_paywalled_content":false,"_jetpack_memberships_contains_paid_content":false,"footnotes":"","jetpack_publicize_message":"","jetpack_publicize_feature_enabled":true,"jetpack_social_post_already_shared":true,"jetpack_social_options":{"image_generator_settings":{"template":"highway","default_image_id":0,"font":"","enabled":false},"version":2},"_wpas_customize_per_network":false},"categories":[23],"tags":[1665,16067,16066,15464],"class_list":["post-104223","post","type-post","status-publish","format-standard","has-post-thumbnail","hentry","category-educacion","tag-egresados","tag-mejores-companeroas","tag-mejores-promedios","tag-promocion-2019","generate-columns","tablet-grid-50","mobile-grid-100","grid-parent","grid-50"],"jetpack_publicize_connections":[],"jetpack_featured_media_url":"https:\/\/www.hoymercedes.com.ar\/principal\/wp-content\/uploads\/2019\/12\/19-promocion-alumnos.jpg","wps_subtitle":"","jetpack_sharing_enabled":true,"_links":{"self":[{"href":"https:\/\/www.hoymercedes.com.ar\/principal\/wp-json\/wp\/v2\/posts\/104223","targetHints":{"allow":["GET"]}}],"collection":[{"href":"https:\/\/www.hoymercedes.com.ar\/principal\/wp-json\/wp\/v2\/posts"}],"about":[{"href":"https:\/\/www.hoymercedes.com.ar\/principal\/wp-json\/wp\/v2\/types\/post"}],"author":[{"embeddable":true,"href":"https:\/\/www.hoymercedes.com.ar\/principal\/wp-json\/wp\/v2\/users\/1"}],"replies":[{"embeddable":true,"href":"https:\/\/www.hoymercedes.com.ar\/principal\/wp-json\/wp\/v2\/comments?post=104223"}],"version-history":[{"count":0,"href":"https:\/\/www.hoymercedes.com.ar\/principal\/wp-json\/wp\/v2\/posts\/104223\/revisions"}],"wp:featuredmedia":[{"embeddable":true,"href":"https:\/\/www.hoymercedes.com.ar\/principal\/wp-json\/wp\/v2\/media\/104224"}],"wp:attachment":[{"href":"https:\/\/www.hoymercedes.com.ar\/principal\/wp-json\/wp\/v2\/media?parent=104223"}],"wp:term":[{"taxonomy":"category","embeddable":true,"href":"https:\/\/www.hoymercedes.com.ar\/principal\/wp-json\/wp\/v2\/categories?post=104223"},{"taxonomy":"post_tag","embeddable":true,"href":"https:\/\/www.hoymercedes.com.ar\/principal\/wp-json\/wp\/v2\/tags?post=104223"}],"curies":[{"name":"wp","href":"https:\/\/api.w.org\/{rel}","templated":true}]}}