{"id":104234,"date":"2019-12-20T09:15:00","date_gmt":"2019-12-20T12:15:00","guid":{"rendered":"http:\/\/www.hoymercedes.com.ar\/principal\/?p=104234"},"modified":"2019-12-20T16:05:44","modified_gmt":"2019-12-20T19:05:44","slug":"lujan-un-aprehendido-por-pirateria-del-asfalto","status":"publish","type":"post","link":"https:\/\/www.hoymercedes.com.ar\/principal\/2019\/12\/20\/lujan-un-aprehendido-por-pirateria-del-asfalto\/","title":{"rendered":"Luj\u00e1n: Un aprehendido por pirater\u00eda del asfalto"},"content":{"rendered":"\n<p>A partir de una denuncia radicada en la DDI Luj\u00e1n el pasado 22 de octubre se inici\u00f3 una investigaci\u00f3n con intervenci\u00f3n de la  Unidad Funcional de Instrucci\u00f3n N\u00b0 9 Descentralizada y al Cuerpo de Instructores de Fiscal\u00eda General con asiento en Lujan por por robo de mercader\u00eda en transito bajo la modalidad \u201cpirater\u00eda del asfalto\u201d. <\/p>\n\n\n\n<p>Seg\u00fan se supo, un chofer de una empresa de transporte de Lomas del Mirador, al mando de un cami\u00f3n marca Mercedes Benz concurri\u00f3 en horas de la noche a un frigor\u00edfico de la ciudad de Rojas donde cargaron el veh\u00edculo con 260 medias reses de chanchos faenados. Los mismos deb\u00edan ser transportados hacia una distribuidora porcina de la localidad de Mataderos.<\/p>\n\n\n\n<p>Alrededor de las 3 de la ma\u00f1ana del d\u00eda siguiente, el conductor detuvo la marcha del cami\u00f3n en la zona de banquina de la Ruta Nacional N\u00b0 7 cuando observ\u00f3 que un auto tipo \u201cSuzuki Fun\u201d rojo se le coloc\u00f3 a la par y descendi\u00f3 un sujeto armado con una escopeta y lo oblig\u00f3 a bajar del rodado. Mediando violencia el malviviente lo oblig\u00f3 a ingresar en el ba\u00fal de un segundo veh\u00edculo. Varias horas despu\u00e9s fue liberado en cercan\u00edas de la Ruta 6 y Ruta 3. El cami\u00f3n fue encontrado \u2013 sin la mercader\u00eda \u2013 en La Matanza horas despu\u00e9s del hecho.<\/p>\n\n\n\n<p>Tras reunir diversos elementos probatorios, el fiscal a cargo interinamente de la UFI 9 \u2013 dr. Sebasti\u00e1n Villalba \u2013 solicit\u00f3 una orden de allanamiento y secuestro, la cual fue concedida por Juzgado de Garant\u00edas N\u00ba 2 Departamental a cargo del Dr. Facundo Oliva.<\/p>\n\n\n\n<p>La medida se llev\u00f3 a cabo en la tarde de este mi\u00e9rcoles en un domicilio de la localidad de Gonz\u00e1lez Cat\u00e1n del partido de La Matanza. La misma fue llevada a cabo por personal policial de la DDI Luj\u00e1n.<\/p>\n\n\n\n<p>En el lugar se logr\u00f3 secuestrar el veh\u00edculo que fuera se\u00f1alado por la v\u00edctima, junto a otros elementos de inter\u00e9s. A su vez fue aprehendido un hombre de 37 a\u00f1os, imputado por el delito de \u201cRobo triplemente agravado por ser de mercader\u00eda en tr\u00e1nsito, por su comisi\u00f3n con armas de fuego y en lugar poblado y en banda\u201d y \u201cPrivaci\u00f3n ilegal de la libertad\u201d.<\/p>\n\n\n\n<p>Compareci\u00f3 ante el agente fiscal, en el marco de la audiencia de declaraci\u00f3n en los t\u00e9rminos del art. 308 del C\u00f3digo Procesal Penal, en la jornada de ayer.<\/p>\n\n\n\n<figure class=\"wp-block-image size-large\"><img loading=\"lazy\" decoding=\"async\" width=\"800\" height=\"601\" data-attachment-id=\"104235\" data-permalink=\"https:\/\/www.hoymercedes.com.ar\/principal\/2019\/12\/20\/lujan-un-aprehendido-por-pirateria-del-asfalto\/parte-l-n-022-01-800x601\/#main\" data-orig-file=\"https:\/\/www.hoymercedes.com.ar\/principal\/wp-content\/uploads\/2019\/12\/PARTE-L-N\u00b0-022-01-800x601-1.jpeg\" data-orig-size=\"800,601\" data-comments-opened=\"0\" data-image-meta=\"{&quot;aperture&quot;:&quot;0&quot;,&quot;credit&quot;:&quot;&quot;,&quot;camera&quot;:&quot;&quot;,&quot;caption&quot;:&quot;&quot;,&quot;created_timestamp&quot;:&quot;0&quot;,&quot;copyright&quot;:&quot;&quot;,&quot;focal_length&quot;:&quot;0&quot;,&quot;iso&quot;:&quot;0&quot;,&quot;shutter_speed&quot;:&quot;0&quot;,&quot;title&quot;:&quot;&quot;,&quot;orientation&quot;:&quot;0&quot;}\" data-image-title=\"PARTE L N\u00b0 022-01-800&amp;#215;601\" data-image-description=\"\" data-image-caption=\"\" data-large-file=\"https:\/\/www.hoymercedes.com.ar\/principal\/wp-content\/uploads\/2019\/12\/PARTE-L-N\u00b0-022-01-800x601-1.jpeg\" src=\"https:\/\/www.hoymercedes.com.ar\/principal\/wp-content\/uploads\/2019\/12\/PARTE-L-N\u00b0-022-01-800x601-1.jpeg\" alt=\"\" class=\"wp-image-104235\"\/><\/figure>\n","protected":false},"excerpt":{"rendered":"<p>A partir de una denuncia radicada en la DDI Luj\u00e1n el pasado 22 de octubre se inici\u00f3 una investigaci\u00f3n con &#8230; <a title=\"Luj\u00e1n: Un aprehendido por pirater\u00eda del asfalto\" class=\"read-more\" href=\"https:\/\/www.hoymercedes.com.ar\/principal\/2019\/12\/20\/lujan-un-aprehendido-por-pirateria-del-asfalto\/\" aria-label=\"Leer m\u00e1s sobre Luj\u00e1n: Un aprehendido por pirater\u00eda del asfalto\">Leer m\u00e1s<\/a><\/p>\n","protected":false},"author":1,"featured_media":104235,"comment_status":"closed","ping_status":"open","sticky":false,"template":"","format":"standard","meta":{"_monsterinsights_skip_tracking":false,"_monsterinsights_sitenote_active":false,"_monsterinsights_sitenote_note":"","_monsterinsights_sitenote_category":0,"jetpack_post_was_ever_published":false,"_jetpack_newsletter_access":"","_jetpack_dont_email_post_to_subs":false,"_jetpack_newsletter_tier_id":0,"_jetpack_memberships_contains_paywalled_content":false,"_jetpack_memberships_contains_paid_content":false,"footnotes":"","jetpack_publicize_message":"","jetpack_publicize_feature_enabled":true,"jetpack_social_post_already_shared":true,"jetpack_social_options":{"image_generator_settings":{"template":"highway","default_image_id":0,"font":"","enabled":false},"version":2},"_wpas_customize_per_network":false},"categories":[85],"tags":[86,96,1057],"class_list":["post-104234","post","type-post","status-publish","format-standard","has-post-thumbnail","hentry","category-policial","tag-lujan","tag-policial-2","tag-regional","generate-columns","tablet-grid-50","mobile-grid-100","grid-parent","grid-50"],"jetpack_publicize_connections":[],"jetpack_featured_media_url":"https:\/\/www.hoymercedes.com.ar\/principal\/wp-content\/uploads\/2019\/12\/PARTE-L-N\u00b0-022-01-800x601-1.jpeg","wps_subtitle":"Policial Regional","jetpack_sharing_enabled":true,"_links":{"self":[{"href":"https:\/\/www.hoymercedes.com.ar\/principal\/wp-json\/wp\/v2\/posts\/104234","targetHints":{"allow":["GET"]}}],"collection":[{"href":"https:\/\/www.hoymercedes.com.ar\/principal\/wp-json\/wp\/v2\/posts"}],"about":[{"href":"https:\/\/www.hoymercedes.com.ar\/principal\/wp-json\/wp\/v2\/types\/post"}],"author":[{"embeddable":true,"href":"https:\/\/www.hoymercedes.com.ar\/principal\/wp-json\/wp\/v2\/users\/1"}],"replies":[{"embeddable":true,"href":"https:\/\/www.hoymercedes.com.ar\/principal\/wp-json\/wp\/v2\/comments?post=104234"}],"version-history":[{"count":0,"href":"https:\/\/www.hoymercedes.com.ar\/principal\/wp-json\/wp\/v2\/posts\/104234\/revisions"}],"wp:featuredmedia":[{"embeddable":true,"href":"https:\/\/www.hoymercedes.com.ar\/principal\/wp-json\/wp\/v2\/media\/104235"}],"wp:attachment":[{"href":"https:\/\/www.hoymercedes.com.ar\/principal\/wp-json\/wp\/v2\/media?parent=104234"}],"wp:term":[{"taxonomy":"category","embeddable":true,"href":"https:\/\/www.hoymercedes.com.ar\/principal\/wp-json\/wp\/v2\/categories?post=104234"},{"taxonomy":"post_tag","embeddable":true,"href":"https:\/\/www.hoymercedes.com.ar\/principal\/wp-json\/wp\/v2\/tags?post=104234"}],"curies":[{"name":"wp","href":"https:\/\/api.w.org\/{rel}","templated":true}]}}