{"id":104274,"date":"2019-12-20T18:00:00","date_gmt":"2019-12-20T21:00:00","guid":{"rendered":"http:\/\/www.hoymercedes.com.ar\/principal\/?p=104274"},"modified":"2019-12-20T16:03:38","modified_gmt":"2019-12-20T19:03:38","slug":"cierre-del-ano-de-actividades-en-sapec","status":"publish","type":"post","link":"https:\/\/www.hoymercedes.com.ar\/principal\/2019\/12\/20\/cierre-del-ano-de-actividades-en-sapec\/","title":{"rendered":"Cierre del a\u00f1o de actividades en SAPEC"},"content":{"rendered":"\n<p>La Sala de Atenci\u00f3n a Personas con Enfermedades Cr\u00f3nicas del Hospital Blas L. Dubarry llev\u00f3 adelante una celebraci\u00f3n de fin de a\u00f1o, cerrando las actividades abiertas a la comunidad por este 2019. <\/p>\n\n\n\n<figure class=\"wp-block-image size-large\"><img loading=\"lazy\" decoding=\"async\" width=\"808\" height=\"538\" data-attachment-id=\"104270\" data-permalink=\"https:\/\/www.hoymercedes.com.ar\/principal\/2019\/12\/20\/rotary-mercedes-distinguio-a-las-personalidades-del-ano\/cierreano-sapec-4\/#main\" data-orig-file=\"https:\/\/www.hoymercedes.com.ar\/principal\/wp-content\/uploads\/2019\/12\/cierrea\u00f1o-SAPEC-4.jpg\" data-orig-size=\"808,538\" data-comments-opened=\"0\" data-image-meta=\"{&quot;aperture&quot;:&quot;0&quot;,&quot;credit&quot;:&quot;&quot;,&quot;camera&quot;:&quot;&quot;,&quot;caption&quot;:&quot;&quot;,&quot;created_timestamp&quot;:&quot;0&quot;,&quot;copyright&quot;:&quot;&quot;,&quot;focal_length&quot;:&quot;0&quot;,&quot;iso&quot;:&quot;0&quot;,&quot;shutter_speed&quot;:&quot;0&quot;,&quot;title&quot;:&quot;&quot;,&quot;orientation&quot;:&quot;0&quot;}\" data-image-title=\"cierrea\u00f1o SAPEC 4\" data-image-description=\"\" data-image-caption=\"\" data-large-file=\"https:\/\/www.hoymercedes.com.ar\/principal\/wp-content\/uploads\/2019\/12\/cierrea\u00f1o-SAPEC-4.jpg\" src=\"https:\/\/www.hoymercedes.com.ar\/principal\/wp-content\/uploads\/2019\/12\/cierrea\u00f1o-SAPEC-4.jpg\" alt=\"\" class=\"wp-image-104270\"\/><\/figure>\n\n\n\n<p>En una de los espacios de atenci\u00f3n a los pacientes que\nall\u00ed concurren, el esquipo de profesionales del SAPEC que encabeza la Dra.\nMarina Geracitano, brind\u00f3 informaci\u00f3n de datos estad\u00edsticos y por especialidad\ncon abordaje interdisciplinar dentro de la Sala as\u00ed como los logros obtenidos a\nlo largo del corriente a\u00f1o. <\/p>\n\n\n\n<p>Uno de los pacientes, durante el acto de cierre,\nagradeci\u00f3 en nombre de quienes asisten a la Sala con enfermedades cr\u00f3nicas:\n\u201cTodo el personal nos brinda cari\u00f1o permanente y el equipo de profesionales es\nel eslab\u00f3n inicial que crea la uni\u00f3n que hay entre todos los pacientes, se hace\nalgo alegre y din\u00e1mico\u201d. <\/p>\n\n\n\n<p>Con la presencia de los tres directores del Hospital Dubarry, los m\u00e9dicos Daniel Bandoni y Mariana Ceriotto y la Lic. Liliana Gil, los profesionales del SAPEC compartieron junto a sus pacientes relatos e historias de la evoluci\u00f3n favorable de sus patolog\u00edas. <\/p>\n\n\n\n<figure class=\"wp-block-image size-large\"><img loading=\"lazy\" decoding=\"async\" width=\"800\" height=\"450\" data-attachment-id=\"104269\" data-permalink=\"https:\/\/www.hoymercedes.com.ar\/principal\/2019\/12\/20\/rotary-mercedes-distinguio-a-las-personalidades-del-ano\/cierreano-sapec-5\/#main\" data-orig-file=\"https:\/\/www.hoymercedes.com.ar\/principal\/wp-content\/uploads\/2019\/12\/cierrea\u00f1o-SAPEC-5.jpg\" data-orig-size=\"800,450\" data-comments-opened=\"0\" data-image-meta=\"{&quot;aperture&quot;:&quot;0&quot;,&quot;credit&quot;:&quot;&quot;,&quot;camera&quot;:&quot;&quot;,&quot;caption&quot;:&quot;&quot;,&quot;created_timestamp&quot;:&quot;0&quot;,&quot;copyright&quot;:&quot;&quot;,&quot;focal_length&quot;:&quot;0&quot;,&quot;iso&quot;:&quot;0&quot;,&quot;shutter_speed&quot;:&quot;0&quot;,&quot;title&quot;:&quot;&quot;,&quot;orientation&quot;:&quot;0&quot;}\" data-image-title=\"cierrea\u00f1o SAPEC 5\" data-image-description=\"\" data-image-caption=\"\" data-large-file=\"https:\/\/www.hoymercedes.com.ar\/principal\/wp-content\/uploads\/2019\/12\/cierrea\u00f1o-SAPEC-5.jpg\" src=\"https:\/\/www.hoymercedes.com.ar\/principal\/wp-content\/uploads\/2019\/12\/cierrea\u00f1o-SAPEC-5.jpg\" alt=\"\" class=\"wp-image-104269\"\/><\/figure>\n","protected":false},"excerpt":{"rendered":"<p>La Sala de Atenci\u00f3n a Personas con Enfermedades Cr\u00f3nicas del Hospital Blas L. Dubarry llev\u00f3 adelante una celebraci\u00f3n de fin &#8230; <a title=\"Cierre del a\u00f1o de actividades en SAPEC\" class=\"read-more\" href=\"https:\/\/www.hoymercedes.com.ar\/principal\/2019\/12\/20\/cierre-del-ano-de-actividades-en-sapec\/\" aria-label=\"Leer m\u00e1s sobre Cierre del a\u00f1o de actividades en SAPEC\">Leer m\u00e1s<\/a><\/p>\n","protected":false},"author":1,"featured_media":104269,"comment_status":"closed","ping_status":"open","sticky":false,"template":"","format":"standard","meta":{"_monsterinsights_skip_tracking":false,"_monsterinsights_sitenote_active":false,"_monsterinsights_sitenote_note":"","_monsterinsights_sitenote_category":0,"jetpack_post_was_ever_published":false,"_jetpack_newsletter_access":"","_jetpack_dont_email_post_to_subs":false,"_jetpack_newsletter_tier_id":0,"_jetpack_memberships_contains_paywalled_content":false,"_jetpack_memberships_contains_paid_content":false,"footnotes":"","jetpack_publicize_message":"","jetpack_publicize_feature_enabled":true,"jetpack_social_post_already_shared":true,"jetpack_social_options":{"image_generator_settings":{"template":"highway","default_image_id":0,"font":"","enabled":false},"version":2},"_wpas_customize_per_network":false},"categories":[9791],"tags":[10398,624,134,13798],"class_list":["post-104274","post","type-post","status-publish","format-standard","has-post-thumbnail","hentry","category-salud","tag-cierre-de-ano","tag-hospital-blas-l-dubarry","tag-salud","tag-sapec","generate-columns","tablet-grid-50","mobile-grid-100","grid-parent","grid-50"],"jetpack_publicize_connections":[],"jetpack_featured_media_url":"https:\/\/www.hoymercedes.com.ar\/principal\/wp-content\/uploads\/2019\/12\/cierrea\u00f1o-SAPEC-5.jpg","wps_subtitle":"Con pacientes y profesionales de la salud","jetpack_sharing_enabled":true,"_links":{"self":[{"href":"https:\/\/www.hoymercedes.com.ar\/principal\/wp-json\/wp\/v2\/posts\/104274","targetHints":{"allow":["GET"]}}],"collection":[{"href":"https:\/\/www.hoymercedes.com.ar\/principal\/wp-json\/wp\/v2\/posts"}],"about":[{"href":"https:\/\/www.hoymercedes.com.ar\/principal\/wp-json\/wp\/v2\/types\/post"}],"author":[{"embeddable":true,"href":"https:\/\/www.hoymercedes.com.ar\/principal\/wp-json\/wp\/v2\/users\/1"}],"replies":[{"embeddable":true,"href":"https:\/\/www.hoymercedes.com.ar\/principal\/wp-json\/wp\/v2\/comments?post=104274"}],"version-history":[{"count":0,"href":"https:\/\/www.hoymercedes.com.ar\/principal\/wp-json\/wp\/v2\/posts\/104274\/revisions"}],"wp:featuredmedia":[{"embeddable":true,"href":"https:\/\/www.hoymercedes.com.ar\/principal\/wp-json\/wp\/v2\/media\/104269"}],"wp:attachment":[{"href":"https:\/\/www.hoymercedes.com.ar\/principal\/wp-json\/wp\/v2\/media?parent=104274"}],"wp:term":[{"taxonomy":"category","embeddable":true,"href":"https:\/\/www.hoymercedes.com.ar\/principal\/wp-json\/wp\/v2\/categories?post=104274"},{"taxonomy":"post_tag","embeddable":true,"href":"https:\/\/www.hoymercedes.com.ar\/principal\/wp-json\/wp\/v2\/tags?post=104274"}],"curies":[{"name":"wp","href":"https:\/\/api.w.org\/{rel}","templated":true}]}}