{"id":104316,"date":"2019-12-21T10:57:00","date_gmt":"2019-12-21T13:57:00","guid":{"rendered":"http:\/\/www.hoymercedes.com.ar\/principal\/?p=104316"},"modified":"2019-12-21T14:27:57","modified_gmt":"2019-12-21T17:27:57","slug":"ley-de-solidaridad-social-y-reactivacion-productiva-carlos-selva-hablo-en-el-congreso","status":"publish","type":"post","link":"https:\/\/www.hoymercedes.com.ar\/principal\/2019\/12\/21\/ley-de-solidaridad-social-y-reactivacion-productiva-carlos-selva-hablo-en-el-congreso\/","title":{"rendered":"Ley de Solidaridad Social y Reactivaci\u00f3n Productiva: Carlos Selva habl\u00f3 en el Congreso"},"content":{"rendered":"\n<p>\u00abLa principal definici\u00f3n que tiene esta ley, es la de un modelo de pa\u00eds. Para nosotros no es el mercado el que ordena todo, es el Estado\u00bb, sostuvo el diputado nacional Carlos Selva.<\/p>\n\n\n\n<p>\u00abEsta ley es el primer paso para cambiar un modelo de pa\u00eds que permita a las y los argentinos ponernos de pie\u00bb, dijo.<\/p>\n\n\n\n<p>A continuaci\u00f3n, su intervenci\u00f3n en la sesi\u00f3n: <\/p>\n\n\n\n<figure class=\"wp-block-embed-youtube wp-block-embed is-type-video is-provider-youtube wp-embed-aspect-16-9 wp-has-aspect-ratio\"><div class=\"wp-block-embed__wrapper\">\n<span class=\"embed-youtube\" style=\"text-align:center; display: block;\"><iframe loading=\"lazy\" class=\"youtube-player\" width=\"1200\" height=\"675\" src=\"https:\/\/www.youtube.com\/embed\/_KGYXhPniqo?version=3&#038;rel=1&#038;showsearch=0&#038;showinfo=1&#038;iv_load_policy=1&#038;fs=1&#038;hl=es-ES&#038;autohide=2&#038;wmode=transparent\" allowfullscreen=\"true\" style=\"border:0;\" sandbox=\"allow-scripts allow-same-origin allow-popups allow-presentation allow-popups-to-escape-sandbox\"><\/iframe><\/span>\n<\/div><\/figure>\n","protected":false},"excerpt":{"rendered":"<p>\u00abLa principal definici\u00f3n que tiene esta ley, es la de un modelo de pa\u00eds. Para nosotros no es el mercado &#8230; <a title=\"Ley de Solidaridad Social y Reactivaci\u00f3n Productiva: Carlos Selva habl\u00f3 en el Congreso\" class=\"read-more\" href=\"https:\/\/www.hoymercedes.com.ar\/principal\/2019\/12\/21\/ley-de-solidaridad-social-y-reactivacion-productiva-carlos-selva-hablo-en-el-congreso\/\" aria-label=\"Leer m\u00e1s sobre Ley de Solidaridad Social y Reactivaci\u00f3n Productiva: Carlos Selva habl\u00f3 en el Congreso\">Leer m\u00e1s<\/a><\/p>\n","protected":false},"author":1,"featured_media":95556,"comment_status":"closed","ping_status":"open","sticky":false,"template":"","format":"standard","meta":{"_monsterinsights_skip_tracking":false,"_monsterinsights_sitenote_active":false,"_monsterinsights_sitenote_note":"","_monsterinsights_sitenote_category":0,"jetpack_post_was_ever_published":false,"_jetpack_newsletter_access":"","_jetpack_dont_email_post_to_subs":false,"_jetpack_newsletter_tier_id":0,"_jetpack_memberships_contains_paywalled_content":false,"_jetpack_memberships_contains_paid_content":false,"footnotes":"","jetpack_publicize_message":"","jetpack_publicize_feature_enabled":true,"jetpack_social_post_already_shared":true,"jetpack_social_options":{"image_generator_settings":{"template":"highway","default_image_id":0,"font":"","enabled":false},"version":2},"_wpas_customize_per_network":false},"categories":[5210],"tags":[39,13472,10113],"class_list":["post-104316","post","type-post","status-publish","format-standard","has-post-thumbnail","hentry","category-politica-nacional","tag-carlos-selva","tag-ley","tag-politica-nacional","generate-columns","tablet-grid-50","mobile-grid-100","grid-parent","grid-50"],"jetpack_publicize_connections":[],"jetpack_featured_media_url":"https:\/\/www.hoymercedes.com.ar\/principal\/wp-content\/uploads\/2019\/06\/wado-lalo-selva.jpg","wps_subtitle":"","jetpack_sharing_enabled":true,"_links":{"self":[{"href":"https:\/\/www.hoymercedes.com.ar\/principal\/wp-json\/wp\/v2\/posts\/104316","targetHints":{"allow":["GET"]}}],"collection":[{"href":"https:\/\/www.hoymercedes.com.ar\/principal\/wp-json\/wp\/v2\/posts"}],"about":[{"href":"https:\/\/www.hoymercedes.com.ar\/principal\/wp-json\/wp\/v2\/types\/post"}],"author":[{"embeddable":true,"href":"https:\/\/www.hoymercedes.com.ar\/principal\/wp-json\/wp\/v2\/users\/1"}],"replies":[{"embeddable":true,"href":"https:\/\/www.hoymercedes.com.ar\/principal\/wp-json\/wp\/v2\/comments?post=104316"}],"version-history":[{"count":0,"href":"https:\/\/www.hoymercedes.com.ar\/principal\/wp-json\/wp\/v2\/posts\/104316\/revisions"}],"wp:featuredmedia":[{"embeddable":true,"href":"https:\/\/www.hoymercedes.com.ar\/principal\/wp-json\/wp\/v2\/media\/95556"}],"wp:attachment":[{"href":"https:\/\/www.hoymercedes.com.ar\/principal\/wp-json\/wp\/v2\/media?parent=104316"}],"wp:term":[{"taxonomy":"category","embeddable":true,"href":"https:\/\/www.hoymercedes.com.ar\/principal\/wp-json\/wp\/v2\/categories?post=104316"},{"taxonomy":"post_tag","embeddable":true,"href":"https:\/\/www.hoymercedes.com.ar\/principal\/wp-json\/wp\/v2\/tags?post=104316"}],"curies":[{"name":"wp","href":"https:\/\/api.w.org\/{rel}","templated":true}]}}