{"id":104331,"date":"2019-12-22T07:17:00","date_gmt":"2019-12-22T10:17:00","guid":{"rendered":"http:\/\/www.hoymercedes.com.ar\/principal\/?p=104331"},"modified":"2019-12-21T14:25:33","modified_gmt":"2019-12-21T17:25:33","slug":"calidad-del-agua-en-una-localidad-de-la-provincia-de-buenos-aires","status":"publish","type":"post","link":"https:\/\/www.hoymercedes.com.ar\/principal\/2019\/12\/22\/calidad-del-agua-en-una-localidad-de-la-provincia-de-buenos-aires\/","title":{"rendered":"Calidad del Agua en una localidad de la Provincia de Buenos Aires"},"content":{"rendered":"\n<p>Por Cristi\u00e1n\nFrers* &#8211; A veces me sorprendo y nunca voy a dejar de hacerlo ante la pasividad\nde la gente, de la se\u00f1ora y del se\u00f1or \u201ccom\u00fan\u201d, quienes salen todos los d\u00edas a\ntrabajar en su localidad, de los funcionarios p\u00fablicos y pol\u00edticos quienes\n\u201csupuestamente\u201d saben lo que \u201chacen\u201d.<\/p>\n\n\n\n<p>Para toda\nesta GENTE, sea capacitada, \u201cprofesional\u201d o no, la calidad de agua se debe determinar comparando las caracter\u00edsticas\nf\u00edsicas y qu\u00edmicas de una muestra de agua con unas directrices de calidad del\nagua o est\u00e1ndares. En el caso del agua potable, estas normas se establecen para\nasegurar un suministro de agua limpia y saludable para el consumo humano y, de\neste modo, proteger la salud de las personas. Estas normas se basan normalmente\nen unos niveles de toxicidad cient\u00edficamente aceptables tanto para los humanos\ncomo para los organismos acu\u00e1tico.<\/p>\n\n\n\n<p>El principal problema lo constituye la eutrofizaci\u00f3n, que es el resultado\nde un aumento de los niveles de nutrientes, generalmente f\u00f3sforo y nitr\u00f3geno, y\nafecta sustancialmente a los usos del agua. Las mayores fuentes de nutrientes\nprovienen de la escorrent\u00eda agr\u00edcola y de las aguas residuales dom\u00e9sticas y de\nefluentes industriales.<\/p>\n\n\n\n<p>Durante a\u00f1os he vivido en la localidad de Carmen de Areco \u2013 Provincia de\nBuenos Aires llevando propuestas y proyectos con relaci\u00f3n al agua como la\nutilizaci\u00f3n de humedales artificiales para minimizar la contaminaci\u00f3n en aguas\nsuperficiales<\/p>\n\n\n\n<p>Lo que vengo proponiendo desde entonces y hasta el momento no se ha\nrealizado nada porque desde el 2005 al 2019 han pasado 14 a\u00f1os, ni siquiera le\nhan prestado atenci\u00f3n. Es que se implemente el uso de humedales artificiales\npara evitar o disminuir significativamente que los f\u00f3sforos lleguen a las aguas\ndel r\u00edo Areco. Los humedales son zonas de transici\u00f3n entre el medio acu\u00e1tico y\nel terrestre convirti\u00e9ndose en sumideros donde, a trav\u00e9s de ellos, se disminuye\nlas alteraciones de elementos org\u00e1nicos e inorg\u00e1nicos. Esta podr\u00eda convertirse\nen una soluci\u00f3n biotecnol\u00f3gica para solucionar el problema de contaminaci\u00f3n en\nr\u00edos, lagos y lagunas<\/p>\n\n\n\n<p>Ya no vivo m\u00e1s en la localidad de Carmen de Areco, seguramente soy\nconsiderado como un \u201cenemigo del pueblo\u201d por todo lo que dije y quise\nimplementar por la salud de 18.000 habitantes\u2026 Yo ya me fui, pero la GENTE se\nqueda.<\/p>\n\n\n\n<p>Les quiero hacer conocer el \u00faltimo informe t\u00e9cnico, que me llego hace unos\nd\u00edas, m\u00e1s precisamente el 3 de diciembre de 2019. llevado a cabo por la\nAutoridad del Agua de la Provincia de Buenos Aires, que me lo hicieron llegar a\ntrav\u00e9s de la Defensor\u00eda del Pueblo de la Provincia de Buenos Aires, por una\nqueja expediente 7520 hecha por quien suscribe en el a\u00f1o 2015.<\/p>\n\n\n\n<p>El informe t\u00e9cnico es del 2017 y me gustar\u00eda recalcar que es con el \u00faltimo\ninforme que se cuenta, el cual expresa:<\/p>\n\n\n\n<p><em>En la localidad existen siete pozos en funcionamiento y tres a cegar en la zona urbana que bombea directamente a la red, clor\u00e1ndose en el lugar y utiliz\u00e1ndose un viejo tanque de mil metros c\u00fabicos para mantener la presi\u00f3n estable en toda la localidad<\/em>. <br><em>Pozo dos: es un pozo nuevo sin clorador ni tapa, posee muy baja la brida de tapa con el riesgo de ingreso de agua externa al mismo.<\/em><br><em>Pozo tres: en desuso.<\/em> <br><em>Pozo cuatro: esta desafectado.<\/em> <br><em>Pozo cinco: Se encuentra inundado con clorador, posee cables sueltos en su interior, posee oxidados los ca\u00f1os y no posee seguridad.<\/em> <br><em>Pozo seis: dejo de funcionar, se hizo uno nuevo en el lugar, no posee tapa y clorador a la intemperie.<\/em><br><em>Pozo siete: est\u00e1 inundado.<\/em><br><em>Pozo ocho: Se encuentra inundado con clorador, posee cables sueltos en su interior, posee oxidados los ca\u00f1os y no posee seguridad.<\/em> <br><em>Pozo nueve: no posee seguridad, sin tapa, no posee clorador ni canilla para tomar muestras.<\/em> <br><em>Pozo diez: no posee seguridad ni clorador.<\/em> <br><em>Pozo once: no posee clorador, ni canilla ni tapa.<\/em><br><em>El prestador no lleva registro de los reclamos por intervenciones en las redes tanto de agua como cloacales, no pudiendo valorarse los tiempos de respuestas frente a reclamos por: falta de agua o presi\u00f3n insuficiente, fuga de agua, desbordes cloacales, obstrucciones cloacales, u otros reclamos t\u00e9cnicos.<\/em><\/p>\n\n\n\n<p><em>No se llevan registro de la producci\u00f3n del agua. No se han exhibido\nregistros de la evoluci\u00f3n de conexiones domiciliarias: existentes, nuevas\nconexiones en radio servido y a los que se les cobra por tasa.<\/em><\/p>\n\n\n\n<p><em>Respecto al mantenimiento de la red de agua, no se ha dado a conocer la\nlongitud total de la red, como tampoco los di\u00e1metros, distintos materiales que\nla constituyen, ni la calidad de normas de maniobra de la misma.<\/em><\/p>\n\n\n\n<p><em>La planta depuradora se encuentra en muy malas condiciones (a\u00f1o 2017), no\nobteni\u00e9ndose por parte del prestador dato certero de la capacidad de\ntratamiento por habitante, aunque suponen que tratar\u00edan el efluente de 30.000\nhabitantes, menos a\u00fan respecto de los barros producidos que directamente no los\nretiran. As\u00ed mismo se comenz\u00f3 una obra de una nueva planta que se terminar\u00eda en\nun a\u00f1o y de la que no poseen Pliego de Base y Condiciones como para saber lo\nque se est\u00e1 construyendo.<\/em><\/p>\n\n\n\n<p>Esto fue en\nel a\u00f1o 2017\u2026 \u00bfAlguien cree realmente que algo de lo expuesto a cambiado o\nmejorado en el a\u00f1o 2019? Es que no estamos hablando solo de \u201cpececitos de\ncolores\u201d, hablamos de la salud de la poblaci\u00f3n de la localidad. Seguramente no\nes en la \u00fanica localidad de la provincia que sucede esto\u2026 Pero, por favor, les\ndigo a los pol\u00edticos; si hablan de DESARROLLO SUSTENTABLE que ese desarrollo\nsea cierto y serio. Me importa muy poco si la gesti\u00f3n de gobierno local,\nprovincial o nacional es peronista, radical, liberal, kirchnerista, socialista,\ncomunista, de CAMBIEMOS, vecinalista, azul, rojo o amarillo.<\/p>\n\n\n\n<p>Cada vez se nota m\u00e1s como la ausencia bien definida de contar con buenas\npol\u00edticas ambientales ha generado serios problemas en el entorno para muchas\nlocalidades, regiones y pa\u00edses. Se sabe del poco inter\u00e9s que los gobiernos le\nhan dado a la pol\u00edtica ambiental, especialmente a la protecci\u00f3n del ambiente,\nqui\u00e9n ha dejado huellas significativas en el Argentina, no solo en el\ndeterioramiento de su clima, biodiversidad y entorno, en donde muchas personas\nsufren de las consecuencias de la contaminaci\u00f3n ambiental.<\/p>\n\n\n\n<p>*Cristi\u00e1n\nFrers \u2013 T\u00e9cnico Superior en Gesti\u00f3n Ambiental y T\u00e9cnico Superior en\nComunicaci\u00f3n Social (Periodista).<\/p>\n","protected":false},"excerpt":{"rendered":"<p>Por Cristi\u00e1n Frers* &#8211; A veces me sorprendo y nunca voy a dejar de hacerlo ante la pasividad de la &#8230; <a title=\"Calidad del Agua en una localidad de la Provincia de Buenos Aires\" class=\"read-more\" href=\"https:\/\/www.hoymercedes.com.ar\/principal\/2019\/12\/22\/calidad-del-agua-en-una-localidad-de-la-provincia-de-buenos-aires\/\" aria-label=\"Leer m\u00e1s sobre Calidad del Agua en una localidad de la Provincia de Buenos Aires\">Leer m\u00e1s<\/a><\/p>\n","protected":false},"author":1,"featured_media":90281,"comment_status":"closed","ping_status":"open","sticky":false,"template":"","format":"standard","meta":{"_monsterinsights_skip_tracking":false,"_monsterinsights_sitenote_active":false,"_monsterinsights_sitenote_note":"","_monsterinsights_sitenote_category":0,"jetpack_post_was_ever_published":false,"_jetpack_newsletter_access":"","_jetpack_dont_email_post_to_subs":false,"_jetpack_newsletter_tier_id":0,"_jetpack_memberships_contains_paywalled_content":false,"_jetpack_memberships_contains_paid_content":false,"footnotes":"","jetpack_publicize_message":"","jetpack_publicize_feature_enabled":true,"jetpack_social_post_already_shared":true,"jetpack_social_options":{"image_generator_settings":{"template":"highway","default_image_id":0,"font":"","enabled":false},"version":2},"_wpas_customize_per_network":false},"categories":[1],"tags":[16081,8748,2427],"class_list":["post-104331","post","type-post","status-publish","format-standard","has-post-thumbnail","hentry","category-opinion","tag-calidad-de-agua","tag-opinion","tag-san-antonio-de-areco","generate-columns","tablet-grid-50","mobile-grid-100","grid-parent","grid-50"],"jetpack_publicize_connections":[],"jetpack_featured_media_url":"https:\/\/www.hoymercedes.com.ar\/principal\/wp-content\/uploads\/2019\/03\/28-agua-1.jpg","wps_subtitle":"Regional","jetpack_sharing_enabled":true,"_links":{"self":[{"href":"https:\/\/www.hoymercedes.com.ar\/principal\/wp-json\/wp\/v2\/posts\/104331","targetHints":{"allow":["GET"]}}],"collection":[{"href":"https:\/\/www.hoymercedes.com.ar\/principal\/wp-json\/wp\/v2\/posts"}],"about":[{"href":"https:\/\/www.hoymercedes.com.ar\/principal\/wp-json\/wp\/v2\/types\/post"}],"author":[{"embeddable":true,"href":"https:\/\/www.hoymercedes.com.ar\/principal\/wp-json\/wp\/v2\/users\/1"}],"replies":[{"embeddable":true,"href":"https:\/\/www.hoymercedes.com.ar\/principal\/wp-json\/wp\/v2\/comments?post=104331"}],"version-history":[{"count":0,"href":"https:\/\/www.hoymercedes.com.ar\/principal\/wp-json\/wp\/v2\/posts\/104331\/revisions"}],"wp:featuredmedia":[{"embeddable":true,"href":"https:\/\/www.hoymercedes.com.ar\/principal\/wp-json\/wp\/v2\/media\/90281"}],"wp:attachment":[{"href":"https:\/\/www.hoymercedes.com.ar\/principal\/wp-json\/wp\/v2\/media?parent=104331"}],"wp:term":[{"taxonomy":"category","embeddable":true,"href":"https:\/\/www.hoymercedes.com.ar\/principal\/wp-json\/wp\/v2\/categories?post=104331"},{"taxonomy":"post_tag","embeddable":true,"href":"https:\/\/www.hoymercedes.com.ar\/principal\/wp-json\/wp\/v2\/tags?post=104331"}],"curies":[{"name":"wp","href":"https:\/\/api.w.org\/{rel}","templated":true}]}}