{"id":104440,"date":"2019-12-26T13:58:00","date_gmt":"2019-12-26T16:58:00","guid":{"rendered":"http:\/\/www.hoymercedes.com.ar\/principal\/?p=104440"},"modified":"2019-12-26T12:03:49","modified_gmt":"2019-12-26T15:03:49","slug":"sigue-star-wars-sumando-entre-navajas-y-secretos","status":"publish","type":"post","link":"https:\/\/www.hoymercedes.com.ar\/principal\/2019\/12\/26\/sigue-star-wars-sumando-entre-navajas-y-secretos\/","title":{"rendered":"Sigue Star Wars sumando entre navajas y secretos"},"content":{"rendered":"\n<p>El Cine Mercedes en la \u00faltima semana del a\u00f1o pondr\u00e1 en pantalla dos pel\u00edculas. Desde el viernes 27 y hasta el lunes 30 de diciembre, continuar\u00e1 la proyecci\u00f3n de Star Wars Episodio IX en la funci\u00f3n de la hora 22:30 y se le suma el policial \u00abEntre Navajas y Secretos\u00bb en la funci\u00f3n de la hora 19:30. <\/p>\n\n\n\n<figure class=\"wp-block-image size-large\"><img loading=\"lazy\" decoding=\"async\" width=\"768\" height=\"788\" data-attachment-id=\"104441\" data-permalink=\"https:\/\/www.hoymercedes.com.ar\/principal\/2019\/12\/26\/sigue-star-wars-sumando-entre-navajas-y-secretos\/gacetilla-cine-mercedes-9\/#main\" data-orig-file=\"https:\/\/www.hoymercedes.com.ar\/principal\/wp-content\/uploads\/2019\/12\/Gacetilla-Cine-Mercedes-9.jpg\" data-orig-size=\"768,788\" data-comments-opened=\"0\" data-image-meta=\"{&quot;aperture&quot;:&quot;0&quot;,&quot;credit&quot;:&quot;&quot;,&quot;camera&quot;:&quot;&quot;,&quot;caption&quot;:&quot;&quot;,&quot;created_timestamp&quot;:&quot;0&quot;,&quot;copyright&quot;:&quot;&quot;,&quot;focal_length&quot;:&quot;0&quot;,&quot;iso&quot;:&quot;0&quot;,&quot;shutter_speed&quot;:&quot;0&quot;,&quot;title&quot;:&quot;&quot;,&quot;orientation&quot;:&quot;0&quot;}\" data-image-title=\"Gacetilla-Cine-Mercedes-9\" data-image-description=\"\" data-image-caption=\"\" data-large-file=\"https:\/\/www.hoymercedes.com.ar\/principal\/wp-content\/uploads\/2019\/12\/Gacetilla-Cine-Mercedes-9.jpg\" src=\"https:\/\/www.hoymercedes.com.ar\/principal\/wp-content\/uploads\/2019\/12\/Gacetilla-Cine-Mercedes-9.jpg\" alt=\"\" class=\"wp-image-104441\"\/><\/figure>\n","protected":false},"excerpt":{"rendered":"<p>El Cine Mercedes en la \u00faltima semana del a\u00f1o pondr\u00e1 en pantalla dos pel\u00edculas. Desde el viernes 27 y hasta &#8230; <a title=\"Sigue Star Wars sumando entre navajas y secretos\" class=\"read-more\" href=\"https:\/\/www.hoymercedes.com.ar\/principal\/2019\/12\/26\/sigue-star-wars-sumando-entre-navajas-y-secretos\/\" aria-label=\"Leer m\u00e1s sobre Sigue Star Wars sumando entre navajas y secretos\">Leer m\u00e1s<\/a><\/p>\n","protected":false},"author":1,"featured_media":104160,"comment_status":"closed","ping_status":"open","sticky":false,"template":"","format":"standard","meta":{"_monsterinsights_skip_tracking":false,"_monsterinsights_sitenote_active":false,"_monsterinsights_sitenote_note":"","_monsterinsights_sitenote_category":0,"jetpack_post_was_ever_published":false,"_jetpack_newsletter_access":"","_jetpack_dont_email_post_to_subs":false,"_jetpack_newsletter_tier_id":0,"_jetpack_memberships_contains_paywalled_content":false,"_jetpack_memberships_contains_paid_content":false,"footnotes":"","jetpack_publicize_message":"","jetpack_publicize_feature_enabled":true,"jetpack_social_post_already_shared":true,"jetpack_social_options":{"image_generator_settings":{"template":"highway","default_image_id":0,"font":"","enabled":false},"version":2},"_wpas_customize_per_network":false},"categories":[104],"tags":[13911,984,8642],"class_list":["post-104440","post","type-post","status-publish","format-standard","has-post-thumbnail","hentry","category-cultura","tag-cartelera-local","tag-cine-mercedes","tag-programacion","generate-columns","tablet-grid-50","mobile-grid-100","grid-parent","grid-50"],"jetpack_publicize_connections":[],"jetpack_featured_media_url":"https:\/\/www.hoymercedes.com.ar\/principal\/wp-content\/uploads\/2019\/12\/19-cine-mercedes-star-wars.jpg","wps_subtitle":"Cartelera Local","jetpack_sharing_enabled":true,"_links":{"self":[{"href":"https:\/\/www.hoymercedes.com.ar\/principal\/wp-json\/wp\/v2\/posts\/104440","targetHints":{"allow":["GET"]}}],"collection":[{"href":"https:\/\/www.hoymercedes.com.ar\/principal\/wp-json\/wp\/v2\/posts"}],"about":[{"href":"https:\/\/www.hoymercedes.com.ar\/principal\/wp-json\/wp\/v2\/types\/post"}],"author":[{"embeddable":true,"href":"https:\/\/www.hoymercedes.com.ar\/principal\/wp-json\/wp\/v2\/users\/1"}],"replies":[{"embeddable":true,"href":"https:\/\/www.hoymercedes.com.ar\/principal\/wp-json\/wp\/v2\/comments?post=104440"}],"version-history":[{"count":0,"href":"https:\/\/www.hoymercedes.com.ar\/principal\/wp-json\/wp\/v2\/posts\/104440\/revisions"}],"wp:featuredmedia":[{"embeddable":true,"href":"https:\/\/www.hoymercedes.com.ar\/principal\/wp-json\/wp\/v2\/media\/104160"}],"wp:attachment":[{"href":"https:\/\/www.hoymercedes.com.ar\/principal\/wp-json\/wp\/v2\/media?parent=104440"}],"wp:term":[{"taxonomy":"category","embeddable":true,"href":"https:\/\/www.hoymercedes.com.ar\/principal\/wp-json\/wp\/v2\/categories?post=104440"},{"taxonomy":"post_tag","embeddable":true,"href":"https:\/\/www.hoymercedes.com.ar\/principal\/wp-json\/wp\/v2\/tags?post=104440"}],"curies":[{"name":"wp","href":"https:\/\/api.w.org\/{rel}","templated":true}]}}