{"id":104471,"date":"2019-12-27T09:21:00","date_gmt":"2019-12-27T12:21:00","guid":{"rendered":"http:\/\/www.hoymercedes.com.ar\/principal\/?p=104471"},"modified":"2019-12-28T15:04:11","modified_gmt":"2019-12-28T18:04:11","slug":"homenaje-a-betty-campi-con-sus-pinturas-en-un-almanaque","status":"publish","type":"post","link":"https:\/\/www.hoymercedes.com.ar\/principal\/2019\/12\/27\/homenaje-a-betty-campi-con-sus-pinturas-en-un-almanaque\/","title":{"rendered":"Homenaje a Betty Campi con sus pinturas en un almanaque"},"content":{"rendered":"\n<p>Este viernes, 19 horas, en el Museo V\u00edctor M\u00edguez, se har\u00e1 la presentaci\u00f3n oficial del almanaque 2020 que re\u00fane reproducciones de cuadros pintados por la artista pl\u00e1stica Betty Campi de Mouhsen fallecida este a\u00f1o. Durante el acto homenaje se entregar\u00e1n 300 ejemplares de manera gratuita a quienes asistan. <\/p>\n\n\n\n<p>El almanaque re\u00fane la reproducci\u00f3n de 12 de los m\u00e1s de 100 cuadros que Betty ten\u00eda en su casa. La selecci\u00f3n de los cuadros los lleg\u00f3 a hacer ella misma, semanas antes de <a rel=\"noreferrer noopener\" aria-label=\"fallecer (opens in a new tab)\" href=\"https:\/\/www.hoymercedes.com.ar\/principal\/2019\/10\/11\/fallecio-la-artista-plastica-betty-campi-de-mouhsen\/\" target=\"_blank\">fallecer<\/a> en el mes de octubre. En este homenaje a la artista pl\u00e1stica se har\u00e1n presente su marido y familia que fueron invitados especialmente. <\/p>\n\n\n\n<figure class=\"wp-block-image size-large\"><img loading=\"lazy\" decoding=\"async\" width=\"800\" height=\"586\" data-attachment-id=\"104473\" data-permalink=\"https:\/\/www.hoymercedes.com.ar\/principal\/2019\/12\/27\/homenaje-a-betty-campi-con-sus-pinturas-en-un-almanaque\/27-pasarela-betty\/#main\" data-orig-file=\"https:\/\/www.hoymercedes.com.ar\/principal\/wp-content\/uploads\/2019\/12\/27-pasarela-betty.jpg\" data-orig-size=\"800,586\" data-comments-opened=\"0\" data-image-meta=\"{&quot;aperture&quot;:&quot;0&quot;,&quot;credit&quot;:&quot;&quot;,&quot;camera&quot;:&quot;&quot;,&quot;caption&quot;:&quot;&quot;,&quot;created_timestamp&quot;:&quot;0&quot;,&quot;copyright&quot;:&quot;&quot;,&quot;focal_length&quot;:&quot;0&quot;,&quot;iso&quot;:&quot;0&quot;,&quot;shutter_speed&quot;:&quot;0&quot;,&quot;title&quot;:&quot;&quot;,&quot;orientation&quot;:&quot;0&quot;}\" data-image-title=\"27 pasarela betty\" data-image-description=\"\" data-image-caption=\"\" data-large-file=\"https:\/\/www.hoymercedes.com.ar\/principal\/wp-content\/uploads\/2019\/12\/27-pasarela-betty.jpg\" src=\"https:\/\/www.hoymercedes.com.ar\/principal\/wp-content\/uploads\/2019\/12\/27-pasarela-betty.jpg\" alt=\"\" class=\"wp-image-104473\"\/><figcaption>La pasarela de la mano de Betty Campi<\/figcaption><\/figure>\n","protected":false},"excerpt":{"rendered":"<p>Este viernes, 19 horas, en el Museo V\u00edctor M\u00edguez, se har\u00e1 la presentaci\u00f3n oficial del almanaque 2020 que re\u00fane reproducciones &#8230; <a title=\"Homenaje a Betty Campi con sus pinturas en un almanaque\" class=\"read-more\" href=\"https:\/\/www.hoymercedes.com.ar\/principal\/2019\/12\/27\/homenaje-a-betty-campi-con-sus-pinturas-en-un-almanaque\/\" aria-label=\"Leer m\u00e1s sobre Homenaje a Betty Campi con sus pinturas en un almanaque\">Leer m\u00e1s<\/a><\/p>\n","protected":false},"author":1,"featured_media":104473,"comment_status":"closed","ping_status":"open","sticky":false,"template":"","format":"standard","meta":{"_monsterinsights_skip_tracking":false,"_monsterinsights_sitenote_active":false,"_monsterinsights_sitenote_note":"","_monsterinsights_sitenote_category":0,"jetpack_post_was_ever_published":false,"_jetpack_newsletter_access":"","_jetpack_dont_email_post_to_subs":false,"_jetpack_newsletter_tier_id":0,"_jetpack_memberships_contains_paywalled_content":false,"_jetpack_memberships_contains_paid_content":false,"footnotes":"","jetpack_publicize_message":"","jetpack_publicize_feature_enabled":true,"jetpack_social_post_already_shared":true,"jetpack_social_options":{"image_generator_settings":{"template":"highway","default_image_id":0,"font":"","enabled":false},"version":2},"_wpas_customize_per_network":false},"categories":[104],"tags":[9356,7805,3766],"class_list":["post-104471","post","type-post","status-publish","format-standard","has-post-thumbnail","hentry","category-cultura","tag-betty-campi","tag-cultura","tag-museo-miguez","generate-columns","tablet-grid-50","mobile-grid-100","grid-parent","grid-50"],"jetpack_publicize_connections":[],"jetpack_featured_media_url":"https:\/\/www.hoymercedes.com.ar\/principal\/wp-content\/uploads\/2019\/12\/27-pasarela-betty.jpg","wps_subtitle":"Viernes 27, 19 horas","jetpack_sharing_enabled":true,"_links":{"self":[{"href":"https:\/\/www.hoymercedes.com.ar\/principal\/wp-json\/wp\/v2\/posts\/104471","targetHints":{"allow":["GET"]}}],"collection":[{"href":"https:\/\/www.hoymercedes.com.ar\/principal\/wp-json\/wp\/v2\/posts"}],"about":[{"href":"https:\/\/www.hoymercedes.com.ar\/principal\/wp-json\/wp\/v2\/types\/post"}],"author":[{"embeddable":true,"href":"https:\/\/www.hoymercedes.com.ar\/principal\/wp-json\/wp\/v2\/users\/1"}],"replies":[{"embeddable":true,"href":"https:\/\/www.hoymercedes.com.ar\/principal\/wp-json\/wp\/v2\/comments?post=104471"}],"version-history":[{"count":0,"href":"https:\/\/www.hoymercedes.com.ar\/principal\/wp-json\/wp\/v2\/posts\/104471\/revisions"}],"wp:featuredmedia":[{"embeddable":true,"href":"https:\/\/www.hoymercedes.com.ar\/principal\/wp-json\/wp\/v2\/media\/104473"}],"wp:attachment":[{"href":"https:\/\/www.hoymercedes.com.ar\/principal\/wp-json\/wp\/v2\/media?parent=104471"}],"wp:term":[{"taxonomy":"category","embeddable":true,"href":"https:\/\/www.hoymercedes.com.ar\/principal\/wp-json\/wp\/v2\/categories?post=104471"},{"taxonomy":"post_tag","embeddable":true,"href":"https:\/\/www.hoymercedes.com.ar\/principal\/wp-json\/wp\/v2\/tags?post=104471"}],"curies":[{"name":"wp","href":"https:\/\/api.w.org\/{rel}","templated":true}]}}