{"id":104497,"date":"2019-12-28T07:39:00","date_gmt":"2019-12-28T10:39:00","guid":{"rendered":"http:\/\/www.hoymercedes.com.ar\/principal\/?p=104497"},"modified":"2019-12-28T15:03:11","modified_gmt":"2019-12-28T18:03:11","slug":"un-condenado-por-femicidio-en-moreno","status":"publish","type":"post","link":"https:\/\/www.hoymercedes.com.ar\/principal\/2019\/12\/28\/un-condenado-por-femicidio-en-moreno\/","title":{"rendered":"Un condenado por femicidio en Moreno"},"content":{"rendered":"\n<p>En el\nTribunal&nbsp; Oral en lo Criminal N\u00b0 1 del\nDepartamento Judicial de Mercedes se dio a conocer la condena impuesta por&nbsp; femicidio ocurrido en el barrio \u201cLa Porte\u00f1a\u201d\nde la localidad de Moreno en 2016. El debate se desarroll\u00f3 entre los d\u00edas 19 y\n20 de noviembre \u00faltimo.<\/p>\n\n\n\n<p>El TOC N\u00b0 1 (B)\ncompuesto por los doctores Ricardo Ameigeiras, Pablo Vieiero y Claudia Esquivel\ndict\u00f3 veredicto de culpabilidad para con un sujeto de nacionalidad boliviana,\nde 31 a\u00f1os, por los delitos de \u201cHomicidio doblemente agravado por tratarse la\nvictima de una persona con quien mantiene o ha mantenido una relaci\u00f3n de pareja\n-mediare o no convivencia- y por cometerse contra una mujer mediando violencia\nde g\u00e9nero\u201d.<\/p>\n\n\n\n<p>El ahora\ncondenado, entre la tarde-noche del 21 de junio de 2016 y la ma\u00f1ana de la\njornada siguiente, en una vivienda en la calle Mart\u00ednez Melo entre San Lorenzo\ny Monteagudo, del Barrio \u201cLa Porte\u00f1a\u201d,&nbsp;\ntom\u00f3 del cuello a su pareja, Mar\u00eda Olga Abasto Coaqueira, con quien\nten\u00eda dos hijos \u2013 produci\u00e9ndole el \u00f3bito por paro cardiorespiratorio traum\u00e1tico\nsecundario a asfixia. De lo ventilado en el debate oral y p\u00fablico la mujer \u2013\ntambi\u00e9n de nacionalidad boliviana \u2013 ten\u00eda con su pareja una relaci\u00f3n violenta,\ndonde era&nbsp; psicol\u00f3gicamente maltratada y\nviolentada f\u00edsicamente. <\/p>\n\n\n\n<p>El Fiscal de\nJuicio del Ministerio P\u00fablico Fiscal Departamental Mercedes, dr. Guillermo\nLennard formul\u00f3 su acusaci\u00f3n que fue entendida por los magistrados como la\nadecuada para condenar al imputado.<\/p>\n\n\n\n<p>Es as\u00ed como se resolvi\u00f3 condenarlo a la pena de prisi\u00f3n perpetua &#8211; accesorias legales y costas del proceso &#8211; que previa deducci\u00f3n de la preventiva sufrida deber\u00e1 cumplir en el establecimiento carcelario que designe el Poder Ejecutivo.<\/p>\n\n\n\n<p>Fuente: Ministerio P\u00fablico Fiscal &#8211; Depto Judicial Mercedes<\/p>\n","protected":false},"excerpt":{"rendered":"<p>En el Tribunal&nbsp; Oral en lo Criminal N\u00b0 1 del Departamento Judicial de Mercedes se dio a conocer la condena &#8230; <a title=\"Un condenado por femicidio en Moreno\" class=\"read-more\" href=\"https:\/\/www.hoymercedes.com.ar\/principal\/2019\/12\/28\/un-condenado-por-femicidio-en-moreno\/\" aria-label=\"Leer m\u00e1s sobre Un condenado por femicidio en Moreno\">Leer m\u00e1s<\/a><\/p>\n","protected":false},"author":1,"featured_media":104498,"comment_status":"closed","ping_status":"open","sticky":false,"template":"","format":"standard","meta":{"_monsterinsights_skip_tracking":false,"_monsterinsights_sitenote_active":false,"_monsterinsights_sitenote_note":"","_monsterinsights_sitenote_category":0,"jetpack_post_was_ever_published":false,"_jetpack_newsletter_access":"","_jetpack_dont_email_post_to_subs":false,"_jetpack_newsletter_tier_id":0,"_jetpack_memberships_contains_paywalled_content":false,"_jetpack_memberships_contains_paid_content":false,"footnotes":"","jetpack_publicize_message":"","jetpack_publicize_feature_enabled":true,"jetpack_social_post_already_shared":true,"jetpack_social_options":{"image_generator_settings":{"template":"highway","default_image_id":0,"font":"","enabled":false},"version":2},"_wpas_customize_per_network":false},"categories":[85],"tags":[14998,13410,96,1057],"class_list":["post-104497","post","type-post","status-publish","format-standard","has-post-thumbnail","hentry","category-policial","tag-ministerio-publico-fiscal","tag-moreno","tag-policial-2","tag-regional","generate-columns","tablet-grid-50","mobile-grid-100","grid-parent","grid-50"],"jetpack_publicize_connections":[],"jetpack_featured_media_url":"https:\/\/www.hoymercedes.com.ar\/principal\/wp-content\/uploads\/2019\/12\/28-policial-moreno.jpg","wps_subtitle":"Regional","jetpack_sharing_enabled":true,"_links":{"self":[{"href":"https:\/\/www.hoymercedes.com.ar\/principal\/wp-json\/wp\/v2\/posts\/104497","targetHints":{"allow":["GET"]}}],"collection":[{"href":"https:\/\/www.hoymercedes.com.ar\/principal\/wp-json\/wp\/v2\/posts"}],"about":[{"href":"https:\/\/www.hoymercedes.com.ar\/principal\/wp-json\/wp\/v2\/types\/post"}],"author":[{"embeddable":true,"href":"https:\/\/www.hoymercedes.com.ar\/principal\/wp-json\/wp\/v2\/users\/1"}],"replies":[{"embeddable":true,"href":"https:\/\/www.hoymercedes.com.ar\/principal\/wp-json\/wp\/v2\/comments?post=104497"}],"version-history":[{"count":0,"href":"https:\/\/www.hoymercedes.com.ar\/principal\/wp-json\/wp\/v2\/posts\/104497\/revisions"}],"wp:featuredmedia":[{"embeddable":true,"href":"https:\/\/www.hoymercedes.com.ar\/principal\/wp-json\/wp\/v2\/media\/104498"}],"wp:attachment":[{"href":"https:\/\/www.hoymercedes.com.ar\/principal\/wp-json\/wp\/v2\/media?parent=104497"}],"wp:term":[{"taxonomy":"category","embeddable":true,"href":"https:\/\/www.hoymercedes.com.ar\/principal\/wp-json\/wp\/v2\/categories?post=104497"},{"taxonomy":"post_tag","embeddable":true,"href":"https:\/\/www.hoymercedes.com.ar\/principal\/wp-json\/wp\/v2\/tags?post=104497"}],"curies":[{"name":"wp","href":"https:\/\/api.w.org\/{rel}","templated":true}]}}