{"id":104644,"date":"2019-12-31T09:00:00","date_gmt":"2019-12-31T12:00:00","guid":{"rendered":"http:\/\/www.hoymercedes.com.ar\/principal\/?p=104644"},"modified":"2019-12-31T19:39:16","modified_gmt":"2019-12-31T22:39:16","slug":"dematei-la-dirigencia-de-cambiemos-busca-quebrar-el-municipio-y-extorsiona-a-todo-los-mercedinos","status":"publish","type":"post","link":"https:\/\/www.hoymercedes.com.ar\/principal\/2019\/12\/31\/dematei-la-dirigencia-de-cambiemos-busca-quebrar-el-municipio-y-extorsiona-a-todo-los-mercedinos\/","title":{"rendered":"Dematei: \u00abCambiemos extorsion\u00f3 con pedido de puestos pol\u00edticos para militantes a cambio de acompa\u00f1ar la adecuaci\u00f3n de las tasas.\u00bb"},"content":{"rendered":"\n<p><\/p>\n\n\n\n<p>\u201cEncontramos una actitud ego\u00edsta\ny desconsiderada con todos los vecinos\u201d dijo Mat\u00edas Dematei tras la negativa de\nCambiemos de permitir una adecuaci\u00f3n presupuestaria acorde a la inflaci\u00f3n. \u201cLa\ndirigencia de Cambiemos nunca dialog\u00f3, no trajo propuestas ni proyectos. S\u00f3lo\ndesfinanciar al municipio para que no podamos seguir haciendo por Mercedes en salud,\neducaci\u00f3n, deporte, cultura\u201d afirm\u00f3 el presidente del Concejo Deliberante. \u201cEs\nalgo extorsivo. Los Concejales de Cambiemos se vieron sobrepasados por una\ndirigencia local que quer\u00edan puestos de trabajo a cambio de la aprobaci\u00f3n. Nos\nduele mucho como ciudad\u201d afirm\u00f3.<\/p>\n\n\n\n<p><strong>Roles<\/strong><\/p>\n\n\n\n<p>&nbsp;\u201cEn el recinto no se debati\u00f3 con la realidad\u201d\ndijo Dematei y afirm\u00f3 \u201creaparecen personajes pol\u00edticos que meten odio y enga\u00f1o\na la gente. La realidad es que cuando nosotros rechazamos el aumento de energ\u00eda\nel\u00e9ctrica de Vidal se negaron, es decir, estaban a favor del tarifazo de Vidal.\nAhora que queremos adecuar las cuentas de la Municipalidad a la inflaci\u00f3n nos\ndicen que no. Desfinancian y perjudican. No tienen un mismo criterio. Parece\nser que los aumentos descomunales que Cambiemos meti\u00f3 estos cuatro a\u00f1os a todos\nlos mercedinos desde Provincia y Naci\u00f3n estaba bien, pero un mero ajuste local\nest\u00e1 mal\u201d afirm\u00f3 Dematei.<\/p>\n\n\n\n<p>\u201cValoro el rol de los concejales\nde Cambiemos, pero claramente ac\u00e1 prim\u00f3 el odio de unos pocos por el trabajo de\nla mayor\u00eda\u201d reafirm\u00f3 y coment\u00f3 que \u201clos dirigentes de Cambiemos no entendieron\nel mensaje del Intendente de seguir construyendo una ciudad para todos, sin\ndivisiones ni grietas, como se hizo estos cuatro a\u00f1os donde no hubo ni un solo\nsector con el que no se trabajara\u201d afirm\u00f3<\/p>\n\n\n\n<p>M\u00e1s adelante coment\u00f3 que \u201ca\nnosotros no nos entra la l\u00f3gica de entregar cargos a cambio de una votaci\u00f3n.\nNosotros trabajamos en el Concejo por el beneficio de todos los vecinos, no de\nunos pocos vivos que no se quieren quedar si el carguito en algunas\ndependencias nacionales o provinciales\u201d expreso indignado Mat\u00edas Dematei.<\/p>\n\n\n\n<p>\u201cEs grav\u00edsimo lo que sucedi\u00f3.\nEvidencia una falta total de sensibilidad. Ahora deber\u00e1n ellos aclarar a los\nvecinos porque se paran obras, apoyo en las escuelas, insumos en salud, viajes\nde tratamientos m\u00e9dicos, asistencia a los clubes. Deber\u00e1n pararse en la puerta\ny explicar que como no tienen un cargo no votaron la adecuaci\u00f3n impositiva a\nlos niveles de inflaci\u00f3n enormes que dejaron despu\u00e9s de cuatro a\u00f1os de gesti\u00f3n\ny que nadie ignora, ni siquiera ellos, que los reconocen\u201d manifest\u00f3 y remarc\u00f3\nque \u201ctambi\u00e9n me solidarizo con los ediles de Cambiemos. Estaban inc\u00f3modos. Lo\nsabemos. Ellos tuvieron un rol muy distinto en la previa. L\u00e1stima unos pocos\nvivos echaron todo a perder. Incluso es tal la incomodidad que alg\u00fan concejal\nhace unos d\u00edas ni fue a su propia despedida\u201d <\/p>\n\n\n\n<p><strong>Qu\u00e9 sucedi\u00f3<\/strong><\/p>\n\n\n\n<p>El oficialismo efectu\u00f3 una\npropuesta de aumento de las tasas de alrededor del 50% en todo el a\u00f1o. Ya en el\nque pas\u00f3 hab\u00eda sido menor a la inflaci\u00f3n con lo cual hubo una \u201cp\u00e9rdida respecto\na la inflaci\u00f3n de las arcas municipales\u201d. Cambiemos no apoy\u00f3 y s\u00f3lo se logr\u00f3 el\n30% con lo cual queda adem\u00e1s de 24% debajo de la inflaci\u00f3n del 2019\ndesfinanciado respecto al a\u00f1o que viene para todos los planes de salud,\neducaci\u00f3n, deportes, que el municipio se hizo cargo estos a\u00f1os en que Cambiemos\ndej\u00f3 de bridar esas asistencias, expresaron desde el \u00e1rea de Econom\u00eda y\nHacienda, remarcando que \u201cla realidad es que la principal tasa, en lo que\nsignifica la recaudaci\u00f3n municipal, que es la de alumbrado, le dieron cero (0)\naumento, ya del 2018 al 2019 nos hab\u00edan permitido solo un 20% cuando la\ninflaci\u00f3n del 2018 hab\u00eda sido de casi el 50% y ahora nada, con una inflaci\u00f3n\ndel 55%, el retraso es descomunal, una tasa que permit\u00eda cubrir otros gastos\ndel municipio all\u00e1 por el 2015 hoy la han transformado en deficitaria, no\nalcanza ni para pagar la energ\u00eda que consume la comuna por todo concepto\u201d\nafirmaron desde la mencionada cartera. <\/p>\n\n\n\n<p>Dematei por su parte record\u00f3 \u201creaparecen los que hace dos a\u00f1os quisieron aumentarse el sueldo. Ah\u00ed el tarifazo no les molestaba, les gustaba. Nosotros en aquel entonces lo frenamos. Ahora que queremos cuidar el dinero de los mercedinos para mantener linda, limpia y ordenada la ciudad nos ponen palos extorsivos en la rueda\u201d <\/p>\n\n\n\n<p>Info: FdT<\/p>\n","protected":false},"excerpt":{"rendered":"<p>\u201cEncontramos una actitud ego\u00edsta y desconsiderada con todos los vecinos\u201d dijo Mat\u00edas Dematei tras la negativa de Cambiemos de permitir &#8230; <a title=\"Dematei: \u00abCambiemos extorsion\u00f3 con pedido de puestos pol\u00edticos para militantes a cambio de acompa\u00f1ar la adecuaci\u00f3n de las tasas.\u00bb\" class=\"read-more\" href=\"https:\/\/www.hoymercedes.com.ar\/principal\/2019\/12\/31\/dematei-la-dirigencia-de-cambiemos-busca-quebrar-el-municipio-y-extorsiona-a-todo-los-mercedinos\/\" aria-label=\"Leer m\u00e1s sobre Dematei: \u00abCambiemos extorsion\u00f3 con pedido de puestos pol\u00edticos para militantes a cambio de acompa\u00f1ar la adecuaci\u00f3n de las tasas.\u00bb\">Leer m\u00e1s<\/a><\/p>\n","protected":false},"author":1,"featured_media":44811,"comment_status":"closed","ping_status":"open","sticky":false,"template":"","format":"standard","meta":{"_monsterinsights_skip_tracking":false,"_monsterinsights_sitenote_active":false,"_monsterinsights_sitenote_note":"","_monsterinsights_sitenote_category":0,"jetpack_post_was_ever_published":false,"_jetpack_newsletter_access":"","_jetpack_dont_email_post_to_subs":false,"_jetpack_newsletter_tier_id":0,"_jetpack_memberships_contains_paywalled_content":false,"_jetpack_memberships_contains_paid_content":false,"footnotes":"","jetpack_publicize_message":"","jetpack_publicize_feature_enabled":true,"jetpack_social_post_already_shared":true,"jetpack_social_options":{"image_generator_settings":{"template":"highway","default_image_id":0,"font":"","enabled":false},"version":2},"_wpas_customize_per_network":false},"categories":[5],"tags":[7963,16105,3810,32],"class_list":["post-104644","post","type-post","status-publish","format-standard","has-post-thumbnail","hentry","category-politica","tag-cambiemos-mercedes","tag-h-c-d","tag-matias-dematei","tag-presupuesto-mercedes","generate-columns","tablet-grid-50","mobile-grid-100","grid-parent","grid-50"],"jetpack_publicize_connections":[],"jetpack_featured_media_url":"https:\/\/www.hoymercedes.com.ar\/principal\/wp-content\/uploads\/2015\/09\/matias-dematei.jpg","wps_subtitle":"Debate pol\u00editico ","jetpack_sharing_enabled":true,"_links":{"self":[{"href":"https:\/\/www.hoymercedes.com.ar\/principal\/wp-json\/wp\/v2\/posts\/104644","targetHints":{"allow":["GET"]}}],"collection":[{"href":"https:\/\/www.hoymercedes.com.ar\/principal\/wp-json\/wp\/v2\/posts"}],"about":[{"href":"https:\/\/www.hoymercedes.com.ar\/principal\/wp-json\/wp\/v2\/types\/post"}],"author":[{"embeddable":true,"href":"https:\/\/www.hoymercedes.com.ar\/principal\/wp-json\/wp\/v2\/users\/1"}],"replies":[{"embeddable":true,"href":"https:\/\/www.hoymercedes.com.ar\/principal\/wp-json\/wp\/v2\/comments?post=104644"}],"version-history":[{"count":0,"href":"https:\/\/www.hoymercedes.com.ar\/principal\/wp-json\/wp\/v2\/posts\/104644\/revisions"}],"wp:featuredmedia":[{"embeddable":true,"href":"https:\/\/www.hoymercedes.com.ar\/principal\/wp-json\/wp\/v2\/media\/44811"}],"wp:attachment":[{"href":"https:\/\/www.hoymercedes.com.ar\/principal\/wp-json\/wp\/v2\/media?parent=104644"}],"wp:term":[{"taxonomy":"category","embeddable":true,"href":"https:\/\/www.hoymercedes.com.ar\/principal\/wp-json\/wp\/v2\/categories?post=104644"},{"taxonomy":"post_tag","embeddable":true,"href":"https:\/\/www.hoymercedes.com.ar\/principal\/wp-json\/wp\/v2\/tags?post=104644"}],"curies":[{"name":"wp","href":"https:\/\/api.w.org\/{rel}","templated":true}]}}