{"id":104702,"date":"2020-01-02T23:55:34","date_gmt":"2020-01-03T02:55:34","guid":{"rendered":"http:\/\/www.hoymercedes.com.ar\/principal\/?p=104702"},"modified":"2020-01-03T15:14:13","modified_gmt":"2020-01-03T18:14:13","slug":"el-honguito-firma-nuevo-convenio-con-el-municipio","status":"publish","type":"post","link":"https:\/\/www.hoymercedes.com.ar\/principal\/2020\/01\/02\/el-honguito-firma-nuevo-convenio-con-el-municipio\/","title":{"rendered":"El Honguito firma nuevo convenio con el municipio"},"content":{"rendered":"\n<p> El jard\u00edn maternal \u201cEl Honguito\u201d y el Municipio de Mercedes renovaron el acuerdo de ayuda por el cual se les brinda asistencia para la ampliaci\u00f3n y mejora edilicia de la instituci\u00f3n. <\/p>\n\n\n\n<p>\u201cPara nosotros como Municipio es un orgullo enorme el de acompa\u00f1ar y apoyar al Honguito, una instituci\u00f3n que representa mucho para la ciudad y los ni\u00f1os\u201d apunt\u00f3 el intendente Juan Ignacio Ustarroz.<\/p>\n\n\n\n<p>Por su parte, Norma \u201cPocha\u201d Rudoni, qui\u00e9n es parte de la instituci\u00f3n se\u00f1al\u00f3 la ayuda \u00abes un respaldo que nos permite pensar que podemos seguir adelante\u00bb.<\/p>\n\n\n\n<figure class=\"wp-block-image size-large\"><img loading=\"lazy\" decoding=\"async\" width=\"800\" height=\"533\" data-attachment-id=\"104703\" data-permalink=\"https:\/\/www.hoymercedes.com.ar\/principal\/2020\/01\/02\/el-honguito-firma-nuevo-convenio-con-el-municipio\/dsc09591-800x533\/#main\" data-orig-file=\"https:\/\/www.hoymercedes.com.ar\/principal\/wp-content\/uploads\/2020\/01\/DSC09591-800x533-1.jpg\" data-orig-size=\"800,533\" data-comments-opened=\"0\" data-image-meta=\"{&quot;aperture&quot;:&quot;0&quot;,&quot;credit&quot;:&quot;&quot;,&quot;camera&quot;:&quot;&quot;,&quot;caption&quot;:&quot;&quot;,&quot;created_timestamp&quot;:&quot;0&quot;,&quot;copyright&quot;:&quot;&quot;,&quot;focal_length&quot;:&quot;0&quot;,&quot;iso&quot;:&quot;0&quot;,&quot;shutter_speed&quot;:&quot;0&quot;,&quot;title&quot;:&quot;&quot;,&quot;orientation&quot;:&quot;0&quot;}\" data-image-title=\"DSC09591-800&amp;#215;533\" data-image-description=\"\" data-image-caption=\"\" data-large-file=\"https:\/\/www.hoymercedes.com.ar\/principal\/wp-content\/uploads\/2020\/01\/DSC09591-800x533-1.jpg\" src=\"https:\/\/www.hoymercedes.com.ar\/principal\/wp-content\/uploads\/2020\/01\/DSC09591-800x533-1.jpg\" alt=\"\" class=\"wp-image-104703\"\/><\/figure>\n\n\n\n<p><\/p>\n","protected":false},"excerpt":{"rendered":"<p>El jard\u00edn maternal \u201cEl Honguito\u201d y el Municipio de Mercedes renovaron el acuerdo de ayuda por el cual se les &#8230; <a title=\"El Honguito firma nuevo convenio con el municipio\" class=\"read-more\" href=\"https:\/\/www.hoymercedes.com.ar\/principal\/2020\/01\/02\/el-honguito-firma-nuevo-convenio-con-el-municipio\/\" aria-label=\"Leer m\u00e1s sobre El Honguito firma nuevo convenio con el municipio\">Leer m\u00e1s<\/a><\/p>\n","protected":false},"author":1,"featured_media":104703,"comment_status":"closed","ping_status":"open","sticky":false,"template":"","format":"standard","meta":{"_monsterinsights_skip_tracking":false,"_monsterinsights_sitenote_active":false,"_monsterinsights_sitenote_note":"","_monsterinsights_sitenote_category":0,"jetpack_post_was_ever_published":false,"_jetpack_newsletter_access":"","_jetpack_dont_email_post_to_subs":false,"_jetpack_newsletter_tier_id":0,"_jetpack_memberships_contains_paywalled_content":false,"_jetpack_memberships_contains_paid_content":false,"footnotes":"","jetpack_publicize_message":"","jetpack_publicize_feature_enabled":true,"jetpack_social_post_already_shared":true,"jetpack_social_options":{"image_generator_settings":{"template":"highway","default_image_id":0,"font":"","enabled":false},"version":2},"_wpas_customize_per_network":false},"categories":[30],"tags":[1863,244],"class_list":["post-104702","post","type-post","status-publish","format-standard","has-post-thumbnail","hentry","category-municipio","tag-jardin-el-honguito","tag-municipio-2","generate-columns","tablet-grid-50","mobile-grid-100","grid-parent","grid-50"],"jetpack_publicize_connections":[],"jetpack_featured_media_url":"https:\/\/www.hoymercedes.com.ar\/principal\/wp-content\/uploads\/2020\/01\/DSC09591-800x533-1.jpg","wps_subtitle":"","jetpack_sharing_enabled":true,"_links":{"self":[{"href":"https:\/\/www.hoymercedes.com.ar\/principal\/wp-json\/wp\/v2\/posts\/104702","targetHints":{"allow":["GET"]}}],"collection":[{"href":"https:\/\/www.hoymercedes.com.ar\/principal\/wp-json\/wp\/v2\/posts"}],"about":[{"href":"https:\/\/www.hoymercedes.com.ar\/principal\/wp-json\/wp\/v2\/types\/post"}],"author":[{"embeddable":true,"href":"https:\/\/www.hoymercedes.com.ar\/principal\/wp-json\/wp\/v2\/users\/1"}],"replies":[{"embeddable":true,"href":"https:\/\/www.hoymercedes.com.ar\/principal\/wp-json\/wp\/v2\/comments?post=104702"}],"version-history":[{"count":0,"href":"https:\/\/www.hoymercedes.com.ar\/principal\/wp-json\/wp\/v2\/posts\/104702\/revisions"}],"wp:featuredmedia":[{"embeddable":true,"href":"https:\/\/www.hoymercedes.com.ar\/principal\/wp-json\/wp\/v2\/media\/104703"}],"wp:attachment":[{"href":"https:\/\/www.hoymercedes.com.ar\/principal\/wp-json\/wp\/v2\/media?parent=104702"}],"wp:term":[{"taxonomy":"category","embeddable":true,"href":"https:\/\/www.hoymercedes.com.ar\/principal\/wp-json\/wp\/v2\/categories?post=104702"},{"taxonomy":"post_tag","embeddable":true,"href":"https:\/\/www.hoymercedes.com.ar\/principal\/wp-json\/wp\/v2\/tags?post=104702"}],"curies":[{"name":"wp","href":"https:\/\/api.w.org\/{rel}","templated":true}]}}