{"id":104709,"date":"2020-01-03T11:54:00","date_gmt":"2020-01-03T14:54:00","guid":{"rendered":"http:\/\/www.hoymercedes.com.ar\/principal\/?p=104709"},"modified":"2020-01-03T15:13:21","modified_gmt":"2020-01-03T18:13:21","slug":"reunion-provincial-de-turismo-presencia-mercedina","status":"publish","type":"post","link":"https:\/\/www.hoymercedes.com.ar\/principal\/2020\/01\/03\/reunion-provincial-de-turismo-presencia-mercedina\/","title":{"rendered":"Reuni\u00f3n provincial de Turismo: presencia mercedina"},"content":{"rendered":"\n<p>En la ciudad balnearia de Villa Gesell se llev\u00f3 adelante un encuentro provincial, convocado por\u00a0 el ministro bonaerense de Producci\u00f3n, Ciencia e Innovaci\u00f3n Tecnol\u00f3gica, Augusto Costa. El objetivo del encuentro es la de planificar los trabajos que se llevar\u00e1n a cabo desde el Gobierno de la Provincia de Buenos Aires, espec\u00edficamente desde las \u00e1reas de Turismo y Cultura para coordinar acciones con los municipios bonaerenses.\u00a0 All\u00ed estuvo presente el Municipio de Mercedes a trav\u00e9s de su director de turismo Mart\u00edn Boragno.<\/p>\n\n\n\n<figure class=\"wp-block-image size-large\"><img loading=\"lazy\" decoding=\"async\" width=\"769\" height=\"600\" data-attachment-id=\"104712\" data-permalink=\"https:\/\/www.hoymercedes.com.ar\/principal\/2020\/01\/03\/reunion-provincial-de-turismo-presencia-mercedina\/03-boragno1\/#main\" data-orig-file=\"https:\/\/www.hoymercedes.com.ar\/principal\/wp-content\/uploads\/2020\/01\/03-boragno1.jpeg\" data-orig-size=\"769,600\" data-comments-opened=\"0\" data-image-meta=\"{&quot;aperture&quot;:&quot;0&quot;,&quot;credit&quot;:&quot;&quot;,&quot;camera&quot;:&quot;&quot;,&quot;caption&quot;:&quot;&quot;,&quot;created_timestamp&quot;:&quot;0&quot;,&quot;copyright&quot;:&quot;&quot;,&quot;focal_length&quot;:&quot;0&quot;,&quot;iso&quot;:&quot;0&quot;,&quot;shutter_speed&quot;:&quot;0&quot;,&quot;title&quot;:&quot;&quot;,&quot;orientation&quot;:&quot;0&quot;}\" data-image-title=\"03 boragno1\" data-image-description=\"\" data-image-caption=\"\" data-large-file=\"https:\/\/www.hoymercedes.com.ar\/principal\/wp-content\/uploads\/2020\/01\/03-boragno1.jpeg\" src=\"https:\/\/www.hoymercedes.com.ar\/principal\/wp-content\/uploads\/2020\/01\/03-boragno1.jpeg\" alt=\"\" class=\"wp-image-104712\"\/><\/figure>\n\n\n\n<p>\u201cA partir de este encuentro se marca el rumbo de las actividades que tienen que ver con el turismo y la cultura, donde nosotros pondremos, si bien venimos trabajando muy fuerte de manera mancomunada entre todas las \u00e1reas, a nuestra ciudad en agenda en relaci\u00f3n de los otros municipios, y eso est\u00e1 muy bueno\u201d destac\u00f3 Mart\u00edn Boragno.<\/p>\n\n\n\n<p>Asimismo inform\u00f3 \u201cla provincia va a estar relevando entre los meses, enero, febrero y parte de marzo, todas las actividades culturales y tur\u00edsticas de la provincia, para llegar a marzo con una presentaci\u00f3n anual de una agenda coordinada, para que los eventos en las diferentes ciudades no se superpongan\u201d y agreg\u00f3 \u201cpor fin, despu\u00e9s de 4 a\u00f1os, contamos con una organizaci\u00f3n que supere lo concernientes a lo realizado por los municipios, trabajando con las universidades, prestadores, hoteleros y los vecinos, algo que nos ayudar\u00e1 a crecer y dar\u00e1 seguramente mucho trabajo\u201d.<\/p>\n\n\n\n<p>De la misma manera, el Director de Turismo subray\u00f3 \u201cestamos muy contentos porque es la primera vez que nos piden, desde el Gobierno Provincial, que pensemos a nivel local lo que necesitamos \u2013parque municipal, polo gastron\u00f3mico de Tom\u00e1s Jofr\u00e9, tren tur\u00edstico, etc- todas estas cuestiones son las que nosotros tenemos que preparar, ya que la semana que viene est\u00e1n arribando a nuestra ciudad los equipos t\u00e9cnicos a visitarnos, lo que habla muy bien de la provincia\u201d.<\/p>\n\n\n\n<p>Del c\u00f3nclave participaron unos 70 representantes de diferentes distritos quienes manifestaron estar muy satisfechos y felices porque el Estado Provincial revalore y priorice las acciones culturales y tur\u00edsticas de las ciudades.<\/p>\n\n\n\n<figure class=\"wp-block-image size-large\"><img loading=\"lazy\" decoding=\"async\" width=\"800\" height=\"574\" data-attachment-id=\"104711\" data-permalink=\"https:\/\/www.hoymercedes.com.ar\/principal\/2020\/01\/03\/reunion-provincial-de-turismo-presencia-mercedina\/02-boragno\/#main\" data-orig-file=\"https:\/\/www.hoymercedes.com.ar\/principal\/wp-content\/uploads\/2020\/01\/02-boragno.jpeg\" data-orig-size=\"800,574\" data-comments-opened=\"0\" data-image-meta=\"{&quot;aperture&quot;:&quot;0&quot;,&quot;credit&quot;:&quot;&quot;,&quot;camera&quot;:&quot;&quot;,&quot;caption&quot;:&quot;&quot;,&quot;created_timestamp&quot;:&quot;0&quot;,&quot;copyright&quot;:&quot;&quot;,&quot;focal_length&quot;:&quot;0&quot;,&quot;iso&quot;:&quot;0&quot;,&quot;shutter_speed&quot;:&quot;0&quot;,&quot;title&quot;:&quot;&quot;,&quot;orientation&quot;:&quot;0&quot;}\" data-image-title=\"02 boragno\" data-image-description=\"\" data-image-caption=\"\" data-large-file=\"https:\/\/www.hoymercedes.com.ar\/principal\/wp-content\/uploads\/2020\/01\/02-boragno.jpeg\" src=\"https:\/\/www.hoymercedes.com.ar\/principal\/wp-content\/uploads\/2020\/01\/02-boragno.jpeg\" alt=\"\" class=\"wp-image-104711\"\/><\/figure>\n","protected":false},"excerpt":{"rendered":"<p>En la ciudad balnearia de Villa Gesell se llev\u00f3 adelante un encuentro provincial, convocado por\u00a0 el ministro bonaerense de Producci\u00f3n, &#8230; <a title=\"Reuni\u00f3n provincial de Turismo: presencia mercedina\" class=\"read-more\" href=\"https:\/\/www.hoymercedes.com.ar\/principal\/2020\/01\/03\/reunion-provincial-de-turismo-presencia-mercedina\/\" aria-label=\"Leer m\u00e1s sobre Reuni\u00f3n provincial de Turismo: presencia mercedina\">Leer m\u00e1s<\/a><\/p>\n","protected":false},"author":1,"featured_media":104711,"comment_status":"closed","ping_status":"open","sticky":false,"template":"","format":"standard","meta":{"_monsterinsights_skip_tracking":false,"_monsterinsights_sitenote_active":false,"_monsterinsights_sitenote_note":"","_monsterinsights_sitenote_category":0,"jetpack_post_was_ever_published":false,"_jetpack_newsletter_access":"","_jetpack_dont_email_post_to_subs":false,"_jetpack_newsletter_tier_id":0,"_jetpack_memberships_contains_paywalled_content":false,"_jetpack_memberships_contains_paid_content":false,"footnotes":"","jetpack_publicize_message":"","jetpack_publicize_feature_enabled":true,"jetpack_social_post_already_shared":true,"jetpack_social_options":{"image_generator_settings":{"template":"highway","default_image_id":0,"font":"","enabled":false},"version":2},"_wpas_customize_per_network":false},"categories":[30],"tags":[244,1428],"class_list":["post-104709","post","type-post","status-publish","format-standard","has-post-thumbnail","hentry","category-municipio","tag-municipio-2","tag-turismo","generate-columns","tablet-grid-50","mobile-grid-100","grid-parent","grid-50"],"jetpack_publicize_connections":[],"jetpack_featured_media_url":"https:\/\/www.hoymercedes.com.ar\/principal\/wp-content\/uploads\/2020\/01\/02-boragno.jpeg","wps_subtitle":"Trabajo provincial","jetpack_sharing_enabled":true,"_links":{"self":[{"href":"https:\/\/www.hoymercedes.com.ar\/principal\/wp-json\/wp\/v2\/posts\/104709","targetHints":{"allow":["GET"]}}],"collection":[{"href":"https:\/\/www.hoymercedes.com.ar\/principal\/wp-json\/wp\/v2\/posts"}],"about":[{"href":"https:\/\/www.hoymercedes.com.ar\/principal\/wp-json\/wp\/v2\/types\/post"}],"author":[{"embeddable":true,"href":"https:\/\/www.hoymercedes.com.ar\/principal\/wp-json\/wp\/v2\/users\/1"}],"replies":[{"embeddable":true,"href":"https:\/\/www.hoymercedes.com.ar\/principal\/wp-json\/wp\/v2\/comments?post=104709"}],"version-history":[{"count":0,"href":"https:\/\/www.hoymercedes.com.ar\/principal\/wp-json\/wp\/v2\/posts\/104709\/revisions"}],"wp:featuredmedia":[{"embeddable":true,"href":"https:\/\/www.hoymercedes.com.ar\/principal\/wp-json\/wp\/v2\/media\/104711"}],"wp:attachment":[{"href":"https:\/\/www.hoymercedes.com.ar\/principal\/wp-json\/wp\/v2\/media?parent=104709"}],"wp:term":[{"taxonomy":"category","embeddable":true,"href":"https:\/\/www.hoymercedes.com.ar\/principal\/wp-json\/wp\/v2\/categories?post=104709"},{"taxonomy":"post_tag","embeddable":true,"href":"https:\/\/www.hoymercedes.com.ar\/principal\/wp-json\/wp\/v2\/tags?post=104709"}],"curies":[{"name":"wp","href":"https:\/\/api.w.org\/{rel}","templated":true}]}}