{"id":104719,"date":"2020-01-03T15:19:23","date_gmt":"2020-01-03T18:19:23","guid":{"rendered":"http:\/\/www.hoymercedes.com.ar\/principal\/?p=104719"},"modified":"2020-01-05T12:59:19","modified_gmt":"2020-01-05T15:59:19","slug":"dias-y-horas-de-vacunacion-en-el-hospital-dubarry","status":"publish","type":"post","link":"https:\/\/www.hoymercedes.com.ar\/principal\/2020\/01\/03\/dias-y-horas-de-vacunacion-en-el-hospital-dubarry\/","title":{"rendered":"D\u00edas y horas de vacunaci\u00f3n en el Hospital Dubarry"},"content":{"rendered":"\n<p>Desde el Hospital Blas L. Dubarry recueran que en el hospital se vacuna los siguientes d\u00edas y horarios:<\/p>\n\n\n\n<p>&#8211; Lunes , Mi\u00e9rcoles y Viernes: BCG 8:00 horas.<br>&#8211; Lunes, Mi\u00e9rcoles y Viernes: PPD de 8:00 a 11:30 horas<br>&#8211; Lunes ,Mi\u00e9rcoles , Jueves y Viernes: Vacunas de calendario ni\u00f1os y adultos. de 8:00 a 11:30 horas<br>&#8211; Martes y 1\u00b0 S\u00e1bado de cada mes: Fiebre Amarilla de 6:00 a 10:30 horas. Se entregan n\u00fameros en la porter\u00eda con D.N.I.  Mayores de 60 A\u00f1os con orden m\u00e9dica. Comienzo de vacunaci\u00f3n a partir de las 8:00. <br>&#8211; Martes y 1\u00b0 S\u00e1bado de cada mes: HPV Ni\u00f1as y Ni\u00f1os de 11 a\u00f1os de 8:00 a 11:30 horas.<\/p>\n\n\n\n<p>Para m\u00e1s informaci\u00f3n comunicarse a los tel\u00e9fonos:  425555 \u00f3 423194 \u00f3 423618. (Int. 195 vacunatorio)<\/p>\n","protected":false},"excerpt":{"rendered":"<p>Desde el Hospital Blas L. Dubarry recueran que en el hospital se vacuna los siguientes d\u00edas y horarios: &#8211; Lunes &#8230; <a title=\"D\u00edas y horas de vacunaci\u00f3n en el Hospital Dubarry\" class=\"read-more\" href=\"https:\/\/www.hoymercedes.com.ar\/principal\/2020\/01\/03\/dias-y-horas-de-vacunacion-en-el-hospital-dubarry\/\" aria-label=\"Leer m\u00e1s sobre D\u00edas y horas de vacunaci\u00f3n en el Hospital Dubarry\">Leer m\u00e1s<\/a><\/p>\n","protected":false},"author":1,"featured_media":91509,"comment_status":"closed","ping_status":"open","sticky":false,"template":"","format":"standard","meta":{"_monsterinsights_skip_tracking":false,"_monsterinsights_sitenote_active":false,"_monsterinsights_sitenote_note":"","_monsterinsights_sitenote_category":0,"jetpack_post_was_ever_published":false,"_jetpack_newsletter_access":"","_jetpack_dont_email_post_to_subs":false,"_jetpack_newsletter_tier_id":0,"_jetpack_memberships_contains_paywalled_content":false,"_jetpack_memberships_contains_paid_content":false,"footnotes":"","jetpack_publicize_message":"","jetpack_publicize_feature_enabled":true,"jetpack_social_post_already_shared":true,"jetpack_social_options":{"image_generator_settings":{"template":"highway","default_image_id":0,"font":"","enabled":false},"version":2},"_wpas_customize_per_network":false},"categories":[9791],"tags":[140,134,765],"class_list":["post-104719","post","type-post","status-publish","format-standard","has-post-thumbnail","hentry","category-salud","tag-hospital-dubarry","tag-salud","tag-vacunacion","generate-columns","tablet-grid-50","mobile-grid-100","grid-parent","grid-50"],"jetpack_publicize_connections":[],"jetpack_featured_media_url":"https:\/\/www.hoymercedes.com.ar\/principal\/wp-content\/uploads\/2019\/04\/17-Hospital-Dubarry.jpg","wps_subtitle":"Servicio a la comunidad","jetpack_sharing_enabled":true,"_links":{"self":[{"href":"https:\/\/www.hoymercedes.com.ar\/principal\/wp-json\/wp\/v2\/posts\/104719","targetHints":{"allow":["GET"]}}],"collection":[{"href":"https:\/\/www.hoymercedes.com.ar\/principal\/wp-json\/wp\/v2\/posts"}],"about":[{"href":"https:\/\/www.hoymercedes.com.ar\/principal\/wp-json\/wp\/v2\/types\/post"}],"author":[{"embeddable":true,"href":"https:\/\/www.hoymercedes.com.ar\/principal\/wp-json\/wp\/v2\/users\/1"}],"replies":[{"embeddable":true,"href":"https:\/\/www.hoymercedes.com.ar\/principal\/wp-json\/wp\/v2\/comments?post=104719"}],"version-history":[{"count":0,"href":"https:\/\/www.hoymercedes.com.ar\/principal\/wp-json\/wp\/v2\/posts\/104719\/revisions"}],"wp:featuredmedia":[{"embeddable":true,"href":"https:\/\/www.hoymercedes.com.ar\/principal\/wp-json\/wp\/v2\/media\/91509"}],"wp:attachment":[{"href":"https:\/\/www.hoymercedes.com.ar\/principal\/wp-json\/wp\/v2\/media?parent=104719"}],"wp:term":[{"taxonomy":"category","embeddable":true,"href":"https:\/\/www.hoymercedes.com.ar\/principal\/wp-json\/wp\/v2\/categories?post=104719"},{"taxonomy":"post_tag","embeddable":true,"href":"https:\/\/www.hoymercedes.com.ar\/principal\/wp-json\/wp\/v2\/tags?post=104719"}],"curies":[{"name":"wp","href":"https:\/\/api.w.org\/{rel}","templated":true}]}}