{"id":104722,"date":"2020-01-03T17:00:00","date_gmt":"2020-01-03T20:00:00","guid":{"rendered":"http:\/\/www.hoymercedes.com.ar\/principal\/?p=104722"},"modified":"2020-01-05T12:59:03","modified_gmt":"2020-01-05T15:59:03","slug":"los-reyes-magos-se-haran-presentes-en-la-trocha","status":"publish","type":"post","link":"https:\/\/www.hoymercedes.com.ar\/principal\/2020\/01\/03\/los-reyes-magos-se-haran-presentes-en-la-trocha\/","title":{"rendered":"Los Reyes Magos se har\u00e1n presentes en La Trocha"},"content":{"rendered":"\n<p>En el Complejo Cultural La Trocha se realizar\u00e1 una actividad conjunta con Melchor, Gaspar y Baltazar. A partir de la hora 19, del lunes 6 de enero, la vieja estaci\u00f3n ser\u00e1 el lugar elegido para celebrar a los Reyes Magos. <\/p>\n\n\n\n<figure class=\"wp-block-image size-large\"><img loading=\"lazy\" decoding=\"async\" width=\"800\" height=\"532\" data-attachment-id=\"104723\" data-permalink=\"https:\/\/www.hoymercedes.com.ar\/principal\/2020\/01\/03\/los-reyes-magos-se-haran-presentes-en-la-trocha\/03-reyes2\/#main\" data-orig-file=\"https:\/\/www.hoymercedes.com.ar\/principal\/wp-content\/uploads\/2020\/01\/03-Reyes2.jpg\" data-orig-size=\"800,532\" data-comments-opened=\"0\" data-image-meta=\"{&quot;aperture&quot;:&quot;0&quot;,&quot;credit&quot;:&quot;&quot;,&quot;camera&quot;:&quot;&quot;,&quot;caption&quot;:&quot;&quot;,&quot;created_timestamp&quot;:&quot;0&quot;,&quot;copyright&quot;:&quot;&quot;,&quot;focal_length&quot;:&quot;0&quot;,&quot;iso&quot;:&quot;0&quot;,&quot;shutter_speed&quot;:&quot;0&quot;,&quot;title&quot;:&quot;&quot;,&quot;orientation&quot;:&quot;0&quot;}\" data-image-title=\"03 Reyes2\" data-image-description=\"\" data-image-caption=\"\" data-large-file=\"https:\/\/www.hoymercedes.com.ar\/principal\/wp-content\/uploads\/2020\/01\/03-Reyes2.jpg\" src=\"https:\/\/www.hoymercedes.com.ar\/principal\/wp-content\/uploads\/2020\/01\/03-Reyes2.jpg\" alt=\"\" class=\"wp-image-104723\"\/><\/figure>\n\n\n\n<p>&nbsp;\u201cEsta propuesta la venimos realizando todos los a\u00f1os, al principio la distribuci\u00f3n se hac\u00eda por todos los barrios repartiendo golosinas, pero a sabiendas que los bomberos efectuaban una actividad parecida nos pareci\u00f3 que era superponer esfuerzos, por eso decidimos hacerlo en la Trocha\u201d se\u00f1al\u00f3 Jorgelina Silva, Secretaria de Desarrollo Social municipal.<\/p>\n\n\n\n<p>A su vez, manifest\u00f3 \u201cla idea es convocar a toda la familia y llevar adelante esta propuesta en este lugar que se ha vuelto tan emblem\u00e1tico para los mercedinos\u201d y agreg\u00f3 \u201cy as\u00ed disfrutar de todo ese hermoso espacio p\u00fablico al cu\u00e1l se ha agregado recientemente esa excelente oferta did\u00e1ctica y de esparcimiento para los chicos, como lo es Estaci\u00f3n Juego, por eso la elecci\u00f3n de este lugar\u201d.<\/p>\n\n\n\n<p>Los festejos comenzar\u00e1n a las hora 19:00 horas, habr\u00e1 juegos para ni\u00f1os, inflables, kermesse y actividades mientras se esperar\u00e1 la llegada de los reyes.<\/p>\n\n\n\n<p>Fuente: Prensa Municipal<br><\/p>\n","protected":false},"excerpt":{"rendered":"<p>En el Complejo Cultural La Trocha se realizar\u00e1 una actividad conjunta con Melchor, Gaspar y Baltazar. A partir de la &#8230; <a title=\"Los Reyes Magos se har\u00e1n presentes en La Trocha\" class=\"read-more\" href=\"https:\/\/www.hoymercedes.com.ar\/principal\/2020\/01\/03\/los-reyes-magos-se-haran-presentes-en-la-trocha\/\" aria-label=\"Leer m\u00e1s sobre Los Reyes Magos se har\u00e1n presentes en La Trocha\">Leer m\u00e1s<\/a><\/p>\n","protected":false},"author":1,"featured_media":104723,"comment_status":"closed","ping_status":"open","sticky":false,"template":"","format":"standard","meta":{"_monsterinsights_skip_tracking":false,"_monsterinsights_sitenote_active":false,"_monsterinsights_sitenote_note":"","_monsterinsights_sitenote_category":0,"jetpack_post_was_ever_published":false,"_jetpack_newsletter_access":"","_jetpack_dont_email_post_to_subs":false,"_jetpack_newsletter_tier_id":0,"_jetpack_memberships_contains_paywalled_content":false,"_jetpack_memberships_contains_paid_content":false,"footnotes":"","jetpack_publicize_message":"","jetpack_publicize_feature_enabled":true,"jetpack_social_post_already_shared":true,"jetpack_social_options":{"image_generator_settings":{"template":"highway","default_image_id":0,"font":"","enabled":false},"version":2},"_wpas_customize_per_network":false},"categories":[30],"tags":[3959,244,6773],"class_list":["post-104722","post","type-post","status-publish","format-standard","has-post-thumbnail","hentry","category-municipio","tag-la-trocha","tag-municipio-2","tag-reyes-magos","generate-columns","tablet-grid-50","mobile-grid-100","grid-parent","grid-50"],"jetpack_publicize_connections":[],"jetpack_featured_media_url":"https:\/\/www.hoymercedes.com.ar\/principal\/wp-content\/uploads\/2020\/01\/03-Reyes2.jpg","wps_subtitle":"","jetpack_sharing_enabled":true,"_links":{"self":[{"href":"https:\/\/www.hoymercedes.com.ar\/principal\/wp-json\/wp\/v2\/posts\/104722","targetHints":{"allow":["GET"]}}],"collection":[{"href":"https:\/\/www.hoymercedes.com.ar\/principal\/wp-json\/wp\/v2\/posts"}],"about":[{"href":"https:\/\/www.hoymercedes.com.ar\/principal\/wp-json\/wp\/v2\/types\/post"}],"author":[{"embeddable":true,"href":"https:\/\/www.hoymercedes.com.ar\/principal\/wp-json\/wp\/v2\/users\/1"}],"replies":[{"embeddable":true,"href":"https:\/\/www.hoymercedes.com.ar\/principal\/wp-json\/wp\/v2\/comments?post=104722"}],"version-history":[{"count":0,"href":"https:\/\/www.hoymercedes.com.ar\/principal\/wp-json\/wp\/v2\/posts\/104722\/revisions"}],"wp:featuredmedia":[{"embeddable":true,"href":"https:\/\/www.hoymercedes.com.ar\/principal\/wp-json\/wp\/v2\/media\/104723"}],"wp:attachment":[{"href":"https:\/\/www.hoymercedes.com.ar\/principal\/wp-json\/wp\/v2\/media?parent=104722"}],"wp:term":[{"taxonomy":"category","embeddable":true,"href":"https:\/\/www.hoymercedes.com.ar\/principal\/wp-json\/wp\/v2\/categories?post=104722"},{"taxonomy":"post_tag","embeddable":true,"href":"https:\/\/www.hoymercedes.com.ar\/principal\/wp-json\/wp\/v2\/tags?post=104722"}],"curies":[{"name":"wp","href":"https:\/\/api.w.org\/{rel}","templated":true}]}}