{"id":10476,"date":"2012-01-20T10:34:10","date_gmt":"2012-01-20T10:34:10","guid":{"rendered":"http:\/\/www.hoymercedes.com.ar\/principal\/?p=10476"},"modified":"2012-01-20T15:08:11","modified_gmt":"2012-01-20T15:08:11","slug":"en-el-consejo-deliberante-hubo-mas-de-10-propuestas-opositores","status":"publish","type":"post","link":"https:\/\/www.hoymercedes.com.ar\/principal\/2012\/01\/20\/en-el-consejo-deliberante-hubo-mas-de-10-propuestas-opositores\/","title":{"rendered":"En el Concejo Deliberante hubo m\u00e1s de 10 propuestas de opositores los \u00faltimos d\u00edas"},"content":{"rendered":"<p>Pertenecen a Uni\u00f3n Pro , la Coalici\u00f3n C\u00edvica-ARI y al GEN-FAP abarcando una variada gama de temas de inter\u00e9s. Aun no se conoce cuando podr\u00eda ser convocado el Cuerpo a Sesi\u00f3n Extraordinaria<\/p>\n<p>A pesar del receso impuesto a las actividad es delos Concejos Deliberante en virtud de lo establecido en la Ley Org\u00e1nica de las Municipalidad, una significativa cantidad d ediles contin\u00faa concurriendo a diario por lo cual\u00f1 se han analizado en los diferentes bloques una serie de temas que terminaron generando la presentaci\u00f3n de m\u00e1s de diez nuevas propuestas que deber\u00edan ser tratadas en el macro de una Sesi\u00f3n Extraordinaria que bien podr\u00eda ser convocada directamente por el Cuerpo Deliberativo con la firma de un tercio de sus integrantes, es decir seis ediles.<\/p>\n<p>De acuerdo a los datos obtenidos en los diferente bloques y en la propia Secretar\u00eda, cinco propuestas son las presentadas por los integrantes de Uni\u00f3n Pro y las mismas tienen que ver con la instalaci\u00f3n de medidores de agua, la imposici\u00f3n del nombre de Mujeres Argentinas al espacio verde de la rotonda de Avenidas 1 y 40 como homenajes a todas aquellas mujeres que trabajaron en diversas \u00e1rea con el bienestar de los ciudadanos. La colocaci\u00f3n de una cobertura especial en el piso del Jard\u00edn Municipal Maternal 1 de calles 6 y 37para protecci\u00f3n de posibles ca\u00eddas de los m\u00e1s chiquitos, el control de plagas en nuestro Partido y la demarcaci\u00f3n del pavimento para el tr\u00e1nsito peatonal en avenidas 17 y 2.<\/p>\n<p>Por su parte desde el Bloque del GEN-FAC ha generado preocupaci\u00f3n la falta de respuesta de parte de la Comisi\u00f3n Nacional de Comunicaciones con relaci\u00f3n a la medici\u00f3n en nuestro partido de los alcances de las ondas generadas por las antenas de telefon\u00eda m\u00f3vil, lo que ocurre en el \u00e1mbito del Hospital Blas L Dubarry debido a la carencia de un equipo generador que pueda suplir la falta de energ\u00eda el\u00e9ctrica debido a los cortes que lamentablemente desde el mes de diciembre se vienen sufriendo en diferentes sectores de la ciudad lo cual obliga a tener que solicitar la colaboraci\u00f3n del Cuerpo de Bomberos Voluntarios<\/p>\n<p>Por su parte desde la Coalici\u00f3n C\u00edvica se present\u00f3 una propuesta relacionada con una serie de trabajos que la comuna deber\u00eda realizar para evitar cuando llueve el anegamiento de la calle 11 entre las v\u00edas del ex Ferrocarril Sarmiento y la calle 10 que afecta a los vecinos que residen en dicho lugar y a quienes circulan ocasionalmente por dicho sector.<\/p>\n<p>Tambi\u00e9n se pide que se analice la posibilidad en virtud a la pr\u00f3xima realizaci\u00f3n de los Corsos en nuestra ciudad de entregar entradas libres para ocupar una platea a lo largo de la 29 a aquellos contribuyentes que se encuentren al d\u00eda en el pago de sus tasas como premio al esfuerzo que realizan y a la vez como un est\u00edmulo hacia los mismos.<\/p>\n<p>Por otra parte dicho bloque tambi\u00e9n pretende que desde el Departamento Ejecutivo se vuelva a solicitar a las autoridad es de la provincia de Buenos Aires una urgente intervenci\u00f3n de equipos especializados para solucionar el deficiente estado que presenta la Ruta Provincial 41 teniendo en cuenta en gran protagonismo que la misma adquiere en la \u00e9poca de vacaciones para quienes deciden viajar a la costa atl\u00e1ntica.<\/p>\n<p>&nbsp;<\/p>\n<p>&nbsp;<\/p>\n","protected":false},"excerpt":{"rendered":"<p>Pertenecen a Uni\u00f3n Pro , la Coalici\u00f3n C\u00edvica-ARI y al GEN-FAP abarcando una variada gama de temas de inter\u00e9s. Aun &#8230; <a title=\"En el Concejo Deliberante hubo m\u00e1s de 10 propuestas de opositores los \u00faltimos d\u00edas\" class=\"read-more\" href=\"https:\/\/www.hoymercedes.com.ar\/principal\/2012\/01\/20\/en-el-consejo-deliberante-hubo-mas-de-10-propuestas-opositores\/\" aria-label=\"Leer m\u00e1s sobre En el Concejo Deliberante hubo m\u00e1s de 10 propuestas de opositores los \u00faltimos d\u00edas\">Leer m\u00e1s<\/a><\/p>\n","protected":false},"author":1,"featured_media":0,"comment_status":"open","ping_status":"open","sticky":false,"template":"","format":"standard","meta":{"_monsterinsights_skip_tracking":false,"_monsterinsights_sitenote_active":false,"_monsterinsights_sitenote_note":"","_monsterinsights_sitenote_category":0,"jetpack_post_was_ever_published":false,"_jetpack_newsletter_access":"","_jetpack_dont_email_post_to_subs":false,"_jetpack_newsletter_tier_id":0,"_jetpack_memberships_contains_paywalled_content":false,"_jetpack_memberships_contains_paid_content":false,"footnotes":"","jetpack_publicize_message":"","jetpack_publicize_feature_enabled":true,"jetpack_social_post_already_shared":false,"jetpack_social_options":{"image_generator_settings":{"template":"highway","default_image_id":0,"font":"","enabled":false},"version":2},"_wpas_customize_per_network":false},"categories":[5],"tags":[45],"class_list":["post-10476","post","type-post","status-publish","format-standard","hentry","category-politica","tag-concejo-deliberante-mercedes","generate-columns","tablet-grid-50","mobile-grid-100","grid-parent","grid-50"],"jetpack_publicize_connections":[],"jetpack_featured_media_url":"","wps_subtitle":"","jetpack_sharing_enabled":true,"_links":{"self":[{"href":"https:\/\/www.hoymercedes.com.ar\/principal\/wp-json\/wp\/v2\/posts\/10476","targetHints":{"allow":["GET"]}}],"collection":[{"href":"https:\/\/www.hoymercedes.com.ar\/principal\/wp-json\/wp\/v2\/posts"}],"about":[{"href":"https:\/\/www.hoymercedes.com.ar\/principal\/wp-json\/wp\/v2\/types\/post"}],"author":[{"embeddable":true,"href":"https:\/\/www.hoymercedes.com.ar\/principal\/wp-json\/wp\/v2\/users\/1"}],"replies":[{"embeddable":true,"href":"https:\/\/www.hoymercedes.com.ar\/principal\/wp-json\/wp\/v2\/comments?post=10476"}],"version-history":[{"count":0,"href":"https:\/\/www.hoymercedes.com.ar\/principal\/wp-json\/wp\/v2\/posts\/10476\/revisions"}],"wp:attachment":[{"href":"https:\/\/www.hoymercedes.com.ar\/principal\/wp-json\/wp\/v2\/media?parent=10476"}],"wp:term":[{"taxonomy":"category","embeddable":true,"href":"https:\/\/www.hoymercedes.com.ar\/principal\/wp-json\/wp\/v2\/categories?post=10476"},{"taxonomy":"post_tag","embeddable":true,"href":"https:\/\/www.hoymercedes.com.ar\/principal\/wp-json\/wp\/v2\/tags?post=10476"}],"curies":[{"name":"wp","href":"https:\/\/api.w.org\/{rel}","templated":true}]}}