{"id":104773,"date":"2020-01-05T13:00:00","date_gmt":"2020-01-05T16:00:00","guid":{"rendered":"http:\/\/www.hoymercedes.com.ar\/principal\/?p=104773"},"modified":"2020-01-06T00:53:59","modified_gmt":"2020-01-06T03:53:59","slug":"comitiva-local-recorrio-empresa-alemana-que-se-instalaria-en-mercedes","status":"publish","type":"post","link":"https:\/\/www.hoymercedes.com.ar\/principal\/2020\/01\/05\/comitiva-local-recorrio-empresa-alemana-que-se-instalaria-en-mercedes\/","title":{"rendered":"Comitiva  local recorri\u00f3 empresa alemana que se instalar\u00eda en Mercedes"},"content":{"rendered":"\n<p>La empresa Zschimmer &amp; Schwarz, tiene intenciones de radicarse en Mercedes con una de sus unidades de negocios, la firma Agro Energie. Esto permiti\u00f3 que una delegaci\u00f3n mercedina de funcionarios, vecinos y sectores pol\u00edticos de la ciudad visitara la planta que la empresa tiene en Pilar. <\/p>\n\n\n\n<figure class=\"wp-block-image size-large\"><img loading=\"lazy\" decoding=\"async\" width=\"800\" height=\"600\" data-attachment-id=\"104775\" data-permalink=\"https:\/\/www.hoymercedes.com.ar\/principal\/2020\/01\/05\/comitiva-local-recorrio-empresa-alemana-que-se-instalaria-en-mercedes\/img-20200104-wa0013-800x600\/#main\" data-orig-file=\"https:\/\/www.hoymercedes.com.ar\/principal\/wp-content\/uploads\/2020\/01\/IMG-20200104-WA0013-800x600-1.jpg\" data-orig-size=\"800,600\" data-comments-opened=\"0\" data-image-meta=\"{&quot;aperture&quot;:&quot;0&quot;,&quot;credit&quot;:&quot;&quot;,&quot;camera&quot;:&quot;&quot;,&quot;caption&quot;:&quot;&quot;,&quot;created_timestamp&quot;:&quot;0&quot;,&quot;copyright&quot;:&quot;&quot;,&quot;focal_length&quot;:&quot;0&quot;,&quot;iso&quot;:&quot;0&quot;,&quot;shutter_speed&quot;:&quot;0&quot;,&quot;title&quot;:&quot;&quot;,&quot;orientation&quot;:&quot;0&quot;}\" data-image-title=\"IMG-20200104-WA0013-800&amp;#215;600\" data-image-description=\"\" data-image-caption=\"\" data-large-file=\"https:\/\/www.hoymercedes.com.ar\/principal\/wp-content\/uploads\/2020\/01\/IMG-20200104-WA0013-800x600-1.jpg\" src=\"https:\/\/www.hoymercedes.com.ar\/principal\/wp-content\/uploads\/2020\/01\/IMG-20200104-WA0013-800x600-1.jpg\" alt=\"\" class=\"wp-image-104775\"\/><\/figure>\n\n\n\n<p>Fueron recibidos por el gerente de planta Pilar, Lucas Arias; la directora titular de Zschimmer &amp; Schwarz Argentina, Edith Rinaldi; y el vicepresidente manager Ejecutivo en Latinoam\u00e9rica y presidente de Agro Enegie, Rodolfo Mangue. <\/p>\n\n\n\n<p>Ante la comitiva mercedina, los representantes de la empresa explicaron c\u00f3mo funciona la f\u00e1brica y los inconvenientes que est\u00e1n teniendo por lo cu\u00e1l necesita expandirse y pensaron en Mercedes. Es as\u00ed que contaron que la empresa naci\u00f3 en Alemania hace 125 a\u00f1os y tiene presencia en Argentina desde hace 40. \u00abZschimmer &amp; Schwarz produce insumos qu\u00edmicos para varias empresas l\u00edderes , que bajo el lema &#8216;Qu\u00edmica a su medida&#8217;, resuelven las m\u00e1s variadas necesidades de casi toda la variedad de la cosm\u00e9tica, la mec\u00e1nica, la energ\u00eda, la agricultura y la industria en general. Pero tiene un problema estructural: y es que el parque industrial de Pilar, donde est\u00e1n hace 10 a\u00f1os, ya les qued\u00f3 chico\u00bb, explicaron. <\/p>\n\n\n\n<p>As\u00ed, en un plan de expansi\u00f3n casi de urgencia, la empresa de origen alem\u00e1n que anunciara el intendente Juan Ignacio Ustarroz, en su discurso de asunci\u00f3n por un nuevo mandato en la segunda semana de este mes, manifest\u00f3 la necesidad de contar con un predio de 10 hect\u00e1reas para construir y poner en marcha sus laboratorios, naves de producci\u00f3n y de almacenamiento, en un proyecto a 30 a\u00f1os, en el que aspira a satisfacer una creciente demanda que tambi\u00e9n est\u00e1 en posibilidades de crecimiento.<\/p>\n\n\n\n<p>Luego, respondieron a los interrogantes planteados por la comitiva mercedina sobre c\u00f3mo se hace y a qu\u00e9 efectos genera lo que hacen. Sobre todo relacionado con los residuos industriales, efluentes, e impacto ambiental que deber\u00e1 ser certificado bajo Normas ISO 14.000. <\/p>\n\n\n\n<p>\u201cQueremos ser vecinos de ustedes\u2026 queremos ser parte de la vecindad de Mercedes\u201d, expres\u00f3 Rodolfo Mange, quien con la doble nacionalidad es el hombre que interpreta a fondo el concepto alem\u00e1n de aplicaci\u00f3n de las tecnolog\u00edas para mejorar la calidad de vida de las personas. En el desaf\u00edo que se busca trabajar desde las escuelas (principalmente las T\u00e9cnicas por su mayor carga horaria), acerca de dar batalla para que la qu\u00edmica no sea una mala palabra, Mange cerr\u00f3 la precisa explicaci\u00f3n de Arias sosteniendo que en Zschimmer &amp; Schwarz y para el proyecto mercedino Agro Energie \u201cLa previsibilidad es lo m\u00e1ximo que podemos dar\u201d.<\/p>\n\n\n\n<p>Entre las preguntas realizadas por los presentes se plante\u00f3 temas referidos a valores m\u00e1ximos de presi\u00f3n en los reactores, separaci\u00f3n de l\u00edquidos alcalinos y l\u00edquidos \u00e1cidos, manipulaci\u00f3n de polvos y tolerancias de fricci\u00f3n, control de agitadores, encapsulamiento de reactores, proceso de polimerizaci\u00f3n (aumento de un mon\u00f3mero, es decir una mol\u00e9cula simple) para formar otras mol\u00e9culas de peso doble, triple, variaci\u00f3n de viscosidades, efectos de la variaci\u00f3n de densidades, medici\u00f3n de part\u00edculas en el aire, detalle de incorporaci\u00f3n de \u00e1cidos fosf\u00f3nicos, producci\u00f3n de estabilizadores coayudantes o potenciadores fitosanitarios. <\/p>\n\n\n\n<p>De la visita a la empresa participaron el presidente del HCD Mat\u00edas Dematei, las concejales Mariana San Mart\u00edn (FdT) y Sabrina Vi\u00f1ales (Partido FE); el Subsecretario de Econom\u00eda en representaci\u00f3n del Departamento Ejecutivo, David Valerga; representantes la Asociaci\u00f3n Mercedina por la Agroecolog\u00eda (AMA), entre ellos Jean Paul Cazal\u00e9; el coordinador de la C\u00e1mara Econ\u00f3mica Mercedina, Ariel Pietrucha, y Cristina Gottifredi en representaci\u00f3n del bloque de Concejales de Juntos por el Cambio Mercedes. <\/p>\n\n\n\n<p>En el mundo, la empresa produce unas 20 mil toneladas por mes de insumos necesarios en varios tipos de industrias que van desde la cosmetolog\u00eda hasta la energ\u00eda, pasando por la fase primaria de la alimentaci\u00f3n en asistencia a la agricultura. Con un crecimiento de un 7% en el \u00faltimo per\u00edodo, en su ya limitada planta en el parque industrial de Pilar recibieron a referentes ambientalistas, representantes legislativos, del Ejecutivo, del \u00e1mbito empresarial y periodistas, quienes evacuaron dudas sobre el control de los procesos, el tratamiento responsable de residuos y la prevenci\u00f3n.<\/p>\n\n\n\n<p>Colaboraci\u00f3n Diario El Oeste. <\/p>\n","protected":false},"excerpt":{"rendered":"<p>La empresa Zschimmer &amp; Schwarz, tiene intenciones de radicarse en Mercedes con una de sus unidades de negocios, la firma &#8230; <a title=\"Comitiva  local recorri\u00f3 empresa alemana que se instalar\u00eda en Mercedes\" class=\"read-more\" href=\"https:\/\/www.hoymercedes.com.ar\/principal\/2020\/01\/05\/comitiva-local-recorrio-empresa-alemana-que-se-instalaria-en-mercedes\/\" aria-label=\"Leer m\u00e1s sobre Comitiva  local recorri\u00f3 empresa alemana que se instalar\u00eda en Mercedes\">Leer m\u00e1s<\/a><\/p>\n","protected":false},"author":1,"featured_media":104776,"comment_status":"closed","ping_status":"open","sticky":false,"template":"","format":"standard","meta":{"_monsterinsights_skip_tracking":false,"_monsterinsights_sitenote_active":false,"_monsterinsights_sitenote_note":"","_monsterinsights_sitenote_category":0,"jetpack_post_was_ever_published":false,"_jetpack_newsletter_access":"","_jetpack_dont_email_post_to_subs":false,"_jetpack_newsletter_tier_id":0,"_jetpack_memberships_contains_paywalled_content":false,"_jetpack_memberships_contains_paid_content":false,"footnotes":"","jetpack_publicize_message":"","jetpack_publicize_feature_enabled":true,"jetpack_social_post_already_shared":true,"jetpack_social_options":{"image_generator_settings":{"template":"highway","default_image_id":0,"font":"","enabled":false},"version":2},"_wpas_customize_per_network":false},"categories":[8],"tags":[244,8912],"class_list":["post-104773","post","type-post","status-publish","format-standard","has-post-thumbnail","hentry","category-sociedad","tag-municipio-2","tag-produccion","generate-columns","tablet-grid-50","mobile-grid-100","grid-parent","grid-50"],"jetpack_publicize_connections":[],"jetpack_featured_media_url":"https:\/\/www.hoymercedes.com.ar\/principal\/wp-content\/uploads\/2020\/01\/Zschimmer-y-Schwarz-01-800x731-1.jpeg","wps_subtitle":"Visita a la empresa","jetpack_sharing_enabled":true,"_links":{"self":[{"href":"https:\/\/www.hoymercedes.com.ar\/principal\/wp-json\/wp\/v2\/posts\/104773","targetHints":{"allow":["GET"]}}],"collection":[{"href":"https:\/\/www.hoymercedes.com.ar\/principal\/wp-json\/wp\/v2\/posts"}],"about":[{"href":"https:\/\/www.hoymercedes.com.ar\/principal\/wp-json\/wp\/v2\/types\/post"}],"author":[{"embeddable":true,"href":"https:\/\/www.hoymercedes.com.ar\/principal\/wp-json\/wp\/v2\/users\/1"}],"replies":[{"embeddable":true,"href":"https:\/\/www.hoymercedes.com.ar\/principal\/wp-json\/wp\/v2\/comments?post=104773"}],"version-history":[{"count":0,"href":"https:\/\/www.hoymercedes.com.ar\/principal\/wp-json\/wp\/v2\/posts\/104773\/revisions"}],"wp:featuredmedia":[{"embeddable":true,"href":"https:\/\/www.hoymercedes.com.ar\/principal\/wp-json\/wp\/v2\/media\/104776"}],"wp:attachment":[{"href":"https:\/\/www.hoymercedes.com.ar\/principal\/wp-json\/wp\/v2\/media?parent=104773"}],"wp:term":[{"taxonomy":"category","embeddable":true,"href":"https:\/\/www.hoymercedes.com.ar\/principal\/wp-json\/wp\/v2\/categories?post=104773"},{"taxonomy":"post_tag","embeddable":true,"href":"https:\/\/www.hoymercedes.com.ar\/principal\/wp-json\/wp\/v2\/tags?post=104773"}],"curies":[{"name":"wp","href":"https:\/\/api.w.org\/{rel}","templated":true}]}}