{"id":104805,"date":"2020-01-06T16:27:14","date_gmt":"2020-01-06T19:27:14","guid":{"rendered":"http:\/\/www.hoymercedes.com.ar\/principal\/?p=104805"},"modified":"2020-01-06T16:27:18","modified_gmt":"2020-01-06T19:27:18","slug":"con-nuevo-vestuario-porticos-y-plaza-abrio-temporada-de-pileta-del-unzue","status":"publish","type":"post","link":"https:\/\/www.hoymercedes.com.ar\/principal\/2020\/01\/06\/con-nuevo-vestuario-porticos-y-plaza-abrio-temporada-de-pileta-del-unzue\/","title":{"rendered":"Con nuevo vestuario, p\u00f3rticos y plaza abri\u00f3 temporada de pileta del Unzu\u00e9"},"content":{"rendered":"\n<figure class=\"wp-block-image size-large\"><img loading=\"lazy\" decoding=\"async\" width=\"1280\" height=\"960\" data-attachment-id=\"104806\" data-permalink=\"https:\/\/www.hoymercedes.com.ar\/principal\/2020\/01\/06\/con-nuevo-vestuario-porticos-y-plaza-abrio-temporada-de-pileta-del-unzue\/2-22\/#main\" data-orig-file=\"https:\/\/www.hoymercedes.com.ar\/principal\/wp-content\/uploads\/2020\/01\/2.jpeg\" data-orig-size=\"1280,960\" data-comments-opened=\"0\" data-image-meta=\"{&quot;aperture&quot;:&quot;0&quot;,&quot;credit&quot;:&quot;&quot;,&quot;camera&quot;:&quot;&quot;,&quot;caption&quot;:&quot;&quot;,&quot;created_timestamp&quot;:&quot;0&quot;,&quot;copyright&quot;:&quot;&quot;,&quot;focal_length&quot;:&quot;0&quot;,&quot;iso&quot;:&quot;0&quot;,&quot;shutter_speed&quot;:&quot;0&quot;,&quot;title&quot;:&quot;&quot;,&quot;orientation&quot;:&quot;0&quot;}\" data-image-title=\"2\" data-image-description=\"\" data-image-caption=\"\" data-large-file=\"https:\/\/www.hoymercedes.com.ar\/principal\/wp-content\/uploads\/2020\/01\/2.jpeg\" src=\"https:\/\/www.hoymercedes.com.ar\/principal\/wp-content\/uploads\/2020\/01\/2.jpeg\" alt=\"\" class=\"wp-image-104806\"\/><\/figure>\n\n\n\n<p>Con nuevos espacios construidos el intendente Juan Ignacio Ustarroz dej\u00f3  inaugurada una nueva temporada de verano en el ex Instituto Unzu\u00e9. Esta  pileta que fue recuperada y reparada luego de una gran inversi\u00f3n  municipal, brindar\u00e1 por tercer a\u00f1o consecutivo,  un lugar para que las familias de Mercedes puedan disfrutar y  encontrarse en esta temporada estival. \u201cEstamos muy orgullosos, felices y  contentos por la gran labor que se ha realizado, donde vemos el trabajo  y el progreso\u201d destac\u00f3 el intendente Ustarroz <\/p>\n\n\n\n<figure class=\"wp-block-image size-large\"><img loading=\"lazy\" decoding=\"async\" width=\"1280\" height=\"960\" data-attachment-id=\"104807\" data-permalink=\"https:\/\/www.hoymercedes.com.ar\/principal\/2020\/01\/06\/con-nuevo-vestuario-porticos-y-plaza-abrio-temporada-de-pileta-del-unzue\/5-13\/#main\" data-orig-file=\"https:\/\/www.hoymercedes.com.ar\/principal\/wp-content\/uploads\/2020\/01\/5.jpeg\" data-orig-size=\"1280,960\" data-comments-opened=\"0\" data-image-meta=\"{&quot;aperture&quot;:&quot;0&quot;,&quot;credit&quot;:&quot;&quot;,&quot;camera&quot;:&quot;&quot;,&quot;caption&quot;:&quot;&quot;,&quot;created_timestamp&quot;:&quot;0&quot;,&quot;copyright&quot;:&quot;&quot;,&quot;focal_length&quot;:&quot;0&quot;,&quot;iso&quot;:&quot;0&quot;,&quot;shutter_speed&quot;:&quot;0&quot;,&quot;title&quot;:&quot;&quot;,&quot;orientation&quot;:&quot;0&quot;}\" data-image-title=\"5\" data-image-description=\"\" data-image-caption=\"\" data-large-file=\"https:\/\/www.hoymercedes.com.ar\/principal\/wp-content\/uploads\/2020\/01\/5.jpeg\" src=\"https:\/\/www.hoymercedes.com.ar\/principal\/wp-content\/uploads\/2020\/01\/5.jpeg\" alt=\"\" class=\"wp-image-104807\"\/><figcaption>La pilera recuperada<\/figcaption><\/figure>\n\n\n\n<p>\n<strong>Espacios<\/strong><\/p>\n\n\n\n<p> Durante la recorrida pudieron verse, por un lado, un nuevo espacio de  juegos para los m\u00e1s chicos, construido con las mismas consignas que el  emplazado en el Complejo Cultural La Trocha. Por otro, las instalaciones  en inmediaciones de la pileta ahora contar\u00e1n  con vestuarios nuevos que brindar\u00e1n a\u00fan m\u00e1s comodidad a las familias  que concurran al lugar. <\/p>\n\n\n\n<p>\nEn este sentido, el Dr. Ustarroz subray\u00f3 los avances y las obras que \nllevadas adelante en el predio \u201ctodo lo que se fue incorporando habla a \nlas clara que hay un gran equipo de gente que trabaja con el coraz\u00f3n y \ncolectivamente, donde los principales beneficiarios\n ser\u00e1n los ni\u00f1os y las familias\u201d y a\u00f1adi\u00f3 \u201ctenemos una pileta \nextraordinaria que a partir de hoy estar\u00e1 a disposici\u00f3n de todos los \nvecinos\u201d.\n<\/p>\n\n\n\n<p>\nA su vez, recalc\u00f3 \u201cel trabajo mancomunado entre todas las \u00e1reas del \nMunicipio, poniendo cada qui\u00e9n su granito de arena para que a\u00f1o tras a\u00f1o\n los ni\u00f1os y las familias sean mejor recibidas en las instituciones \np\u00fablicas\u201d y expres\u00f3 sus felicitaciones \u201ca los trabajadores\n y trabajadoras porque esto ha quedado excelentemente bien\u201d.&nbsp; \n<\/p>\n\n\n\n<figure class=\"wp-block-image size-large\"><img loading=\"lazy\" decoding=\"async\" width=\"1280\" height=\"960\" data-attachment-id=\"104808\" data-permalink=\"https:\/\/www.hoymercedes.com.ar\/principal\/2020\/01\/06\/con-nuevo-vestuario-porticos-y-plaza-abrio-temporada-de-pileta-del-unzue\/4-21\/#main\" data-orig-file=\"https:\/\/www.hoymercedes.com.ar\/principal\/wp-content\/uploads\/2020\/01\/4.jpeg\" data-orig-size=\"1280,960\" data-comments-opened=\"0\" data-image-meta=\"{&quot;aperture&quot;:&quot;0&quot;,&quot;credit&quot;:&quot;&quot;,&quot;camera&quot;:&quot;&quot;,&quot;caption&quot;:&quot;&quot;,&quot;created_timestamp&quot;:&quot;0&quot;,&quot;copyright&quot;:&quot;&quot;,&quot;focal_length&quot;:&quot;0&quot;,&quot;iso&quot;:&quot;0&quot;,&quot;shutter_speed&quot;:&quot;0&quot;,&quot;title&quot;:&quot;&quot;,&quot;orientation&quot;:&quot;0&quot;}\" data-image-title=\"4\" data-image-description=\"\" data-image-caption=\"\" data-large-file=\"https:\/\/www.hoymercedes.com.ar\/principal\/wp-content\/uploads\/2020\/01\/4.jpeg\" src=\"https:\/\/www.hoymercedes.com.ar\/principal\/wp-content\/uploads\/2020\/01\/4.jpeg\" alt=\"\" class=\"wp-image-104808\"\/><figcaption>Algunos de los trabajadores de las nuevas instalaciones <\/figcaption><\/figure>\n\n\n\n<p>\nJorgelina Silva, secretaria de desarrollo social manifest\u00f3 \u201cestamos muy \ncontentos, una vez m\u00e1s, con la apertura de la pileta del Unzu\u00e9. Misma \nque ser\u00e1 para toda la familia, donde a partir de las 14:00 horas podr\u00e1n \nvenir todos los que quieran a pasar el d\u00eda\n y disfrutar junto a los suyos\u201d y agreg\u00f3 \u201ccon algunas mejoras \nsignificativas, como lo son los ba\u00f1os nuevos, realizados por los \ntrabajadores municipales y cooperativistas\u201d.\n<\/p>\n\n\n\n<figure class=\"wp-block-image size-large\"><img loading=\"lazy\" decoding=\"async\" width=\"1280\" height=\"960\" data-attachment-id=\"104809\" data-permalink=\"https:\/\/www.hoymercedes.com.ar\/principal\/2020\/01\/06\/con-nuevo-vestuario-porticos-y-plaza-abrio-temporada-de-pileta-del-unzue\/7-16\/#main\" data-orig-file=\"https:\/\/www.hoymercedes.com.ar\/principal\/wp-content\/uploads\/2020\/01\/7.jpeg\" data-orig-size=\"1280,960\" data-comments-opened=\"0\" data-image-meta=\"{&quot;aperture&quot;:&quot;0&quot;,&quot;credit&quot;:&quot;&quot;,&quot;camera&quot;:&quot;&quot;,&quot;caption&quot;:&quot;&quot;,&quot;created_timestamp&quot;:&quot;0&quot;,&quot;copyright&quot;:&quot;&quot;,&quot;focal_length&quot;:&quot;0&quot;,&quot;iso&quot;:&quot;0&quot;,&quot;shutter_speed&quot;:&quot;0&quot;,&quot;title&quot;:&quot;&quot;,&quot;orientation&quot;:&quot;0&quot;}\" data-image-title=\"7\" data-image-description=\"\" data-image-caption=\"\" data-large-file=\"https:\/\/www.hoymercedes.com.ar\/principal\/wp-content\/uploads\/2020\/01\/7.jpeg\" src=\"https:\/\/www.hoymercedes.com.ar\/principal\/wp-content\/uploads\/2020\/01\/7.jpeg\" alt=\"\" class=\"wp-image-104809\"\/><figcaption>Nuevos juegos <\/figcaption><\/figure>\n\n\n\n<p>\nAdem\u00e1s, se\u00f1al\u00f3 \u201csobre el nuevo p\u00f3rtico de acceso de calle 26\/47 y 49 \n\u2013tambi\u00e9n realizado para esta nueva temporada- se har\u00e1n las revisaciones \nm\u00e9dicas con una enfermera de la secretar\u00eda de salud \u201c.\n&nbsp;<\/p>\n\n\n\n<p> Durante este verano las actividades comienzan a partir de las 14:00  hasta las 19:00 horas, de lunes a domingo, exceptuando los jueves que se  utiliza para la limpieza del natatorio. Es gratuito y para toda la  familia. Los ni\u00f1os y ni\u00f1as menores de 12 a\u00f1os deber\u00e1n  ir acompa\u00f1ados por un adulto, sin excepci\u00f3n.<\/p>\n\n\n\n<figure class=\"wp-block-image size-large\"><img loading=\"lazy\" decoding=\"async\" width=\"1280\" height=\"960\" data-attachment-id=\"104810\" data-permalink=\"https:\/\/www.hoymercedes.com.ar\/principal\/2020\/01\/06\/con-nuevo-vestuario-porticos-y-plaza-abrio-temporada-de-pileta-del-unzue\/8-8\/#main\" data-orig-file=\"https:\/\/www.hoymercedes.com.ar\/principal\/wp-content\/uploads\/2020\/01\/8.jpeg\" data-orig-size=\"1280,960\" data-comments-opened=\"0\" data-image-meta=\"{&quot;aperture&quot;:&quot;0&quot;,&quot;credit&quot;:&quot;&quot;,&quot;camera&quot;:&quot;&quot;,&quot;caption&quot;:&quot;&quot;,&quot;created_timestamp&quot;:&quot;0&quot;,&quot;copyright&quot;:&quot;&quot;,&quot;focal_length&quot;:&quot;0&quot;,&quot;iso&quot;:&quot;0&quot;,&quot;shutter_speed&quot;:&quot;0&quot;,&quot;title&quot;:&quot;&quot;,&quot;orientation&quot;:&quot;0&quot;}\" data-image-title=\"8\" data-image-description=\"\" data-image-caption=\"\" data-large-file=\"https:\/\/www.hoymercedes.com.ar\/principal\/wp-content\/uploads\/2020\/01\/8.jpeg\" src=\"https:\/\/www.hoymercedes.com.ar\/principal\/wp-content\/uploads\/2020\/01\/8.jpeg\" alt=\"\" class=\"wp-image-104810\"\/><figcaption>Mangrullo realizado con materiales reciclados<\/figcaption><\/figure>\n\n\n\n<p>Info: Municipio<\/p>\n","protected":false},"excerpt":{"rendered":"<p>Con nuevos espacios construidos el intendente Juan Ignacio Ustarroz dej\u00f3 inaugurada una nueva temporada de verano en el ex Instituto &#8230; <a title=\"Con nuevo vestuario, p\u00f3rticos y plaza abri\u00f3 temporada de pileta del Unzu\u00e9\" class=\"read-more\" href=\"https:\/\/www.hoymercedes.com.ar\/principal\/2020\/01\/06\/con-nuevo-vestuario-porticos-y-plaza-abrio-temporada-de-pileta-del-unzue\/\" aria-label=\"Leer m\u00e1s sobre Con nuevo vestuario, p\u00f3rticos y plaza abri\u00f3 temporada de pileta del Unzu\u00e9\">Leer m\u00e1s<\/a><\/p>\n","protected":false},"author":1,"featured_media":104807,"comment_status":"closed","ping_status":"open","sticky":false,"template":"","format":"standard","meta":{"_monsterinsights_skip_tracking":false,"_monsterinsights_sitenote_active":false,"_monsterinsights_sitenote_note":"","_monsterinsights_sitenote_category":0,"jetpack_post_was_ever_published":false,"_jetpack_newsletter_access":"","_jetpack_dont_email_post_to_subs":false,"_jetpack_newsletter_tier_id":0,"_jetpack_memberships_contains_paywalled_content":false,"_jetpack_memberships_contains_paid_content":false,"footnotes":"","jetpack_publicize_message":"","jetpack_publicize_feature_enabled":true,"jetpack_social_post_already_shared":true,"jetpack_social_options":{"image_generator_settings":{"template":"highway","default_image_id":0,"font":"","enabled":false},"version":2},"_wpas_customize_per_network":false},"categories":[30],"tags":[870,424],"class_list":["post-104805","post","type-post","status-publish","format-standard","has-post-thumbnail","hentry","category-municipio","tag-desarrollo-social","tag-ustarroz","generate-columns","tablet-grid-50","mobile-grid-100","grid-parent","grid-50"],"jetpack_publicize_connections":[],"jetpack_featured_media_url":"https:\/\/www.hoymercedes.com.ar\/principal\/wp-content\/uploads\/2020\/01\/5.jpeg","wps_subtitle":"Beneficio social ","jetpack_sharing_enabled":true,"_links":{"self":[{"href":"https:\/\/www.hoymercedes.com.ar\/principal\/wp-json\/wp\/v2\/posts\/104805","targetHints":{"allow":["GET"]}}],"collection":[{"href":"https:\/\/www.hoymercedes.com.ar\/principal\/wp-json\/wp\/v2\/posts"}],"about":[{"href":"https:\/\/www.hoymercedes.com.ar\/principal\/wp-json\/wp\/v2\/types\/post"}],"author":[{"embeddable":true,"href":"https:\/\/www.hoymercedes.com.ar\/principal\/wp-json\/wp\/v2\/users\/1"}],"replies":[{"embeddable":true,"href":"https:\/\/www.hoymercedes.com.ar\/principal\/wp-json\/wp\/v2\/comments?post=104805"}],"version-history":[{"count":0,"href":"https:\/\/www.hoymercedes.com.ar\/principal\/wp-json\/wp\/v2\/posts\/104805\/revisions"}],"wp:featuredmedia":[{"embeddable":true,"href":"https:\/\/www.hoymercedes.com.ar\/principal\/wp-json\/wp\/v2\/media\/104807"}],"wp:attachment":[{"href":"https:\/\/www.hoymercedes.com.ar\/principal\/wp-json\/wp\/v2\/media?parent=104805"}],"wp:term":[{"taxonomy":"category","embeddable":true,"href":"https:\/\/www.hoymercedes.com.ar\/principal\/wp-json\/wp\/v2\/categories?post=104805"},{"taxonomy":"post_tag","embeddable":true,"href":"https:\/\/www.hoymercedes.com.ar\/principal\/wp-json\/wp\/v2\/tags?post=104805"}],"curies":[{"name":"wp","href":"https:\/\/api.w.org\/{rel}","templated":true}]}}